{"id":5597,"date":"2024-11-04T14:06:21","date_gmt":"2024-11-04T13:06:21","guid":{"rendered":"https:\/\/serveiseducatius.xtec.cat\/garrotxa\/?p=5597"},"modified":"2024-11-08T13:23:25","modified_gmt":"2024-11-08T12:23:25","slug":"cicle-de-conferencies-de-la-catedra-dinformacio-i-computacio-la-revolucio-de-les-dades-big-data-ia-i-computacio-quantica","status":"publish","type":"post","link":"https:\/\/serveiseducatius.xtec.cat\/garrotxa\/general\/cicle-de-conferencies-de-la-catedra-dinformacio-i-computacio-la-revolucio-de-les-dades-big-data-ia-i-computacio-quantica\/","title":{"rendered":"Cicle de confer\u00e8ncies de la C\u00e0tedra d&#8217;Informaci\u00f3 i Computaci\u00f3: la Revoluci\u00f3 de les Dades: Big Data, IA i Computaci\u00f3 Qu\u00e0ntica"},"content":{"rendered":"<p style=\"font-weight: 400;\">La C\u00e0tedra d\u2019Informaci\u00f3 i Computaci\u00f3 de la UdG i la Casa de Cultura de Girona organitzen el cicle de confer\u00e8ncies\u00a0<strong>La revoluci\u00f3 de les dades: Big Data, IA i Computaci\u00f3 Qu\u00e0ntica<\/strong>. Les confer\u00e8ncies es fan els\u00a0<strong>dijous del mes de novembre, a les 19:00 hores del vespre, a l\u2019Aula Magna de la Casa de Cultura<\/strong>. En el seg\u00fcent enlla\u00e7 s&#8217;hi pot trobar el resum de cada xerrada:<\/p>\n<p><img loading=\"lazy\" decoding=\"async\" class=\"aligncenter size-large wp-image-5598\" src=\"https:\/\/serveiseducatius.xtec.cat\/garrotxa\/wp-content\/uploads\/usu774\/2024\/11\/big-data-1024x518.jpg\" alt=\"\" width=\"1024\" height=\"518\" srcset=\"https:\/\/serveiseducatius.xtec.cat\/garrotxa\/wp-content\/uploads\/usu774\/2024\/11\/big-data-1024x518.jpg 1024w, https:\/\/serveiseducatius.xtec.cat\/garrotxa\/wp-content\/uploads\/usu774\/2024\/11\/big-data-300x152.jpg 300w, https:\/\/serveiseducatius.xtec.cat\/garrotxa\/wp-content\/uploads\/usu774\/2024\/11\/big-data-768x389.jpg 768w, https:\/\/serveiseducatius.xtec.cat\/garrotxa\/wp-content\/uploads\/usu774\/2024\/11\/big-data.jpg 1492w\" sizes=\"auto, (max-width: 1024px) 100vw, 1024px\" \/><\/p>\n<p style=\"font-weight: 400;\"><a href=\"https:\/\/www.casadecultura.org\/cicles\/842\/la-revolucio-de-les-dades-big-data-ia-i-computacio-quantica\" data-saferedirecturl=\"https:\/\/www.google.com\/url?q=https:\/\/www.casadecultura.org\/cicles\/842\/la-revolucio-de-les-dades-big-data-ia-i-computacio-quantica&amp;source=gmail&amp;ust=1730808416204000&amp;usg=AOvVaw21XF1uTjdavaRl4k4_yeMC\">https:\/\/www.casadecultura.org\/cicles\/842\/la-revolucio-de-les-dades-big-data-ia-i-computacio-quantica<\/a><\/p>\n<p style=\"font-weight: 400;\">Aquest cicle de confer\u00e8ncies s&#8217;endinsa en els aven\u00e7os cient\u00edfics i tecnol\u00f2gics que estan transformant la manera com gestionem i interpretem les dades, i intenta donar resposta a com evoluciona el m\u00f3n de la informaci\u00f3 i quin paper jugaran les dades en la configuraci\u00f3 del nostre futur. Aquestes tecnologies emergents permeten extreure coneixement de les dades i millorar la presa de decisions, redefineixen la nostra societat, augmenten enormement les possibilitats de comunicaci\u00f3 i computaci\u00f3 i obren un munt d&#8217;interrogants a partir del seu potencial revolucionari.<\/p>\n<ul>\n<li style=\"font-weight: 400;\"><strong>7 de novembre de 2024\u00a0<\/strong><\/li>\n<\/ul>\n<p style=\"font-weight: 400;\"><strong>Jordi Levy<\/strong>, investigador de l&#8217;Institut d&#8217;Investigaci\u00f3 en Intel\u00b7lig\u00e8ncia Artificial (IIIA-CSIC)<\/p>\n<p style=\"font-weight: 400;\"><strong>De qu\u00e8 parlem quan parlem d&#8217;Intel\u00b7lig\u00e8ncia Artificial?\u00a0<\/strong><\/p>\n<ul>\n<li style=\"font-weight: 400;\"><strong>14 de novembre de 2024\u00a0<\/strong><\/li>\n<\/ul>\n<p style=\"font-weight: 400;\"><strong>Antonio Ac\u00edn<\/strong>, professor ICREA a l\u2019Institut de Ci\u00e8ncies Fot\u00f2niques (ICFO)<\/p>\n<p style=\"font-weight: 400;\"><strong>Ordinadors i Comunicaci\u00f3 Qu\u00e0ntica: Qu\u00e8 passa quan els bits esdevenen qu\u00e0ntics?<\/strong><\/p>\n<ul>\n<li style=\"font-weight: 400;\"><strong>21 de novembre de 2024\u00a0<\/strong><\/li>\n<\/ul>\n<p style=\"font-weight: 400;\"><strong>David Comas<\/strong>, CEO de Nexus Geographics<\/p>\n<p style=\"font-weight: 400;\"><strong>El Big Data i la Intel\u00b7lig\u00e8ncia Artificial que han canviat la teva ciutat<\/strong><\/p>\n<ul>\n<li style=\"font-weight: 400;\"><strong>28 de novembre de 2024\u00a0<\/strong><\/li>\n<\/ul>\n<p style=\"font-weight: 400;\">Xaqu\u00edn G.V., professor del M\u00e0ster de Ci\u00e8ncia de Dades de la Universitat de Girona<\/p>\n<p style=\"font-weight: 400;\"><strong>L&#8217;art i la ci\u00e8ncia de la Visualitzaci\u00f3 de Dades: Veure les dades per connectar amb el m\u00f3n<\/strong><\/p>\n<p style=\"font-weight: 400; text-align: justify;\">Les activitats de la C\u00e0tedra d\u2019Informaci\u00f3 i Computaci\u00f3 de la UdG compten amb el patrocini de les empreses Nexus Geographics, Accenture, DXC i Eurecat i la col\u00b7laboraci\u00f3 de l&#8217;Escola Polit\u00e8cnica Superior i del seu Patronat.<\/p>\n","protected":false},"excerpt":{"rendered":"<p>La C\u00e0tedra d\u2019Informaci\u00f3 i Computaci\u00f3 de la UdG i la Casa de Cultura de Girona organitzen el cicle de confer\u00e8ncies\u00a0La revoluci\u00f3 de les dades: Big Data, IA i Computaci\u00f3 Qu\u00e0ntica. Les confer\u00e8ncies es fan els\u00a0dijous del mes de novembre, a les 19:00 hores del vespre, a l\u2019Aula Magna de la Casa de Cultura. En el [&hellip;]<\/p>\n","protected":false},"author":1,"featured_media":5598,"comment_status":"closed","ping_status":"closed","sticky":false,"template":"","format":"standard","meta":{"_bbp_topic_count":0,"_bbp_reply_count":0,"_bbp_total_topic_count":0,"_bbp_total_reply_count":0,"_bbp_voice_count":0,"_bbp_anonymous_reply_count":0,"_bbp_topic_count_hidden":0,"_bbp_reply_count_hidden":0,"_bbp_forum_subforum_count":0,"site-sidebar-layout":"default","site-content-layout":"","ast-site-content-layout":"","site-content-style":"default","site-sidebar-style":"default","ast-global-header-display":"","ast-banner-title-visibility":"","ast-main-header-display":"","ast-hfb-above-header-display":"","ast-hfb-below-header-display":"","ast-hfb-mobile-header-display":"","site-post-title":"","ast-breadcrumbs-content":"","ast-featured-img":"","footer-sml-layout":"","theme-transparent-header-meta":"","adv-header-id-meta":"","stick-header-meta":"","header-above-stick-meta":"","header-main-stick-meta":"","header-below-stick-meta":"","astra-migrate-meta-layouts":"default","ast-page-background-enabled":"default","ast-page-background-meta":{"desktop":{"background-color":"var(--ast-global-color-5)","background-image":"","background-repeat":"repeat","background-position":"center center","background-size":"auto","background-attachment":"scroll","background-type":"","background-media":"","overlay-type":"","overlay-color":"","overlay-opacity":"","overlay-gradient":""},"tablet":{"background-color":"","background-image":"","background-repeat":"repeat","background-position":"center center","background-size":"auto","background-attachment":"scroll","background-type":"","background-media":"","overlay-type":"","overlay-color":"","overlay-opacity":"","overlay-gradient":""},"mobile":{"background-color":"","background-image":"","background-repeat":"repeat","background-position":"center center","background-size":"auto","background-attachment":"scroll","background-type":"","background-media":"","overlay-type":"","overlay-color":"","overlay-opacity":"","overlay-gradient":""}},"ast-content-background-meta":{"desktop":{"background-color":"var(--ast-global-color-4)","background-image":"","background-repeat":"repeat","background-position":"center center","background-size":"auto","background-attachment":"scroll","background-type":"","background-media":"","overlay-type":"","overlay-color":"","overlay-opacity":"","overlay-gradient":""},"tablet":{"background-color":"var(--ast-global-color-4)","background-image":"","background-repeat":"repeat","background-position":"center center","background-size":"auto","background-attachment":"scroll","background-type":"","background-media":"","overlay-type":"","overlay-color":"","overlay-opacity":"","overlay-gradient":""},"mobile":{"background-color":"var(--ast-global-color-4)","background-image":"","background-repeat":"repeat","background-position":"center center","background-size":"auto","background-attachment":"scroll","background-type":"","background-media":"","overlay-type":"","overlay-color":"","overlay-opacity":"","overlay-gradient":""}},"footnotes":""},"categories":[1],"tags":[],"class_list":["post-5597","post","type-post","status-publish","format-standard","has-post-thumbnail","hentry","category-general"],"post_mailing_queue_ids":[],"_links":{"self":[{"href":"https:\/\/serveiseducatius.xtec.cat\/garrotxa\/wp-json\/wp\/v2\/posts\/5597","targetHints":{"allow":["GET"]}}],"collection":[{"href":"https:\/\/serveiseducatius.xtec.cat\/garrotxa\/wp-json\/wp\/v2\/posts"}],"about":[{"href":"https:\/\/serveiseducatius.xtec.cat\/garrotxa\/wp-json\/wp\/v2\/types\/post"}],"author":[{"embeddable":true,"href":"https:\/\/serveiseducatius.xtec.cat\/garrotxa\/wp-json\/wp\/v2\/users\/1"}],"replies":[{"embeddable":true,"href":"https:\/\/serveiseducatius.xtec.cat\/garrotxa\/wp-json\/wp\/v2\/comments?post=5597"}],"version-history":[{"count":2,"href":"https:\/\/serveiseducatius.xtec.cat\/garrotxa\/wp-json\/wp\/v2\/posts\/5597\/revisions"}],"predecessor-version":[{"id":5617,"href":"https:\/\/serveiseducatius.xtec.cat\/garrotxa\/wp-json\/wp\/v2\/posts\/5597\/revisions\/5617"}],"wp:featuredmedia":[{"embeddable":true,"href":"https:\/\/serveiseducatius.xtec.cat\/garrotxa\/wp-json\/wp\/v2\/media\/5598"}],"wp:attachment":[{"href":"https:\/\/serveiseducatius.xtec.cat\/garrotxa\/wp-json\/wp\/v2\/media?parent=5597"}],"wp:term":[{"taxonomy":"category","embeddable":true,"href":"https:\/\/serveiseducatius.xtec.cat\/garrotxa\/wp-json\/wp\/v2\/categories?post=5597"},{"taxonomy":"post_tag","embeddable":true,"href":"https:\/\/serveiseducatius.xtec.cat\/garrotxa\/wp-json\/wp\/v2\/tags?post=5597"}],"curies":[{"name":"wp","href":"https:\/\/api.w.org\/{rel}","templated":true}]}}