{"id":5585,"date":"2024-10-25T09:02:10","date_gmt":"2024-10-25T07:02:10","guid":{"rendered":"https:\/\/serveiseducatius.xtec.cat\/garrotxa\/?p=5585"},"modified":"2024-10-25T09:08:10","modified_gmt":"2024-10-25T07:08:10","slug":"curs-doferta-especifica-ditalia-a-leoi-dolot","status":"publish","type":"post","link":"https:\/\/serveiseducatius.xtec.cat\/garrotxa\/general\/curs-doferta-especifica-ditalia-a-leoi-dolot\/","title":{"rendered":"Curs d&#8217;oferta espec\u00edfica d&#8217;itali\u00e0 a l&#8217;EOI d&#8217;Olot"},"content":{"rendered":"<p><span style=\"color: #000000;\">INTRODUCCI\u00d3 A L&#8217;ITALI\u00c0<\/span><\/p>\n<div class=\"gmail_default\" style=\"text-align: justify;\"><span style=\"color: #000000;\">El\u00a0curs\u00a0tindr\u00e0 una durada de\u00a0<b>30 hores<\/b>, del 14 de gener al 29 d&#8217;abril, i el preu\u00a0<b>175 \u20ac<\/b>. Tamb\u00e9 s&#8217;hi podran aplicar els descomptes i gratu\u00eftats corresponents als preus p\u00fablics. Les classes seran\u00a0<b>dimarts de 18.30 a 20.30h<\/b>.<\/span><\/div>\n<p class=\"gmail_default\" style=\"text-align: justify;\"><span style=\"color: #000000;\"><br \/>\n\u00c9s un curs reconegut pel Departament d&#8217;Educaci\u00f3 i Formaci\u00f3 Professional com a activitat de Formaci\u00f3 Permanent del Professorat.\u00a0<\/span><\/p>\n<p><img loading=\"lazy\" decoding=\"async\" class=\"aligncenter size-large wp-image-5586\" src=\"https:\/\/serveiseducatius.xtec.cat\/garrotxa\/wp-content\/uploads\/usu774\/2024\/10\/ITALIA-724x1024.png\" alt=\"\" width=\"724\" height=\"1024\" srcset=\"https:\/\/serveiseducatius.xtec.cat\/garrotxa\/wp-content\/uploads\/usu774\/2024\/10\/ITALIA-724x1024.png 724w, https:\/\/serveiseducatius.xtec.cat\/garrotxa\/wp-content\/uploads\/usu774\/2024\/10\/ITALIA-212x300.png 212w, https:\/\/serveiseducatius.xtec.cat\/garrotxa\/wp-content\/uploads\/usu774\/2024\/10\/ITALIA-768x1086.png 768w, https:\/\/serveiseducatius.xtec.cat\/garrotxa\/wp-content\/uploads\/usu774\/2024\/10\/ITALIA-1086x1536.png 1086w, https:\/\/serveiseducatius.xtec.cat\/garrotxa\/wp-content\/uploads\/usu774\/2024\/10\/ITALIA.png 1414w\" sizes=\"auto, (max-width: 724px) 100vw, 724px\" \/><\/p>\n","protected":false},"excerpt":{"rendered":"<p>INTRODUCCI\u00d3 A L&#8217;ITALI\u00c0 El\u00a0curs\u00a0tindr\u00e0 una durada de\u00a030 hores, del 14 de gener al 29 d&#8217;abril, i el preu\u00a0175 \u20ac. Tamb\u00e9 s&#8217;hi podran aplicar els descomptes i gratu\u00eftats corresponents als preus p\u00fablics. Les classes seran\u00a0dimarts de 18.30 a 20.30h. \u00c9s un curs reconegut pel Departament d&#8217;Educaci\u00f3 i Formaci\u00f3 Professional com a activitat de Formaci\u00f3 Permanent del [&hellip;]<\/p>\n","protected":false},"author":1,"featured_media":5586,"comment_status":"closed","ping_status":"closed","sticky":false,"template":"","format":"standard","meta":{"_bbp_topic_count":0,"_bbp_reply_count":0,"_bbp_total_topic_count":0,"_bbp_total_reply_count":0,"_bbp_voice_count":0,"_bbp_anonymous_reply_count":0,"_bbp_topic_count_hidden":0,"_bbp_reply_count_hidden":0,"_bbp_forum_subforum_count":0,"site-sidebar-layout":"default","site-content-layout":"","ast-site-content-layout":"","site-content-style":"default","site-sidebar-style":"default","ast-global-header-display":"","ast-banner-title-visibility":"","ast-main-header-display":"","ast-hfb-above-header-display":"","ast-hfb-below-header-display":"","ast-hfb-mobile-header-display":"","site-post-title":"","ast-breadcrumbs-content":"","ast-featured-img":"","footer-sml-layout":"","theme-transparent-header-meta":"","adv-header-id-meta":"","stick-header-meta":"","header-above-stick-meta":"","header-main-stick-meta":"","header-below-stick-meta":"","astra-migrate-meta-layouts":"default","ast-page-background-enabled":"default","ast-page-background-meta":{"desktop":{"background-color":"var(--ast-global-color-5)","background-image":"","background-repeat":"repeat","background-position":"center center","background-size":"auto","background-attachment":"scroll","background-type":"","background-media":"","overlay-type":"","overlay-color":"","overlay-opacity":"","overlay-gradient":""},"tablet":{"background-color":"","background-image":"","background-repeat":"repeat","background-position":"center center","background-size":"auto","background-attachment":"scroll","background-type":"","background-media":"","overlay-type":"","overlay-color":"","overlay-opacity":"","overlay-gradient":""},"mobile":{"background-color":"","background-image":"","background-repeat":"repeat","background-position":"center center","background-size":"auto","background-attachment":"scroll","background-type":"","background-media":"","overlay-type":"","overlay-color":"","overlay-opacity":"","overlay-gradient":""}},"ast-content-background-meta":{"desktop":{"background-color":"var(--ast-global-color-4)","background-image":"","background-repeat":"repeat","background-position":"center center","background-size":"auto","background-attachment":"scroll","background-type":"","background-media":"","overlay-type":"","overlay-color":"","overlay-opacity":"","overlay-gradient":""},"tablet":{"background-color":"var(--ast-global-color-4)","background-image":"","background-repeat":"repeat","background-position":"center center","background-size":"auto","background-attachment":"scroll","background-type":"","background-media":"","overlay-type":"","overlay-color":"","overlay-opacity":"","overlay-gradient":""},"mobile":{"background-color":"var(--ast-global-color-4)","background-image":"","background-repeat":"repeat","background-position":"center center","background-size":"auto","background-attachment":"scroll","background-type":"","background-media":"","overlay-type":"","overlay-color":"","overlay-opacity":"","overlay-gradient":""}},"footnotes":""},"categories":[1],"tags":[],"class_list":["post-5585","post","type-post","status-publish","format-standard","has-post-thumbnail","hentry","category-general"],"post_mailing_queue_ids":[],"_links":{"self":[{"href":"https:\/\/serveiseducatius.xtec.cat\/garrotxa\/wp-json\/wp\/v2\/posts\/5585","targetHints":{"allow":["GET"]}}],"collection":[{"href":"https:\/\/serveiseducatius.xtec.cat\/garrotxa\/wp-json\/wp\/v2\/posts"}],"about":[{"href":"https:\/\/serveiseducatius.xtec.cat\/garrotxa\/wp-json\/wp\/v2\/types\/post"}],"author":[{"embeddable":true,"href":"https:\/\/serveiseducatius.xtec.cat\/garrotxa\/wp-json\/wp\/v2\/users\/1"}],"replies":[{"embeddable":true,"href":"https:\/\/serveiseducatius.xtec.cat\/garrotxa\/wp-json\/wp\/v2\/comments?post=5585"}],"version-history":[{"count":3,"href":"https:\/\/serveiseducatius.xtec.cat\/garrotxa\/wp-json\/wp\/v2\/posts\/5585\/revisions"}],"predecessor-version":[{"id":5589,"href":"https:\/\/serveiseducatius.xtec.cat\/garrotxa\/wp-json\/wp\/v2\/posts\/5585\/revisions\/5589"}],"wp:featuredmedia":[{"embeddable":true,"href":"https:\/\/serveiseducatius.xtec.cat\/garrotxa\/wp-json\/wp\/v2\/media\/5586"}],"wp:attachment":[{"href":"https:\/\/serveiseducatius.xtec.cat\/garrotxa\/wp-json\/wp\/v2\/media?parent=5585"}],"wp:term":[{"taxonomy":"category","embeddable":true,"href":"https:\/\/serveiseducatius.xtec.cat\/garrotxa\/wp-json\/wp\/v2\/categories?post=5585"},{"taxonomy":"post_tag","embeddable":true,"href":"https:\/\/serveiseducatius.xtec.cat\/garrotxa\/wp-json\/wp\/v2\/tags?post=5585"}],"curies":[{"name":"wp","href":"https:\/\/api.w.org\/{rel}","templated":true}]}}