{"id":5273,"date":"2024-06-04T12:33:29","date_gmt":"2024-06-04T10:33:29","guid":{"rendered":"https:\/\/serveiseducatius.xtec.cat\/garrotxa\/?p=5273"},"modified":"2024-06-11T12:36:43","modified_gmt":"2024-06-11T10:36:43","slug":"jornada-leducacio-en-el-lleure-a-la-garrotxa-passat-present-i-futur","status":"publish","type":"post","link":"https:\/\/serveiseducatius.xtec.cat\/garrotxa\/general\/jornada-leducacio-en-el-lleure-a-la-garrotxa-passat-present-i-futur\/","title":{"rendered":"Jornada: l&#8217;educaci\u00f3 en el lleure a la Garrotxa. Passat, present i futur."},"content":{"rendered":"<p>La C\u00e0tedra de Renovaci\u00f3 Pedag\u00f2gica Universitat de Girona &#8211; Can Trona acollir\u00e0 la propera i \u00faltima sessi\u00f3 d&#8217;aquest curs de l<b>&#8216;Espai Formatiu per a fam\u00edlies i mestres 2023-2024 <\/b>el proper dissabte a partir de les 09:30h a CAN TRONA, Centre de Cultura i Natura de l&#8217;Ajuntament de La Vall d&#8217;en Bas.<\/p>\n<p><img loading=\"lazy\" decoding=\"async\" class=\"aligncenter size-large wp-image-5274\" src=\"https:\/\/serveiseducatius.xtec.cat\/garrotxa\/wp-content\/uploads\/usu774\/2024\/06\/CARTELL-LLEURE-840x1024.jpg\" alt=\"\" width=\"840\" height=\"1024\" srcset=\"https:\/\/serveiseducatius.xtec.cat\/garrotxa\/wp-content\/uploads\/usu774\/2024\/06\/CARTELL-LLEURE-840x1024.jpg 840w, https:\/\/serveiseducatius.xtec.cat\/garrotxa\/wp-content\/uploads\/usu774\/2024\/06\/CARTELL-LLEURE-246x300.jpg 246w, https:\/\/serveiseducatius.xtec.cat\/garrotxa\/wp-content\/uploads\/usu774\/2024\/06\/CARTELL-LLEURE-768x936.jpg 768w, https:\/\/serveiseducatius.xtec.cat\/garrotxa\/wp-content\/uploads\/usu774\/2024\/06\/CARTELL-LLEURE.jpg 1000w\" sizes=\"auto, (max-width: 840px) 100vw, 840px\" \/><\/p>\n","protected":false},"excerpt":{"rendered":"<p>La C\u00e0tedra de Renovaci\u00f3 Pedag\u00f2gica Universitat de Girona &#8211; Can Trona acollir\u00e0 la propera i \u00faltima sessi\u00f3 d&#8217;aquest curs de l&#8216;Espai Formatiu per a fam\u00edlies i mestres 2023-2024 el proper dissabte a partir de les 09:30h a CAN TRONA, Centre de Cultura i Natura de l&#8217;Ajuntament de La Vall d&#8217;en Bas.<\/p>\n","protected":false},"author":1,"featured_media":5274,"comment_status":"closed","ping_status":"closed","sticky":false,"template":"","format":"standard","meta":{"_bbp_topic_count":0,"_bbp_reply_count":0,"_bbp_total_topic_count":0,"_bbp_total_reply_count":0,"_bbp_voice_count":0,"_bbp_anonymous_reply_count":0,"_bbp_topic_count_hidden":0,"_bbp_reply_count_hidden":0,"_bbp_forum_subforum_count":0,"site-sidebar-layout":"default","site-content-layout":"","ast-site-content-layout":"","site-content-style":"default","site-sidebar-style":"default","ast-global-header-display":"","ast-banner-title-visibility":"","ast-main-header-display":"","ast-hfb-above-header-display":"","ast-hfb-below-header-display":"","ast-hfb-mobile-header-display":"","site-post-title":"","ast-breadcrumbs-content":"","ast-featured-img":"","footer-sml-layout":"","theme-transparent-header-meta":"","adv-header-id-meta":"","stick-header-meta":"","header-above-stick-meta":"","header-main-stick-meta":"","header-below-stick-meta":"","astra-migrate-meta-layouts":"default","ast-page-background-enabled":"default","ast-page-background-meta":{"desktop":{"background-color":"var(--ast-global-color-5)","background-image":"","background-repeat":"repeat","background-position":"center center","background-size":"auto","background-attachment":"scroll","background-type":"","background-media":"","overlay-type":"","overlay-color":"","overlay-opacity":"","overlay-gradient":""},"tablet":{"background-color":"","background-image":"","background-repeat":"repeat","background-position":"center center","background-size":"auto","background-attachment":"scroll","background-type":"","background-media":"","overlay-type":"","overlay-color":"","overlay-opacity":"","overlay-gradient":""},"mobile":{"background-color":"","background-image":"","background-repeat":"repeat","background-position":"center center","background-size":"auto","background-attachment":"scroll","background-type":"","background-media":"","overlay-type":"","overlay-color":"","overlay-opacity":"","overlay-gradient":""}},"ast-content-background-meta":{"desktop":{"background-color":"var(--ast-global-color-4)","background-image":"","background-repeat":"repeat","background-position":"center center","background-size":"auto","background-attachment":"scroll","background-type":"","background-media":"","overlay-type":"","overlay-color":"","overlay-opacity":"","overlay-gradient":""},"tablet":{"background-color":"var(--ast-global-color-4)","background-image":"","background-repeat":"repeat","background-position":"center center","background-size":"auto","background-attachment":"scroll","background-type":"","background-media":"","overlay-type":"","overlay-color":"","overlay-opacity":"","overlay-gradient":""},"mobile":{"background-color":"var(--ast-global-color-4)","background-image":"","background-repeat":"repeat","background-position":"center center","background-size":"auto","background-attachment":"scroll","background-type":"","background-media":"","overlay-type":"","overlay-color":"","overlay-opacity":"","overlay-gradient":""}},"footnotes":""},"categories":[1],"tags":[],"class_list":["post-5273","post","type-post","status-publish","format-standard","has-post-thumbnail","hentry","category-general"],"post_mailing_queue_ids":[],"_links":{"self":[{"href":"https:\/\/serveiseducatius.xtec.cat\/garrotxa\/wp-json\/wp\/v2\/posts\/5273","targetHints":{"allow":["GET"]}}],"collection":[{"href":"https:\/\/serveiseducatius.xtec.cat\/garrotxa\/wp-json\/wp\/v2\/posts"}],"about":[{"href":"https:\/\/serveiseducatius.xtec.cat\/garrotxa\/wp-json\/wp\/v2\/types\/post"}],"author":[{"embeddable":true,"href":"https:\/\/serveiseducatius.xtec.cat\/garrotxa\/wp-json\/wp\/v2\/users\/1"}],"replies":[{"embeddable":true,"href":"https:\/\/serveiseducatius.xtec.cat\/garrotxa\/wp-json\/wp\/v2\/comments?post=5273"}],"version-history":[{"count":1,"href":"https:\/\/serveiseducatius.xtec.cat\/garrotxa\/wp-json\/wp\/v2\/posts\/5273\/revisions"}],"predecessor-version":[{"id":5275,"href":"https:\/\/serveiseducatius.xtec.cat\/garrotxa\/wp-json\/wp\/v2\/posts\/5273\/revisions\/5275"}],"wp:featuredmedia":[{"embeddable":true,"href":"https:\/\/serveiseducatius.xtec.cat\/garrotxa\/wp-json\/wp\/v2\/media\/5274"}],"wp:attachment":[{"href":"https:\/\/serveiseducatius.xtec.cat\/garrotxa\/wp-json\/wp\/v2\/media?parent=5273"}],"wp:term":[{"taxonomy":"category","embeddable":true,"href":"https:\/\/serveiseducatius.xtec.cat\/garrotxa\/wp-json\/wp\/v2\/categories?post=5273"},{"taxonomy":"post_tag","embeddable":true,"href":"https:\/\/serveiseducatius.xtec.cat\/garrotxa\/wp-json\/wp\/v2\/tags?post=5273"}],"curies":[{"name":"wp","href":"https:\/\/api.w.org\/{rel}","templated":true}]}}