{"id":5208,"date":"2024-05-14T08:58:15","date_gmt":"2024-05-14T06:58:15","guid":{"rendered":"https:\/\/serveiseducatius.xtec.cat\/garrotxa\/?p=5208"},"modified":"2024-05-14T09:00:02","modified_gmt":"2024-05-14T07:00:02","slug":"experiencia-didactica-els-ulls-de-la-historia-portem-el-patrimoni-a-laula","status":"publish","type":"post","link":"https:\/\/serveiseducatius.xtec.cat\/garrotxa\/general\/experiencia-didactica-els-ulls-de-la-historia-portem-el-patrimoni-a-laula\/","title":{"rendered":"Experi\u00e8ncia Did\u00e0ctica &#8220;Els ulls de la hist\u00f2ria&#8221;: portem el patrimoni a l&#8217;aula."},"content":{"rendered":"<p style=\"text-align: justify;\"><span style=\"font-family: arial, sans-serif;\">Aquest projecte innovador vol ser l\u2019oportunitat de fer arribar el patrimoni a tothom gr\u00e0cies al binomi entre noves tecnologies i nous relats cuidats que transmeten l\u2019estima pel nostre llegat i ens ajuden a reflexionar sobre el futur.\u00a0\u00a0<\/span><\/p>\n<div style=\"text-align: justify;\">Per fer-ho possible, centrem la mirada en quatre grans l\u00ednies de treball que trobem essencials:<\/div>\n<div style=\"text-align: justify;\"><\/div>\n<ul>\n<li style=\"text-align: justify;\"><span style=\"font-family: arial, sans-serif;\"><b>el relat: <\/b>una mirada contempor\u00e0nia a trav\u00e9s de microrelats i amb estil proper. <\/span><\/li>\n<li style=\"text-align: justify;\"><b style=\"font-family: arial, sans-serif;\">l\u2019entorn digital immersiu:\u00a0<\/b><span style=\"font-family: arial, sans-serif;\">un salt al metavers gr\u00e0cies a la RV per crear una experi\u00e8ncia sensorial, suggestiva i participativa.\u00a0 <\/span><\/li>\n<li style=\"text-align: justify;\"><b style=\"font-family: arial, sans-serif;\">la museografia: <\/b><span style=\"font-family: arial, sans-serif;\">la renovaci\u00f3 de les museografies a cinc monuments catalans de refer\u00e8ncia, per promoure experi\u00e8ncies de visita renovades i engrescadores, i assegurar l\u2019accessibilitat universal i la inclusi\u00f3 a tots nivells. <\/span><\/li>\n<li style=\"text-align: justify;\"><b style=\"font-family: arial, sans-serif;\">la pedagogia: <\/b><span style=\"font-family: arial, sans-serif;\">una experi\u00e8ncia did\u00e0ctica itinerant centrada a treballar el nou curr\u00edculum educatiu a trav\u00e9s de l\u2019experi\u00e8ncia RV, per a l&#8217;alumnat\u00a0de\u00a0<\/span><b style=\"font-family: arial, sans-serif;\">primer cicle de secund\u00e0ria.\u00a0<\/b><span style=\"font-family: arial, sans-serif;\">\u00a0<\/span><\/li>\n<\/ul>\n<div style=\"text-align: justify;\"><strong>Aquest darrer punt, la pedagogia, \u00e9s una de les nostres prioritats.<\/strong><\/div>\n<div><\/div>\n<p style=\"text-align: justify;\">Per aix\u00f2 hem creat\u00a0<b>l&#8217;Experi\u00e8ncia Did\u00e0ctica <em>Els Ulls de la Hist\u00f2ria<\/em><\/b>, una proposta immersiva que vol arribar a tots els centres de Catalunya. En aquesta aventura, l\u2019alumnat podr\u00e0 con\u00e8ixer <b>cinc equipaments del territori\u00a0<\/b>gr\u00e0cies a la Realitat Virtual, sempre acompanyat de l\u2019equip de mediaci\u00f3. A m\u00e9s a m\u00e9s, l\u2019experi\u00e8ncia anir\u00e0 acompanyada de diverses\u00a0<b>unitats did\u00e0ctiques<\/b>\u00a0per treballar la part pr\u00e8via i posterior. Tot amb l\u2019objectiu de consolidar coneixements i presentar, amb un llenguatge proper, el patrimoni com un element essencial per entendre d\u2019on venim i cap a on anem.<\/p>\n<p style=\"text-align: justify;\">Per tal que el professorat pugui con\u00e8ixer millor aquest projecte, l\u2019ACPC ha organitzat la <strong>presentaci\u00f3 de l\u2019Experi\u00e8ncia Educativa <em>Els Ulls de la Hist\u00f2ria<\/em><\/strong>. Un acte programat pel proper <strong>dijous 13 de juny<\/strong>, al <strong>Palau Moja<\/strong> (Barcelona).<\/p>\n<p style=\"text-align: justify;\"><b><br \/>\nA qui est\u00e0 adre\u00e7ada aquesta jornada?<\/b><br \/>\nAquest acte dirigit a professionals dels\u00a0<b>centres educatius de secund\u00e0ria<\/b>\u00a0de Catalunya, vol ser un espai de trobada on el professorat pugui con\u00e8ixer com la tecnologia immersiva pot transformar l\u2019<b>experi\u00e8ncia d\u2019aprenentatge<\/b> vers el patrimoni.<\/p>\n<p><b>En qu\u00e8 consistir\u00e0?<\/b><br \/>\nAquesta jornada informativa ser\u00e0 un espai on:<\/p>\n<ul>\n<li>Poder de <b>con\u00e8ixer\u00a0<\/b>el projecte i descobrir les\u00a0<b>potencialitats<\/b>, els\u00a0<b>continguts<\/b> del microrelat i els objectius pedag\u00f2gics del programa educatiu <em>Els Ulls de la Hist\u00f2ria<\/em>.<\/li>\n<li>Parlar directament amb l\u2019equip de mediaci\u00f3 per con\u00e8ixer el <b>sistema de reserves<\/b>, les\u00a0<b>itiner\u00e0ncies<\/b>\u00a0i tamb\u00e9 descobrir tot el\u00a0<b>material<\/b> complementari de <em>Els Ulls de la Hist\u00f2ria<\/em>.<\/li>\n<\/ul>\n<p style=\"text-align: justify;\">A m\u00e9s a m\u00e9s, la jornada tamb\u00e9 comptar\u00e0 amb una petita\u00a0<b>demostraci\u00f3 de l\u2019experi\u00e8ncia immersiva\u00a0<\/b>per tots els docents que assisteixin. Aquest tast permetr\u00e0 comprendre com l\u2019alumne viur\u00e0 l\u2019activitat i descobrir com la uni\u00f3 del contingut educatiu i la realitat virtual creen una experi\u00e8ncia educativa \u00fanica.<br \/>\nDespr\u00e9s d\u2019aquesta breu part vivencial, el professorat podr\u00e0 informar-se sobre tot el\u00a0<b>contingut\u00a0<\/b>educatiu del programa, el\u00a0<b>sistema de reserves<\/b>\u00a0i tamb\u00e9 con\u00e8ixer les\u00a0<b>necessitats t\u00e8cniques<\/b>\u00a0dels espais on instal\u00b7lar aquestes aules immersives.<br \/>\nEn acabar, els professionals docents hauran conegut les\u00a0<b>accions, l\u2019impacte i els beneficis\u00a0<\/b>d\u2019aquest nou programa educatiu itinerant creat per posar en valor el patrimoni catal\u00e0 mentre l\u2019alumnat gaudeix i apr\u00e8n.<\/p>\n<div style=\"text-align: justify;\">Inscriviu-vos a la jornada a trav\u00e9s\u00a0<a href=\"https:\/\/forms.office.com\/pages\/responsepage.aspx?id=3CeUOw7TvEOMBv9yU2dv7D-JGZxhh2REtRcyOlioFnVURFZFMVVOVVFYM1RaQ1g2RkJEQTBWMEdZSy4u\" target=\"_blank\" rel=\"noopener\" data-saferedirecturl=\"https:\/\/www.google.com\/url?q=https:\/\/forms.office.com\/pages\/responsepage.aspx?id%3D3CeUOw7TvEOMBv9yU2dv7D-JGZxhh2REtRcyOlioFnVURFZFMVVOVVFYM1RaQ1g2RkJEQTBWMEdZSy4u&amp;source=gmail&amp;ust=1715754237800000&amp;usg=AOvVaw2u1VYnCRCdeW4kyqxmlgD-\">d\u2019aquest enlla\u00e7<\/a>.<\/div>\n<div><img loading=\"lazy\" decoding=\"async\" class=\"aligncenter size-full wp-image-5210\" src=\"https:\/\/serveiseducatius.xtec.cat\/garrotxa\/wp-content\/uploads\/usu774\/2024\/05\/Agenda-els-ulls-de-la-historia.png_1637373458.png\" alt=\"\" width=\"410\" height=\"275\" srcset=\"https:\/\/serveiseducatius.xtec.cat\/garrotxa\/wp-content\/uploads\/usu774\/2024\/05\/Agenda-els-ulls-de-la-historia.png_1637373458.png 410w, https:\/\/serveiseducatius.xtec.cat\/garrotxa\/wp-content\/uploads\/usu774\/2024\/05\/Agenda-els-ulls-de-la-historia.png_1637373458-300x201.png 300w\" sizes=\"auto, (max-width: 410px) 100vw, 410px\" \/><\/div>\n","protected":false},"excerpt":{"rendered":"<p>Aquest projecte innovador vol ser l\u2019oportunitat de fer arribar el patrimoni a tothom gr\u00e0cies al binomi entre noves tecnologies i nous relats cuidats que transmeten l\u2019estima pel nostre llegat i ens ajuden a reflexionar sobre el futur.\u00a0\u00a0 Per fer-ho possible, centrem la mirada en quatre grans l\u00ednies de treball que trobem essencials: el relat: una [&hellip;]<\/p>\n","protected":false},"author":1,"featured_media":5210,"comment_status":"closed","ping_status":"closed","sticky":false,"template":"","format":"standard","meta":{"_bbp_topic_count":0,"_bbp_reply_count":0,"_bbp_total_topic_count":0,"_bbp_total_reply_count":0,"_bbp_voice_count":0,"_bbp_anonymous_reply_count":0,"_bbp_topic_count_hidden":0,"_bbp_reply_count_hidden":0,"_bbp_forum_subforum_count":0,"site-sidebar-layout":"default","site-content-layout":"","ast-site-content-layout":"","site-content-style":"default","site-sidebar-style":"default","ast-global-header-display":"","ast-banner-title-visibility":"","ast-main-header-display":"","ast-hfb-above-header-display":"","ast-hfb-below-header-display":"","ast-hfb-mobile-header-display":"","site-post-title":"","ast-breadcrumbs-content":"","ast-featured-img":"","footer-sml-layout":"","theme-transparent-header-meta":"","adv-header-id-meta":"","stick-header-meta":"","header-above-stick-meta":"","header-main-stick-meta":"","header-below-stick-meta":"","astra-migrate-meta-layouts":"default","ast-page-background-enabled":"default","ast-page-background-meta":{"desktop":{"background-color":"var(--ast-global-color-5)","background-image":"","background-repeat":"repeat","background-position":"center center","background-size":"auto","background-attachment":"scroll","background-type":"","background-media":"","overlay-type":"","overlay-color":"","overlay-opacity":"","overlay-gradient":""},"tablet":{"background-color":"","background-image":"","background-repeat":"repeat","background-position":"center center","background-size":"auto","background-attachment":"scroll","background-type":"","background-media":"","overlay-type":"","overlay-color":"","overlay-opacity":"","overlay-gradient":""},"mobile":{"background-color":"","background-image":"","background-repeat":"repeat","background-position":"center center","background-size":"auto","background-attachment":"scroll","background-type":"","background-media":"","overlay-type":"","overlay-color":"","overlay-opacity":"","overlay-gradient":""}},"ast-content-background-meta":{"desktop":{"background-color":"var(--ast-global-color-4)","background-image":"","background-repeat":"repeat","background-position":"center center","background-size":"auto","background-attachment":"scroll","background-type":"","background-media":"","overlay-type":"","overlay-color":"","overlay-opacity":"","overlay-gradient":""},"tablet":{"background-color":"var(--ast-global-color-4)","background-image":"","background-repeat":"repeat","background-position":"center center","background-size":"auto","background-attachment":"scroll","background-type":"","background-media":"","overlay-type":"","overlay-color":"","overlay-opacity":"","overlay-gradient":""},"mobile":{"background-color":"var(--ast-global-color-4)","background-image":"","background-repeat":"repeat","background-position":"center center","background-size":"auto","background-attachment":"scroll","background-type":"","background-media":"","overlay-type":"","overlay-color":"","overlay-opacity":"","overlay-gradient":""}},"footnotes":""},"categories":[1],"tags":[],"class_list":["post-5208","post","type-post","status-publish","format-standard","has-post-thumbnail","hentry","category-general"],"post_mailing_queue_ids":[],"_links":{"self":[{"href":"https:\/\/serveiseducatius.xtec.cat\/garrotxa\/wp-json\/wp\/v2\/posts\/5208","targetHints":{"allow":["GET"]}}],"collection":[{"href":"https:\/\/serveiseducatius.xtec.cat\/garrotxa\/wp-json\/wp\/v2\/posts"}],"about":[{"href":"https:\/\/serveiseducatius.xtec.cat\/garrotxa\/wp-json\/wp\/v2\/types\/post"}],"author":[{"embeddable":true,"href":"https:\/\/serveiseducatius.xtec.cat\/garrotxa\/wp-json\/wp\/v2\/users\/1"}],"replies":[{"embeddable":true,"href":"https:\/\/serveiseducatius.xtec.cat\/garrotxa\/wp-json\/wp\/v2\/comments?post=5208"}],"version-history":[{"count":2,"href":"https:\/\/serveiseducatius.xtec.cat\/garrotxa\/wp-json\/wp\/v2\/posts\/5208\/revisions"}],"predecessor-version":[{"id":5211,"href":"https:\/\/serveiseducatius.xtec.cat\/garrotxa\/wp-json\/wp\/v2\/posts\/5208\/revisions\/5211"}],"wp:featuredmedia":[{"embeddable":true,"href":"https:\/\/serveiseducatius.xtec.cat\/garrotxa\/wp-json\/wp\/v2\/media\/5210"}],"wp:attachment":[{"href":"https:\/\/serveiseducatius.xtec.cat\/garrotxa\/wp-json\/wp\/v2\/media?parent=5208"}],"wp:term":[{"taxonomy":"category","embeddable":true,"href":"https:\/\/serveiseducatius.xtec.cat\/garrotxa\/wp-json\/wp\/v2\/categories?post=5208"},{"taxonomy":"post_tag","embeddable":true,"href":"https:\/\/serveiseducatius.xtec.cat\/garrotxa\/wp-json\/wp\/v2\/tags?post=5208"}],"curies":[{"name":"wp","href":"https:\/\/api.w.org\/{rel}","templated":true}]}}