{"id":4692,"date":"2023-10-27T12:54:39","date_gmt":"2023-10-27T10:54:39","guid":{"rendered":"https:\/\/serveiseducatius.xtec.cat\/garrotxa\/?p=4692"},"modified":"2023-10-27T12:54:39","modified_gmt":"2023-10-27T10:54:39","slug":"fotonica-en-5-minuts","status":"publish","type":"post","link":"https:\/\/serveiseducatius.xtec.cat\/garrotxa\/general\/fotonica-en-5-minuts\/","title":{"rendered":"FOT\u00d2NICA EN 5 MINUTS!"},"content":{"rendered":"<p>Des de l&#8217;Institut de les Ci\u00e8ncies Fot\u00f2niques (ICFO) ens fan saber que el <strong>dimarts 14 de novembre<\/strong> a les 10:30 hores portaran a terme tres xerrades de 5 minuts cada una, on especialistes en la mat\u00e8ria explicaran per qu\u00e8 la fot\u00f2nica \u00e9s tan important per a la seva investigaci\u00f3 i la societat. Tot aix\u00f2 per celebrar la <strong>Setmana de la Ci\u00e8ncia 2023!<\/strong><\/p>\n<p>Aquesta activitat est\u00e0 pensada per a l&#8217;alumnat de segon cicle d&#8217;ESO i Batxillerat. A m\u00e9s, durant les xerrades podran enviar en directe preguntes que els sorgeixin i curiositats que vulguin con\u00e8ixer. Podeu trobar m\u00e9s informaci\u00f3 a la seva <a href=\"https:\/\/outreach.icfo.eu\/ca\/events\/fotonica-en-5-minuts-setmana-de-la-ciencia-23\/\">p\u00e0gina web<\/a>.<a href=\"https:\/\/serveiseducatius.xtec.cat\/garrotxa\/general\/fotonica-en-5-minuts\/attachment\/icfo\/\" rel=\"attachment wp-att-4693\"><img loading=\"lazy\" decoding=\"async\" class=\"aligncenter wp-image-4693\" src=\"https:\/\/serveiseducatius.xtec.cat\/garrotxa\/wp-content\/uploads\/usu774\/2023\/10\/ICFO-1024x788.jpg\" alt=\"\" width=\"368\" height=\"283\" srcset=\"https:\/\/serveiseducatius.xtec.cat\/garrotxa\/wp-content\/uploads\/usu774\/2023\/10\/ICFO-1024x788.jpg 1024w, https:\/\/serveiseducatius.xtec.cat\/garrotxa\/wp-content\/uploads\/usu774\/2023\/10\/ICFO-300x231.jpg 300w, https:\/\/serveiseducatius.xtec.cat\/garrotxa\/wp-content\/uploads\/usu774\/2023\/10\/ICFO-768x591.jpg 768w, https:\/\/serveiseducatius.xtec.cat\/garrotxa\/wp-content\/uploads\/usu774\/2023\/10\/ICFO-1536x1182.jpg 1536w, https:\/\/serveiseducatius.xtec.cat\/garrotxa\/wp-content\/uploads\/usu774\/2023\/10\/ICFO.jpg 1700w\" sizes=\"auto, (max-width: 368px) 100vw, 368px\" \/><\/a><\/p>\n","protected":false},"excerpt":{"rendered":"<p>Des de l&#8217;Institut de les Ci\u00e8ncies Fot\u00f2niques (ICFO) ens fan saber que el dimarts 14 de novembre a les 10:30 hores portaran a terme tres xerrades de 5 minuts cada una, on especialistes en la mat\u00e8ria explicaran per qu\u00e8 la fot\u00f2nica \u00e9s tan important per a la seva investigaci\u00f3 i la societat. Tot aix\u00f2 per [&hellip;]<\/p>\n","protected":false},"author":1,"featured_media":4695,"comment_status":"closed","ping_status":"closed","sticky":false,"template":"","format":"standard","meta":{"_bbp_topic_count":0,"_bbp_reply_count":0,"_bbp_total_topic_count":0,"_bbp_total_reply_count":0,"_bbp_voice_count":0,"_bbp_anonymous_reply_count":0,"_bbp_topic_count_hidden":0,"_bbp_reply_count_hidden":0,"_bbp_forum_subforum_count":0,"site-sidebar-layout":"default","site-content-layout":"","ast-site-content-layout":"","site-content-style":"default","site-sidebar-style":"default","ast-global-header-display":"","ast-banner-title-visibility":"","ast-main-header-display":"","ast-hfb-above-header-display":"","ast-hfb-below-header-display":"","ast-hfb-mobile-header-display":"","site-post-title":"","ast-breadcrumbs-content":"","ast-featured-img":"","footer-sml-layout":"","theme-transparent-header-meta":"","adv-header-id-meta":"","stick-header-meta":"","header-above-stick-meta":"","header-main-stick-meta":"","header-below-stick-meta":"","astra-migrate-meta-layouts":"default","ast-page-background-enabled":"default","ast-page-background-meta":{"desktop":{"background-color":"var(--ast-global-color-5)","background-image":"","background-repeat":"repeat","background-position":"center center","background-size":"auto","background-attachment":"scroll","background-type":"","background-media":"","overlay-type":"","overlay-color":"","overlay-opacity":"","overlay-gradient":""},"tablet":{"background-color":"","background-image":"","background-repeat":"repeat","background-position":"center center","background-size":"auto","background-attachment":"scroll","background-type":"","background-media":"","overlay-type":"","overlay-color":"","overlay-opacity":"","overlay-gradient":""},"mobile":{"background-color":"","background-image":"","background-repeat":"repeat","background-position":"center center","background-size":"auto","background-attachment":"scroll","background-type":"","background-media":"","overlay-type":"","overlay-color":"","overlay-opacity":"","overlay-gradient":""}},"ast-content-background-meta":{"desktop":{"background-color":"var(--ast-global-color-4)","background-image":"","background-repeat":"repeat","background-position":"center center","background-size":"auto","background-attachment":"scroll","background-type":"","background-media":"","overlay-type":"","overlay-color":"","overlay-opacity":"","overlay-gradient":""},"tablet":{"background-color":"var(--ast-global-color-4)","background-image":"","background-repeat":"repeat","background-position":"center center","background-size":"auto","background-attachment":"scroll","background-type":"","background-media":"","overlay-type":"","overlay-color":"","overlay-opacity":"","overlay-gradient":""},"mobile":{"background-color":"var(--ast-global-color-4)","background-image":"","background-repeat":"repeat","background-position":"center center","background-size":"auto","background-attachment":"scroll","background-type":"","background-media":"","overlay-type":"","overlay-color":"","overlay-opacity":"","overlay-gradient":""}},"footnotes":""},"categories":[1],"tags":[],"class_list":["post-4692","post","type-post","status-publish","format-standard","has-post-thumbnail","hentry","category-general"],"post_mailing_queue_ids":[],"_links":{"self":[{"href":"https:\/\/serveiseducatius.xtec.cat\/garrotxa\/wp-json\/wp\/v2\/posts\/4692","targetHints":{"allow":["GET"]}}],"collection":[{"href":"https:\/\/serveiseducatius.xtec.cat\/garrotxa\/wp-json\/wp\/v2\/posts"}],"about":[{"href":"https:\/\/serveiseducatius.xtec.cat\/garrotxa\/wp-json\/wp\/v2\/types\/post"}],"author":[{"embeddable":true,"href":"https:\/\/serveiseducatius.xtec.cat\/garrotxa\/wp-json\/wp\/v2\/users\/1"}],"replies":[{"embeddable":true,"href":"https:\/\/serveiseducatius.xtec.cat\/garrotxa\/wp-json\/wp\/v2\/comments?post=4692"}],"version-history":[{"count":4,"href":"https:\/\/serveiseducatius.xtec.cat\/garrotxa\/wp-json\/wp\/v2\/posts\/4692\/revisions"}],"predecessor-version":[{"id":4698,"href":"https:\/\/serveiseducatius.xtec.cat\/garrotxa\/wp-json\/wp\/v2\/posts\/4692\/revisions\/4698"}],"wp:featuredmedia":[{"embeddable":true,"href":"https:\/\/serveiseducatius.xtec.cat\/garrotxa\/wp-json\/wp\/v2\/media\/4695"}],"wp:attachment":[{"href":"https:\/\/serveiseducatius.xtec.cat\/garrotxa\/wp-json\/wp\/v2\/media?parent=4692"}],"wp:term":[{"taxonomy":"category","embeddable":true,"href":"https:\/\/serveiseducatius.xtec.cat\/garrotxa\/wp-json\/wp\/v2\/categories?post=4692"},{"taxonomy":"post_tag","embeddable":true,"href":"https:\/\/serveiseducatius.xtec.cat\/garrotxa\/wp-json\/wp\/v2\/tags?post=4692"}],"curies":[{"name":"wp","href":"https:\/\/api.w.org\/{rel}","templated":true}]}}