{"id":4682,"date":"2023-10-25T08:51:43","date_gmt":"2023-10-25T06:51:43","guid":{"rendered":"https:\/\/serveiseducatius.xtec.cat\/garrotxa\/?p=4682"},"modified":"2023-10-25T08:51:43","modified_gmt":"2023-10-25T06:51:43","slug":"novetat-el-nou-curriculum","status":"publish","type":"post","link":"https:\/\/serveiseducatius.xtec.cat\/garrotxa\/general\/novetat-el-nou-curriculum\/","title":{"rendered":"NOVETAT! EL NOU CURR\u00cdCULUM"},"content":{"rendered":"<p>A la p\u00e0gina web del nou curr\u00edculum hi ha disponible una informaci\u00f3 molt interessant per al professorat de prim\u00e0ria i secund\u00e0ria. Han fet p\u00fablics uns documents que recullen <a href=\"https:\/\/projectes.xtec.cat\/nou-curriculum\/educacio-basica\/competencies-especifiques\/\"><strong>les compet\u00e8ncies espec\u00edfiques de cada \u00e0rea i mat\u00e8ria<\/strong> <strong>i els seus criteris d&#8217;avaluaci\u00f3:<\/strong><\/a><\/p>\n<ul>\n<li>Lleng\u00fces (Educaci\u00f3 B\u00e0sica)<\/li>\n<li>Matem\u00e0tiques (Educaci\u00f3 B\u00e0sica)<\/li>\n<li>Educaci\u00f3 F\u00edsica (Educaci\u00f3 B\u00e0sica)<\/li>\n<li>Educaci\u00f3 en Valora C\u00edvics i \u00c8tics (Educaci\u00f3 B\u00e0sica)<\/li>\n<li>Coneixement del Medi Natural, Social i Cultural (Educaci\u00f3 Prim\u00e0ria)<\/li>\n<li>Educaci\u00f3 Art\u00edstica (Educaci\u00f3 Prim\u00e0ria)<\/li>\n<\/ul>\n<p><a href=\"https:\/\/projectes.xtec.cat\/nou-curriculum\/educacio-basica\/competencies-especifiques\/\"><img loading=\"lazy\" decoding=\"async\" class=\"aligncenter wp-image-4683\" src=\"https:\/\/serveiseducatius.xtec.cat\/garrotxa\/wp-content\/uploads\/usu774\/2023\/10\/Competencies-especifiques-1024x655.png\" alt=\"\" width=\"737\" height=\"472\" srcset=\"https:\/\/serveiseducatius.xtec.cat\/garrotxa\/wp-content\/uploads\/usu774\/2023\/10\/Competencies-especifiques-1024x655.png 1024w, https:\/\/serveiseducatius.xtec.cat\/garrotxa\/wp-content\/uploads\/usu774\/2023\/10\/Competencies-especifiques-300x192.png 300w, https:\/\/serveiseducatius.xtec.cat\/garrotxa\/wp-content\/uploads\/usu774\/2023\/10\/Competencies-especifiques-768x491.png 768w, https:\/\/serveiseducatius.xtec.cat\/garrotxa\/wp-content\/uploads\/usu774\/2023\/10\/Competencies-especifiques.png 1212w\" sizes=\"auto, (max-width: 737px) 100vw, 737px\" \/><\/a><\/p>\n","protected":false},"excerpt":{"rendered":"<p>A la p\u00e0gina web del nou curr\u00edculum hi ha disponible una informaci\u00f3 molt interessant per al professorat de prim\u00e0ria i secund\u00e0ria. Han fet p\u00fablics uns documents que recullen les compet\u00e8ncies espec\u00edfiques de cada \u00e0rea i mat\u00e8ria i els seus criteris d&#8217;avaluaci\u00f3: Lleng\u00fces (Educaci\u00f3 B\u00e0sica) Matem\u00e0tiques (Educaci\u00f3 B\u00e0sica) Educaci\u00f3 F\u00edsica (Educaci\u00f3 B\u00e0sica) Educaci\u00f3 en Valora C\u00edvics [&hellip;]<\/p>\n","protected":false},"author":1,"featured_media":4530,"comment_status":"closed","ping_status":"closed","sticky":false,"template":"","format":"standard","meta":{"_bbp_topic_count":0,"_bbp_reply_count":0,"_bbp_total_topic_count":0,"_bbp_total_reply_count":0,"_bbp_voice_count":0,"_bbp_anonymous_reply_count":0,"_bbp_topic_count_hidden":0,"_bbp_reply_count_hidden":0,"_bbp_forum_subforum_count":0,"site-sidebar-layout":"default","site-content-layout":"","ast-site-content-layout":"","site-content-style":"default","site-sidebar-style":"default","ast-global-header-display":"","ast-banner-title-visibility":"","ast-main-header-display":"","ast-hfb-above-header-display":"","ast-hfb-below-header-display":"","ast-hfb-mobile-header-display":"","site-post-title":"","ast-breadcrumbs-content":"","ast-featured-img":"","footer-sml-layout":"","theme-transparent-header-meta":"","adv-header-id-meta":"","stick-header-meta":"","header-above-stick-meta":"","header-main-stick-meta":"","header-below-stick-meta":"","astra-migrate-meta-layouts":"default","ast-page-background-enabled":"default","ast-page-background-meta":{"desktop":{"background-color":"var(--ast-global-color-5)","background-image":"","background-repeat":"repeat","background-position":"center center","background-size":"auto","background-attachment":"scroll","background-type":"","background-media":"","overlay-type":"","overlay-color":"","overlay-opacity":"","overlay-gradient":""},"tablet":{"background-color":"","background-image":"","background-repeat":"repeat","background-position":"center center","background-size":"auto","background-attachment":"scroll","background-type":"","background-media":"","overlay-type":"","overlay-color":"","overlay-opacity":"","overlay-gradient":""},"mobile":{"background-color":"","background-image":"","background-repeat":"repeat","background-position":"center center","background-size":"auto","background-attachment":"scroll","background-type":"","background-media":"","overlay-type":"","overlay-color":"","overlay-opacity":"","overlay-gradient":""}},"ast-content-background-meta":{"desktop":{"background-color":"var(--ast-global-color-4)","background-image":"","background-repeat":"repeat","background-position":"center center","background-size":"auto","background-attachment":"scroll","background-type":"","background-media":"","overlay-type":"","overlay-color":"","overlay-opacity":"","overlay-gradient":""},"tablet":{"background-color":"var(--ast-global-color-4)","background-image":"","background-repeat":"repeat","background-position":"center center","background-size":"auto","background-attachment":"scroll","background-type":"","background-media":"","overlay-type":"","overlay-color":"","overlay-opacity":"","overlay-gradient":""},"mobile":{"background-color":"var(--ast-global-color-4)","background-image":"","background-repeat":"repeat","background-position":"center center","background-size":"auto","background-attachment":"scroll","background-type":"","background-media":"","overlay-type":"","overlay-color":"","overlay-opacity":"","overlay-gradient":""}},"footnotes":""},"categories":[1],"tags":[],"class_list":["post-4682","post","type-post","status-publish","format-standard","has-post-thumbnail","hentry","category-general"],"post_mailing_queue_ids":[],"_links":{"self":[{"href":"https:\/\/serveiseducatius.xtec.cat\/garrotxa\/wp-json\/wp\/v2\/posts\/4682","targetHints":{"allow":["GET"]}}],"collection":[{"href":"https:\/\/serveiseducatius.xtec.cat\/garrotxa\/wp-json\/wp\/v2\/posts"}],"about":[{"href":"https:\/\/serveiseducatius.xtec.cat\/garrotxa\/wp-json\/wp\/v2\/types\/post"}],"author":[{"embeddable":true,"href":"https:\/\/serveiseducatius.xtec.cat\/garrotxa\/wp-json\/wp\/v2\/users\/1"}],"replies":[{"embeddable":true,"href":"https:\/\/serveiseducatius.xtec.cat\/garrotxa\/wp-json\/wp\/v2\/comments?post=4682"}],"version-history":[{"count":2,"href":"https:\/\/serveiseducatius.xtec.cat\/garrotxa\/wp-json\/wp\/v2\/posts\/4682\/revisions"}],"predecessor-version":[{"id":4685,"href":"https:\/\/serveiseducatius.xtec.cat\/garrotxa\/wp-json\/wp\/v2\/posts\/4682\/revisions\/4685"}],"wp:featuredmedia":[{"embeddable":true,"href":"https:\/\/serveiseducatius.xtec.cat\/garrotxa\/wp-json\/wp\/v2\/media\/4530"}],"wp:attachment":[{"href":"https:\/\/serveiseducatius.xtec.cat\/garrotxa\/wp-json\/wp\/v2\/media?parent=4682"}],"wp:term":[{"taxonomy":"category","embeddable":true,"href":"https:\/\/serveiseducatius.xtec.cat\/garrotxa\/wp-json\/wp\/v2\/categories?post=4682"},{"taxonomy":"post_tag","embeddable":true,"href":"https:\/\/serveiseducatius.xtec.cat\/garrotxa\/wp-json\/wp\/v2\/tags?post=4682"}],"curies":[{"name":"wp","href":"https:\/\/api.w.org\/{rel}","templated":true}]}}