{"id":4670,"date":"2023-10-20T10:02:17","date_gmt":"2023-10-20T08:02:17","guid":{"rendered":"https:\/\/serveiseducatius.xtec.cat\/garrotxa\/?p=4670"},"modified":"2023-10-26T10:48:26","modified_gmt":"2023-10-26T08:48:26","slug":"com-afecta-la-digitalitzacio-la-ment-dels-infants","status":"publish","type":"post","link":"https:\/\/serveiseducatius.xtec.cat\/garrotxa\/general\/com-afecta-la-digitalitzacio-la-ment-dels-infants\/","title":{"rendered":"COM AFECTA LA DIGITALITZACI\u00d3 LA MENT DELS INFANTS"},"content":{"rendered":"<p>El <strong>dilluns 4 de desembre<\/strong> es dur\u00e0 a terme a l&#8217;Espai Cr\u00e0ter d&#8217;Olot una xerrada del projecte STAND sobre <strong>&#8220;Com afecta la digitalitzaci\u00f3 la ment dels infants&#8221;\u00a0<\/strong>a c\u00e0rrec de David Bueno, qui \u00e9s especialista i investigador en la gen\u00e8tica del desenvolupament i la neuroci\u00e8ncia i la seva relaci\u00f3 amb el comportament hum\u00e0.<\/p>\n<p>Pr\u00e8viament a la xerrada es far\u00e0 un rep\u00e0s dels resultats obtinguts del projecte STAND, es presentar\u00e0 una guia metodol\u00f2gica d&#8217;estrat\u00e8gies i seguretat digital i l&#8217;Escola La B\u00f2bila presentar\u00e0 les seves eines digitals implementades. L&#8217;assist\u00e8ncia a aquesta primera part \u00e9s opcional.<\/p>\n<p>Les places s\u00f3n limitades i us podeu inscriure en el seg\u00fcent <span style=\"text-decoration: underline;\"><a href=\"https:\/\/docs.google.com\/forms\/d\/e\/1FAIpQLSd6pzN-aT2gLywbEa41m5i6thCEXq1lbrnmgMDbCRsh2aCS7w\/viewform\">enlla\u00e7<\/a><\/span>.<\/p>\n<p><a href=\"https:\/\/serveiseducatius.xtec.cat\/garrotxa\/general\/com-afecta-la-digitalitzacio-la-ment-dels-infants\/attachment\/com-afecta-la-digitalitzacio-la-ment-dels-infants\/\" rel=\"attachment wp-att-4672\"><img loading=\"lazy\" decoding=\"async\" class=\"aligncenter wp-image-4672\" src=\"https:\/\/serveiseducatius.xtec.cat\/garrotxa\/wp-content\/uploads\/usu774\/2023\/10\/com-afecta-la-digitalitzacio-la-ment-dels-infants-1024x576.png\" alt=\"\" width=\"562\" height=\"316\" srcset=\"https:\/\/serveiseducatius.xtec.cat\/garrotxa\/wp-content\/uploads\/usu774\/2023\/10\/com-afecta-la-digitalitzacio-la-ment-dels-infants-1024x576.png 1024w, https:\/\/serveiseducatius.xtec.cat\/garrotxa\/wp-content\/uploads\/usu774\/2023\/10\/com-afecta-la-digitalitzacio-la-ment-dels-infants-300x169.png 300w, https:\/\/serveiseducatius.xtec.cat\/garrotxa\/wp-content\/uploads\/usu774\/2023\/10\/com-afecta-la-digitalitzacio-la-ment-dels-infants-768x432.png 768w, https:\/\/serveiseducatius.xtec.cat\/garrotxa\/wp-content\/uploads\/usu774\/2023\/10\/com-afecta-la-digitalitzacio-la-ment-dels-infants-1536x864.png 1536w, https:\/\/serveiseducatius.xtec.cat\/garrotxa\/wp-content\/uploads\/usu774\/2023\/10\/com-afecta-la-digitalitzacio-la-ment-dels-infants.png 1920w\" sizes=\"auto, (max-width: 562px) 100vw, 562px\" \/><\/a><\/p>\n","protected":false},"excerpt":{"rendered":"<p>El dilluns 4 de desembre es dur\u00e0 a terme a l&#8217;Espai Cr\u00e0ter d&#8217;Olot una xerrada del projecte STAND sobre &#8220;Com afecta la digitalitzaci\u00f3 la ment dels infants&#8221;\u00a0a c\u00e0rrec de David Bueno, qui \u00e9s especialista i investigador en la gen\u00e8tica del desenvolupament i la neuroci\u00e8ncia i la seva relaci\u00f3 amb el comportament hum\u00e0. Pr\u00e8viament a la [&hellip;]<\/p>\n","protected":false},"author":1,"featured_media":4672,"comment_status":"closed","ping_status":"closed","sticky":false,"template":"","format":"standard","meta":{"_bbp_topic_count":0,"_bbp_reply_count":0,"_bbp_total_topic_count":0,"_bbp_total_reply_count":0,"_bbp_voice_count":0,"_bbp_anonymous_reply_count":0,"_bbp_topic_count_hidden":0,"_bbp_reply_count_hidden":0,"_bbp_forum_subforum_count":0,"site-sidebar-layout":"default","site-content-layout":"","ast-site-content-layout":"","site-content-style":"default","site-sidebar-style":"default","ast-global-header-display":"","ast-banner-title-visibility":"","ast-main-header-display":"","ast-hfb-above-header-display":"","ast-hfb-below-header-display":"","ast-hfb-mobile-header-display":"","site-post-title":"","ast-breadcrumbs-content":"","ast-featured-img":"","footer-sml-layout":"","theme-transparent-header-meta":"","adv-header-id-meta":"","stick-header-meta":"","header-above-stick-meta":"","header-main-stick-meta":"","header-below-stick-meta":"","astra-migrate-meta-layouts":"default","ast-page-background-enabled":"default","ast-page-background-meta":{"desktop":{"background-color":"var(--ast-global-color-5)","background-image":"","background-repeat":"repeat","background-position":"center center","background-size":"auto","background-attachment":"scroll","background-type":"","background-media":"","overlay-type":"","overlay-color":"","overlay-opacity":"","overlay-gradient":""},"tablet":{"background-color":"","background-image":"","background-repeat":"repeat","background-position":"center center","background-size":"auto","background-attachment":"scroll","background-type":"","background-media":"","overlay-type":"","overlay-color":"","overlay-opacity":"","overlay-gradient":""},"mobile":{"background-color":"","background-image":"","background-repeat":"repeat","background-position":"center center","background-size":"auto","background-attachment":"scroll","background-type":"","background-media":"","overlay-type":"","overlay-color":"","overlay-opacity":"","overlay-gradient":""}},"ast-content-background-meta":{"desktop":{"background-color":"var(--ast-global-color-4)","background-image":"","background-repeat":"repeat","background-position":"center center","background-size":"auto","background-attachment":"scroll","background-type":"","background-media":"","overlay-type":"","overlay-color":"","overlay-opacity":"","overlay-gradient":""},"tablet":{"background-color":"var(--ast-global-color-4)","background-image":"","background-repeat":"repeat","background-position":"center center","background-size":"auto","background-attachment":"scroll","background-type":"","background-media":"","overlay-type":"","overlay-color":"","overlay-opacity":"","overlay-gradient":""},"mobile":{"background-color":"var(--ast-global-color-4)","background-image":"","background-repeat":"repeat","background-position":"center center","background-size":"auto","background-attachment":"scroll","background-type":"","background-media":"","overlay-type":"","overlay-color":"","overlay-opacity":"","overlay-gradient":""}},"footnotes":""},"categories":[1],"tags":[],"class_list":["post-4670","post","type-post","status-publish","format-standard","has-post-thumbnail","hentry","category-general"],"post_mailing_queue_ids":[],"_links":{"self":[{"href":"https:\/\/serveiseducatius.xtec.cat\/garrotxa\/wp-json\/wp\/v2\/posts\/4670","targetHints":{"allow":["GET"]}}],"collection":[{"href":"https:\/\/serveiseducatius.xtec.cat\/garrotxa\/wp-json\/wp\/v2\/posts"}],"about":[{"href":"https:\/\/serveiseducatius.xtec.cat\/garrotxa\/wp-json\/wp\/v2\/types\/post"}],"author":[{"embeddable":true,"href":"https:\/\/serveiseducatius.xtec.cat\/garrotxa\/wp-json\/wp\/v2\/users\/1"}],"replies":[{"embeddable":true,"href":"https:\/\/serveiseducatius.xtec.cat\/garrotxa\/wp-json\/wp\/v2\/comments?post=4670"}],"version-history":[{"count":5,"href":"https:\/\/serveiseducatius.xtec.cat\/garrotxa\/wp-json\/wp\/v2\/posts\/4670\/revisions"}],"predecessor-version":[{"id":4691,"href":"https:\/\/serveiseducatius.xtec.cat\/garrotxa\/wp-json\/wp\/v2\/posts\/4670\/revisions\/4691"}],"wp:featuredmedia":[{"embeddable":true,"href":"https:\/\/serveiseducatius.xtec.cat\/garrotxa\/wp-json\/wp\/v2\/media\/4672"}],"wp:attachment":[{"href":"https:\/\/serveiseducatius.xtec.cat\/garrotxa\/wp-json\/wp\/v2\/media?parent=4670"}],"wp:term":[{"taxonomy":"category","embeddable":true,"href":"https:\/\/serveiseducatius.xtec.cat\/garrotxa\/wp-json\/wp\/v2\/categories?post=4670"},{"taxonomy":"post_tag","embeddable":true,"href":"https:\/\/serveiseducatius.xtec.cat\/garrotxa\/wp-json\/wp\/v2\/tags?post=4670"}],"curies":[{"name":"wp","href":"https:\/\/api.w.org\/{rel}","templated":true}]}}