{"id":4657,"date":"2023-10-20T09:22:15","date_gmt":"2023-10-20T07:22:15","guid":{"rendered":"https:\/\/serveiseducatius.xtec.cat\/garrotxa\/?p=4657"},"modified":"2023-10-20T09:23:38","modified_gmt":"2023-10-20T07:23:38","slug":"programa-no-et-fumis-la-salut","status":"publish","type":"post","link":"https:\/\/serveiseducatius.xtec.cat\/garrotxa\/general\/programa-no-et-fumis-la-salut\/","title":{"rendered":"PROGRAMA NO ET FUMIS LA SALUT!"},"content":{"rendered":"<p>&#8220;<strong>No et fumis la salut!<\/strong>&#8221; \u00e9s un programa de prevenci\u00f3 del consum de tabac en joves de 1r d&#8217;ESO, impulsat per la Fundaci\u00f3\u00a0<span class=\"hiddenSpellError\">Oncolliga<\/span>\u00a0Girona.<\/p>\n<p>El programa est\u00e0 pensat per a la conscienciaci\u00f3 envers el tabac, fomentant espais de reflexi\u00f3 sobre la tradici\u00f3 i la ci\u00e8ncia, els beneficis econ\u00f2mics i la p\u00e8rdua personal, la manipulaci\u00f3 pol\u00edtica i la salut, \u00e9s a dir, abordant <strong>els mites i la realitat del tabac<\/strong>. Tot aix\u00f2 es treballa amb un seguit d&#8217;activitats que es realitzen durant una sessi\u00f3 informativa i interactiva.<\/p>\n<p>Per a m\u00e9s informaci\u00f3 podeu consultar la seva <span style=\"text-decoration: underline;\"><a href=\"https:\/\/oncolligagirona.cat\/oncolliga\/la-fundacio\/programes\/no-et-fumis-la-salut.html\">p\u00e0gina web<\/a><\/span> i podeu inscriure el vostre centre fins al <strong>31 d&#8217;octubre<\/strong> en el seg\u00fcent <span style=\"text-decoration: underline;\"><a href=\"https:\/\/oncolligagirona.cat\/formulari-no-et-fumis-la-salut\">enlla\u00e7<\/a><\/span>.<\/p>\n<p style=\"padding-left: 120px;\"><iframe loading=\"lazy\" src=\"https:\/\/drive.google.com\/file\/d\/1cnQLHwB8VRZ7pUlwDwO4NlagYU9xtbmk\/preview\" width=\"640\" height=\"480\"><\/iframe><\/p>\n","protected":false},"excerpt":{"rendered":"<p>&#8220;No et fumis la salut!&#8221; \u00e9s un programa de prevenci\u00f3 del consum de tabac en joves de 1r d&#8217;ESO, impulsat per la Fundaci\u00f3\u00a0Oncolliga\u00a0Girona. El programa est\u00e0 pensat per a la conscienciaci\u00f3 envers el tabac, fomentant espais de reflexi\u00f3 sobre la tradici\u00f3 i la ci\u00e8ncia, els beneficis econ\u00f2mics i la p\u00e8rdua personal, la manipulaci\u00f3 pol\u00edtica i [&hellip;]<\/p>\n","protected":false},"author":1,"featured_media":4665,"comment_status":"closed","ping_status":"closed","sticky":false,"template":"","format":"standard","meta":{"_bbp_topic_count":0,"_bbp_reply_count":0,"_bbp_total_topic_count":0,"_bbp_total_reply_count":0,"_bbp_voice_count":0,"_bbp_anonymous_reply_count":0,"_bbp_topic_count_hidden":0,"_bbp_reply_count_hidden":0,"_bbp_forum_subforum_count":0,"site-sidebar-layout":"default","site-content-layout":"","ast-site-content-layout":"","site-content-style":"default","site-sidebar-style":"default","ast-global-header-display":"","ast-banner-title-visibility":"","ast-main-header-display":"","ast-hfb-above-header-display":"","ast-hfb-below-header-display":"","ast-hfb-mobile-header-display":"","site-post-title":"","ast-breadcrumbs-content":"","ast-featured-img":"","footer-sml-layout":"","theme-transparent-header-meta":"","adv-header-id-meta":"","stick-header-meta":"","header-above-stick-meta":"","header-main-stick-meta":"","header-below-stick-meta":"","astra-migrate-meta-layouts":"default","ast-page-background-enabled":"default","ast-page-background-meta":{"desktop":{"background-color":"var(--ast-global-color-5)","background-image":"","background-repeat":"repeat","background-position":"center center","background-size":"auto","background-attachment":"scroll","background-type":"","background-media":"","overlay-type":"","overlay-color":"","overlay-opacity":"","overlay-gradient":""},"tablet":{"background-color":"","background-image":"","background-repeat":"repeat","background-position":"center center","background-size":"auto","background-attachment":"scroll","background-type":"","background-media":"","overlay-type":"","overlay-color":"","overlay-opacity":"","overlay-gradient":""},"mobile":{"background-color":"","background-image":"","background-repeat":"repeat","background-position":"center center","background-size":"auto","background-attachment":"scroll","background-type":"","background-media":"","overlay-type":"","overlay-color":"","overlay-opacity":"","overlay-gradient":""}},"ast-content-background-meta":{"desktop":{"background-color":"var(--ast-global-color-4)","background-image":"","background-repeat":"repeat","background-position":"center center","background-size":"auto","background-attachment":"scroll","background-type":"","background-media":"","overlay-type":"","overlay-color":"","overlay-opacity":"","overlay-gradient":""},"tablet":{"background-color":"var(--ast-global-color-4)","background-image":"","background-repeat":"repeat","background-position":"center center","background-size":"auto","background-attachment":"scroll","background-type":"","background-media":"","overlay-type":"","overlay-color":"","overlay-opacity":"","overlay-gradient":""},"mobile":{"background-color":"var(--ast-global-color-4)","background-image":"","background-repeat":"repeat","background-position":"center center","background-size":"auto","background-attachment":"scroll","background-type":"","background-media":"","overlay-type":"","overlay-color":"","overlay-opacity":"","overlay-gradient":""}},"footnotes":""},"categories":[1],"tags":[],"class_list":["post-4657","post","type-post","status-publish","format-standard","has-post-thumbnail","hentry","category-general"],"post_mailing_queue_ids":[],"_links":{"self":[{"href":"https:\/\/serveiseducatius.xtec.cat\/garrotxa\/wp-json\/wp\/v2\/posts\/4657","targetHints":{"allow":["GET"]}}],"collection":[{"href":"https:\/\/serveiseducatius.xtec.cat\/garrotxa\/wp-json\/wp\/v2\/posts"}],"about":[{"href":"https:\/\/serveiseducatius.xtec.cat\/garrotxa\/wp-json\/wp\/v2\/types\/post"}],"author":[{"embeddable":true,"href":"https:\/\/serveiseducatius.xtec.cat\/garrotxa\/wp-json\/wp\/v2\/users\/1"}],"replies":[{"embeddable":true,"href":"https:\/\/serveiseducatius.xtec.cat\/garrotxa\/wp-json\/wp\/v2\/comments?post=4657"}],"version-history":[{"count":6,"href":"https:\/\/serveiseducatius.xtec.cat\/garrotxa\/wp-json\/wp\/v2\/posts\/4657\/revisions"}],"predecessor-version":[{"id":4663,"href":"https:\/\/serveiseducatius.xtec.cat\/garrotxa\/wp-json\/wp\/v2\/posts\/4657\/revisions\/4663"}],"wp:featuredmedia":[{"embeddable":true,"href":"https:\/\/serveiseducatius.xtec.cat\/garrotxa\/wp-json\/wp\/v2\/media\/4665"}],"wp:attachment":[{"href":"https:\/\/serveiseducatius.xtec.cat\/garrotxa\/wp-json\/wp\/v2\/media?parent=4657"}],"wp:term":[{"taxonomy":"category","embeddable":true,"href":"https:\/\/serveiseducatius.xtec.cat\/garrotxa\/wp-json\/wp\/v2\/categories?post=4657"},{"taxonomy":"post_tag","embeddable":true,"href":"https:\/\/serveiseducatius.xtec.cat\/garrotxa\/wp-json\/wp\/v2\/tags?post=4657"}],"curies":[{"name":"wp","href":"https:\/\/api.w.org\/{rel}","templated":true}]}}