{"id":4639,"date":"2023-10-19T11:50:38","date_gmt":"2023-10-19T09:50:38","guid":{"rendered":"https:\/\/serveiseducatius.xtec.cat\/garrotxa\/?p=4639"},"modified":"2023-10-19T11:51:04","modified_gmt":"2023-10-19T09:51:04","slug":"any-lluis-castells","status":"publish","type":"post","link":"https:\/\/serveiseducatius.xtec.cat\/garrotxa\/general\/any-lluis-castells\/","title":{"rendered":"ANY LLU\u00cdS CASTELLS"},"content":{"rendered":"<p>Aquest curs escolar 2023 &#8211; 2024 l&#8217;Escola Llu\u00eds Castells est\u00e0 de celebraci\u00f3! Des de l&#8217;Ajuntament de Riudaura i amb la col\u00b7laboraci\u00f3 ve\u00efnal han programat un seguit d&#8217;activitats centrades en <strong>Llu\u00eds Castells, el mestre\u00a0<\/strong>en commemoraci\u00f3 del 25\u00e8 aniversari de la seva mort.<\/p>\n<p>La primera activitat <b>Recordant an\u00e8cdotes <\/b>la celebraran aquest dissabte 21 d&#8217;octubre a dos quarts de 7 al Centre C\u00edvic.<\/p>\n<p><a href=\"https:\/\/serveiseducatius.xtec.cat\/garrotxa\/general\/any-lluis-castells\/attachment\/img-20231015-wa0053\/\" rel=\"attachment wp-att-4641\"><img loading=\"lazy\" decoding=\"async\" class=\"aligncenter wp-image-4641\" src=\"https:\/\/serveiseducatius.xtec.cat\/garrotxa\/wp-content\/uploads\/usu774\/2023\/10\/IMG-20231015-WA0053.jpg\" alt=\"\" width=\"255\" height=\"360\" srcset=\"https:\/\/serveiseducatius.xtec.cat\/garrotxa\/wp-content\/uploads\/usu774\/2023\/10\/IMG-20231015-WA0053.jpg 724w, https:\/\/serveiseducatius.xtec.cat\/garrotxa\/wp-content\/uploads\/usu774\/2023\/10\/IMG-20231015-WA0053-212x300.jpg 212w\" sizes=\"auto, (max-width: 255px) 100vw, 255px\" \/><\/a><a href=\"https:\/\/serveiseducatius.xtec.cat\/garrotxa\/general\/any-lluis-castells\/attachment\/lluis-castells\/\" rel=\"attachment wp-att-4640\"><img loading=\"lazy\" decoding=\"async\" class=\"aligncenter wp-image-4640\" src=\"https:\/\/serveiseducatius.xtec.cat\/garrotxa\/wp-content\/uploads\/usu774\/2023\/10\/Lluis-Castells.jpg\" alt=\"\" width=\"255\" height=\"360\" srcset=\"https:\/\/serveiseducatius.xtec.cat\/garrotxa\/wp-content\/uploads\/usu774\/2023\/10\/Lluis-Castells.jpg 707w, https:\/\/serveiseducatius.xtec.cat\/garrotxa\/wp-content\/uploads\/usu774\/2023\/10\/Lluis-Castells-212x300.jpg 212w\" sizes=\"auto, (max-width: 255px) 100vw, 255px\" \/><\/a><\/p>\n","protected":false},"excerpt":{"rendered":"<p>Aquest curs escolar 2023 &#8211; 2024 l&#8217;Escola Llu\u00eds Castells est\u00e0 de celebraci\u00f3! Des de l&#8217;Ajuntament de Riudaura i amb la col\u00b7laboraci\u00f3 ve\u00efnal han programat un seguit d&#8217;activitats centrades en Llu\u00eds Castells, el mestre\u00a0en commemoraci\u00f3 del 25\u00e8 aniversari de la seva mort. La primera activitat Recordant an\u00e8cdotes la celebraran aquest dissabte 21 d&#8217;octubre a dos quarts [&hellip;]<\/p>\n","protected":false},"author":1,"featured_media":4640,"comment_status":"closed","ping_status":"closed","sticky":false,"template":"","format":"standard","meta":{"_bbp_topic_count":0,"_bbp_reply_count":0,"_bbp_total_topic_count":0,"_bbp_total_reply_count":0,"_bbp_voice_count":0,"_bbp_anonymous_reply_count":0,"_bbp_topic_count_hidden":0,"_bbp_reply_count_hidden":0,"_bbp_forum_subforum_count":0,"site-sidebar-layout":"default","site-content-layout":"","ast-site-content-layout":"","site-content-style":"default","site-sidebar-style":"default","ast-global-header-display":"","ast-banner-title-visibility":"","ast-main-header-display":"","ast-hfb-above-header-display":"","ast-hfb-below-header-display":"","ast-hfb-mobile-header-display":"","site-post-title":"","ast-breadcrumbs-content":"","ast-featured-img":"","footer-sml-layout":"","theme-transparent-header-meta":"","adv-header-id-meta":"","stick-header-meta":"","header-above-stick-meta":"","header-main-stick-meta":"","header-below-stick-meta":"","astra-migrate-meta-layouts":"default","ast-page-background-enabled":"default","ast-page-background-meta":{"desktop":{"background-color":"var(--ast-global-color-5)","background-image":"","background-repeat":"repeat","background-position":"center center","background-size":"auto","background-attachment":"scroll","background-type":"","background-media":"","overlay-type":"","overlay-color":"","overlay-opacity":"","overlay-gradient":""},"tablet":{"background-color":"","background-image":"","background-repeat":"repeat","background-position":"center center","background-size":"auto","background-attachment":"scroll","background-type":"","background-media":"","overlay-type":"","overlay-color":"","overlay-opacity":"","overlay-gradient":""},"mobile":{"background-color":"","background-image":"","background-repeat":"repeat","background-position":"center center","background-size":"auto","background-attachment":"scroll","background-type":"","background-media":"","overlay-type":"","overlay-color":"","overlay-opacity":"","overlay-gradient":""}},"ast-content-background-meta":{"desktop":{"background-color":"var(--ast-global-color-4)","background-image":"","background-repeat":"repeat","background-position":"center center","background-size":"auto","background-attachment":"scroll","background-type":"","background-media":"","overlay-type":"","overlay-color":"","overlay-opacity":"","overlay-gradient":""},"tablet":{"background-color":"var(--ast-global-color-4)","background-image":"","background-repeat":"repeat","background-position":"center center","background-size":"auto","background-attachment":"scroll","background-type":"","background-media":"","overlay-type":"","overlay-color":"","overlay-opacity":"","overlay-gradient":""},"mobile":{"background-color":"var(--ast-global-color-4)","background-image":"","background-repeat":"repeat","background-position":"center center","background-size":"auto","background-attachment":"scroll","background-type":"","background-media":"","overlay-type":"","overlay-color":"","overlay-opacity":"","overlay-gradient":""}},"footnotes":""},"categories":[1],"tags":[],"class_list":["post-4639","post","type-post","status-publish","format-standard","has-post-thumbnail","hentry","category-general"],"post_mailing_queue_ids":[],"_links":{"self":[{"href":"https:\/\/serveiseducatius.xtec.cat\/garrotxa\/wp-json\/wp\/v2\/posts\/4639","targetHints":{"allow":["GET"]}}],"collection":[{"href":"https:\/\/serveiseducatius.xtec.cat\/garrotxa\/wp-json\/wp\/v2\/posts"}],"about":[{"href":"https:\/\/serveiseducatius.xtec.cat\/garrotxa\/wp-json\/wp\/v2\/types\/post"}],"author":[{"embeddable":true,"href":"https:\/\/serveiseducatius.xtec.cat\/garrotxa\/wp-json\/wp\/v2\/users\/1"}],"replies":[{"embeddable":true,"href":"https:\/\/serveiseducatius.xtec.cat\/garrotxa\/wp-json\/wp\/v2\/comments?post=4639"}],"version-history":[{"count":4,"href":"https:\/\/serveiseducatius.xtec.cat\/garrotxa\/wp-json\/wp\/v2\/posts\/4639\/revisions"}],"predecessor-version":[{"id":4656,"href":"https:\/\/serveiseducatius.xtec.cat\/garrotxa\/wp-json\/wp\/v2\/posts\/4639\/revisions\/4656"}],"wp:featuredmedia":[{"embeddable":true,"href":"https:\/\/serveiseducatius.xtec.cat\/garrotxa\/wp-json\/wp\/v2\/media\/4640"}],"wp:attachment":[{"href":"https:\/\/serveiseducatius.xtec.cat\/garrotxa\/wp-json\/wp\/v2\/media?parent=4639"}],"wp:term":[{"taxonomy":"category","embeddable":true,"href":"https:\/\/serveiseducatius.xtec.cat\/garrotxa\/wp-json\/wp\/v2\/categories?post=4639"},{"taxonomy":"post_tag","embeddable":true,"href":"https:\/\/serveiseducatius.xtec.cat\/garrotxa\/wp-json\/wp\/v2\/tags?post=4639"}],"curies":[{"name":"wp","href":"https:\/\/api.w.org\/{rel}","templated":true}]}}