{"id":4629,"date":"2023-10-18T16:50:49","date_gmt":"2023-10-18T14:50:49","guid":{"rendered":"https:\/\/serveiseducatius.xtec.cat\/garrotxa\/?p=4629"},"modified":"2023-10-18T16:50:49","modified_gmt":"2023-10-18T14:50:49","slug":"premis-mestres-68","status":"publish","type":"post","link":"https:\/\/serveiseducatius.xtec.cat\/garrotxa\/general\/premis-mestres-68\/","title":{"rendered":"PREMIS MESTRES 68"},"content":{"rendered":"<p>Arriba la 26a edici\u00f3 dels <strong>Premis Mestres 68<\/strong>, organitzats pels Moviments de Renovaci\u00f3 Pedag\u00f2gica de les Comarques Gironines i la C\u00e0tedra de Renovaci\u00f3 Pedag\u00f2gica de la Universitat de Girona &#8211; Can Trona. Els premis pretenen recon\u00e8ixer la traject\u00f2ria i el comprom\u00eds de les persones, entitats, associacions, organitzacions, moviments, centres i institucions vinculades al m\u00f3n de l&#8217;educaci\u00f3, atorgant un premi individual, a una entitat i a un projecte comunitari.<\/p>\n<p>Es poden enviar les candidatures <strong>fins al 20 de desembre<\/strong> i s&#8217;han de presentar de forma col\u00b7lectiva a trav\u00e9s d&#8217;una entitat, associaci\u00f3, centre educatiu o instituci\u00f3, en cap cas de manera individual. Podeu consultar tota la informaci\u00f3 dels premis i el formulari de presentaci\u00f3 de les candidatures en el seg\u00fcent <a href=\"https:\/\/renovacioeducativa.cat\/convocatoria-26ena-edicio-2023-2024\/\">enlla\u00e7<\/a>.<\/p>\n<p><a href=\"https:\/\/serveiseducatius.xtec.cat\/garrotxa\/general\/premis-mestres-68\/attachment\/premis-mestres-68\/\" rel=\"attachment wp-att-4630\"><img loading=\"lazy\" decoding=\"async\" class=\"aligncenter  wp-image-4630\" src=\"https:\/\/serveiseducatius.xtec.cat\/garrotxa\/wp-content\/uploads\/usu774\/2023\/10\/premis-mestres-68.png\" alt=\"\" width=\"509\" height=\"159\" srcset=\"https:\/\/serveiseducatius.xtec.cat\/garrotxa\/wp-content\/uploads\/usu774\/2023\/10\/premis-mestres-68.png 753w, https:\/\/serveiseducatius.xtec.cat\/garrotxa\/wp-content\/uploads\/usu774\/2023\/10\/premis-mestres-68-300x94.png 300w\" sizes=\"auto, (max-width: 509px) 100vw, 509px\" \/><\/a><\/p>\n<p>&nbsp;<\/p>\n","protected":false},"excerpt":{"rendered":"<p>Arriba la 26a edici\u00f3 dels Premis Mestres 68, organitzats pels Moviments de Renovaci\u00f3 Pedag\u00f2gica de les Comarques Gironines i la C\u00e0tedra de Renovaci\u00f3 Pedag\u00f2gica de la Universitat de Girona &#8211; Can Trona. Els premis pretenen recon\u00e8ixer la traject\u00f2ria i el comprom\u00eds de les persones, entitats, associacions, organitzacions, moviments, centres i institucions vinculades al m\u00f3n de [&hellip;]<\/p>\n","protected":false},"author":1,"featured_media":4630,"comment_status":"closed","ping_status":"closed","sticky":false,"template":"","format":"standard","meta":{"_bbp_topic_count":0,"_bbp_reply_count":0,"_bbp_total_topic_count":0,"_bbp_total_reply_count":0,"_bbp_voice_count":0,"_bbp_anonymous_reply_count":0,"_bbp_topic_count_hidden":0,"_bbp_reply_count_hidden":0,"_bbp_forum_subforum_count":0,"site-sidebar-layout":"default","site-content-layout":"","ast-site-content-layout":"","site-content-style":"default","site-sidebar-style":"default","ast-global-header-display":"","ast-banner-title-visibility":"","ast-main-header-display":"","ast-hfb-above-header-display":"","ast-hfb-below-header-display":"","ast-hfb-mobile-header-display":"","site-post-title":"","ast-breadcrumbs-content":"","ast-featured-img":"","footer-sml-layout":"","theme-transparent-header-meta":"","adv-header-id-meta":"","stick-header-meta":"","header-above-stick-meta":"","header-main-stick-meta":"","header-below-stick-meta":"","astra-migrate-meta-layouts":"default","ast-page-background-enabled":"default","ast-page-background-meta":{"desktop":{"background-color":"var(--ast-global-color-5)","background-image":"","background-repeat":"repeat","background-position":"center center","background-size":"auto","background-attachment":"scroll","background-type":"","background-media":"","overlay-type":"","overlay-color":"","overlay-opacity":"","overlay-gradient":""},"tablet":{"background-color":"","background-image":"","background-repeat":"repeat","background-position":"center center","background-size":"auto","background-attachment":"scroll","background-type":"","background-media":"","overlay-type":"","overlay-color":"","overlay-opacity":"","overlay-gradient":""},"mobile":{"background-color":"","background-image":"","background-repeat":"repeat","background-position":"center center","background-size":"auto","background-attachment":"scroll","background-type":"","background-media":"","overlay-type":"","overlay-color":"","overlay-opacity":"","overlay-gradient":""}},"ast-content-background-meta":{"desktop":{"background-color":"var(--ast-global-color-4)","background-image":"","background-repeat":"repeat","background-position":"center center","background-size":"auto","background-attachment":"scroll","background-type":"","background-media":"","overlay-type":"","overlay-color":"","overlay-opacity":"","overlay-gradient":""},"tablet":{"background-color":"var(--ast-global-color-4)","background-image":"","background-repeat":"repeat","background-position":"center center","background-size":"auto","background-attachment":"scroll","background-type":"","background-media":"","overlay-type":"","overlay-color":"","overlay-opacity":"","overlay-gradient":""},"mobile":{"background-color":"var(--ast-global-color-4)","background-image":"","background-repeat":"repeat","background-position":"center center","background-size":"auto","background-attachment":"scroll","background-type":"","background-media":"","overlay-type":"","overlay-color":"","overlay-opacity":"","overlay-gradient":""}},"footnotes":""},"categories":[1],"tags":[],"class_list":["post-4629","post","type-post","status-publish","format-standard","has-post-thumbnail","hentry","category-general"],"post_mailing_queue_ids":[],"_links":{"self":[{"href":"https:\/\/serveiseducatius.xtec.cat\/garrotxa\/wp-json\/wp\/v2\/posts\/4629","targetHints":{"allow":["GET"]}}],"collection":[{"href":"https:\/\/serveiseducatius.xtec.cat\/garrotxa\/wp-json\/wp\/v2\/posts"}],"about":[{"href":"https:\/\/serveiseducatius.xtec.cat\/garrotxa\/wp-json\/wp\/v2\/types\/post"}],"author":[{"embeddable":true,"href":"https:\/\/serveiseducatius.xtec.cat\/garrotxa\/wp-json\/wp\/v2\/users\/1"}],"replies":[{"embeddable":true,"href":"https:\/\/serveiseducatius.xtec.cat\/garrotxa\/wp-json\/wp\/v2\/comments?post=4629"}],"version-history":[{"count":2,"href":"https:\/\/serveiseducatius.xtec.cat\/garrotxa\/wp-json\/wp\/v2\/posts\/4629\/revisions"}],"predecessor-version":[{"id":4632,"href":"https:\/\/serveiseducatius.xtec.cat\/garrotxa\/wp-json\/wp\/v2\/posts\/4629\/revisions\/4632"}],"wp:featuredmedia":[{"embeddable":true,"href":"https:\/\/serveiseducatius.xtec.cat\/garrotxa\/wp-json\/wp\/v2\/media\/4630"}],"wp:attachment":[{"href":"https:\/\/serveiseducatius.xtec.cat\/garrotxa\/wp-json\/wp\/v2\/media?parent=4629"}],"wp:term":[{"taxonomy":"category","embeddable":true,"href":"https:\/\/serveiseducatius.xtec.cat\/garrotxa\/wp-json\/wp\/v2\/categories?post=4629"},{"taxonomy":"post_tag","embeddable":true,"href":"https:\/\/serveiseducatius.xtec.cat\/garrotxa\/wp-json\/wp\/v2\/tags?post=4629"}],"curies":[{"name":"wp","href":"https:\/\/api.w.org\/{rel}","templated":true}]}}