{"id":4600,"date":"2023-10-05T13:08:20","date_gmt":"2023-10-05T11:08:20","guid":{"rendered":"https:\/\/serveiseducatius.xtec.cat\/garrotxa\/?p=4600"},"modified":"2023-10-05T13:08:20","modified_gmt":"2023-10-05T11:08:20","slug":"28a-setmana-de-la-ciencia","status":"publish","type":"post","link":"https:\/\/serveiseducatius.xtec.cat\/garrotxa\/general\/28a-setmana-de-la-ciencia\/","title":{"rendered":"28a SETMANA DE LA CI\u00c8NCIA"},"content":{"rendered":"<p dir=\"ltr\">Del 10 al 19 de novembre l&#8217;alumnat de 3r i 4t d&#8217;ESO tindr\u00e0 l&#8217;oportunitat de poder participar, virtualment, de la <strong>28a edici\u00f3 de la Setmana de la Ci\u00e8ncia, <\/strong>organitzada per la Fundaci\u00f3 Catalana per a la Recerca i la Innovaci\u00f3 amb el suport del Departament d&#8217;Educaci\u00f3.<\/p>\n<p dir=\"ltr\">L&#8217;activitat <strong>&#8220;La ci\u00e8ncia en primera persona&#8221;<\/strong> que se celebrar\u00e0 el dia <strong>15 de novembre<\/strong> al mat\u00ed s&#8217;emmarca en la Setmana de la Ci\u00e8ncia, amb la finalitat del foment de les vocacions cient\u00edfiques i tecnol\u00f2giques entre l&#8217;alumnat, pretenent apropar els i les cient\u00edfiques als instituts. L\u2019activitat va a c\u00e0rrec de cient\u00edfics i cient\u00edfiques que es dediquen a la investigaci\u00f3 i que expliquen la seva tasca, tant des del vessant cient\u00edfic com del vessant hum\u00e0.<\/p>\n<p dir=\"ltr\" style=\"padding-left: 120px;\"><a href=\"https:\/\/serveiseducatius.xtec.cat\/garrotxa\/general\/28a-setmana-de-la-ciencia\/attachment\/28a-setmana-ciencia\/\" rel=\"attachment wp-att-4602\"><iframe loading=\"lazy\" src=\"https:\/\/drive.google.com\/file\/d\/1danVnJFAkEMw9tJh2TH6HPQ7ETjkGuG5\/preview\" width=\"640\" height=\"1024\"><\/iframe><\/a><\/p>\n","protected":false},"excerpt":{"rendered":"<p>Del 10 al 19 de novembre l&#8217;alumnat de 3r i 4t d&#8217;ESO tindr\u00e0 l&#8217;oportunitat de poder participar, virtualment, de la 28a edici\u00f3 de la Setmana de la Ci\u00e8ncia, organitzada per la Fundaci\u00f3 Catalana per a la Recerca i la Innovaci\u00f3 amb el suport del Departament d&#8217;Educaci\u00f3. L&#8217;activitat &#8220;La ci\u00e8ncia en primera persona&#8221; que se celebrar\u00e0 [&hellip;]<\/p>\n","protected":false},"author":1,"featured_media":4602,"comment_status":"closed","ping_status":"closed","sticky":false,"template":"","format":"standard","meta":{"_bbp_topic_count":0,"_bbp_reply_count":0,"_bbp_total_topic_count":0,"_bbp_total_reply_count":0,"_bbp_voice_count":0,"_bbp_anonymous_reply_count":0,"_bbp_topic_count_hidden":0,"_bbp_reply_count_hidden":0,"_bbp_forum_subforum_count":0,"site-sidebar-layout":"default","site-content-layout":"","ast-site-content-layout":"","site-content-style":"default","site-sidebar-style":"default","ast-global-header-display":"","ast-banner-title-visibility":"","ast-main-header-display":"","ast-hfb-above-header-display":"","ast-hfb-below-header-display":"","ast-hfb-mobile-header-display":"","site-post-title":"","ast-breadcrumbs-content":"","ast-featured-img":"","footer-sml-layout":"","theme-transparent-header-meta":"","adv-header-id-meta":"","stick-header-meta":"","header-above-stick-meta":"","header-main-stick-meta":"","header-below-stick-meta":"","astra-migrate-meta-layouts":"default","ast-page-background-enabled":"default","ast-page-background-meta":{"desktop":{"background-color":"var(--ast-global-color-5)","background-image":"","background-repeat":"repeat","background-position":"center center","background-size":"auto","background-attachment":"scroll","background-type":"","background-media":"","overlay-type":"","overlay-color":"","overlay-opacity":"","overlay-gradient":""},"tablet":{"background-color":"","background-image":"","background-repeat":"repeat","background-position":"center center","background-size":"auto","background-attachment":"scroll","background-type":"","background-media":"","overlay-type":"","overlay-color":"","overlay-opacity":"","overlay-gradient":""},"mobile":{"background-color":"","background-image":"","background-repeat":"repeat","background-position":"center center","background-size":"auto","background-attachment":"scroll","background-type":"","background-media":"","overlay-type":"","overlay-color":"","overlay-opacity":"","overlay-gradient":""}},"ast-content-background-meta":{"desktop":{"background-color":"var(--ast-global-color-4)","background-image":"","background-repeat":"repeat","background-position":"center center","background-size":"auto","background-attachment":"scroll","background-type":"","background-media":"","overlay-type":"","overlay-color":"","overlay-opacity":"","overlay-gradient":""},"tablet":{"background-color":"var(--ast-global-color-4)","background-image":"","background-repeat":"repeat","background-position":"center center","background-size":"auto","background-attachment":"scroll","background-type":"","background-media":"","overlay-type":"","overlay-color":"","overlay-opacity":"","overlay-gradient":""},"mobile":{"background-color":"var(--ast-global-color-4)","background-image":"","background-repeat":"repeat","background-position":"center center","background-size":"auto","background-attachment":"scroll","background-type":"","background-media":"","overlay-type":"","overlay-color":"","overlay-opacity":"","overlay-gradient":""}},"footnotes":""},"categories":[1],"tags":[],"class_list":["post-4600","post","type-post","status-publish","format-standard","has-post-thumbnail","hentry","category-general"],"post_mailing_queue_ids":[],"_links":{"self":[{"href":"https:\/\/serveiseducatius.xtec.cat\/garrotxa\/wp-json\/wp\/v2\/posts\/4600","targetHints":{"allow":["GET"]}}],"collection":[{"href":"https:\/\/serveiseducatius.xtec.cat\/garrotxa\/wp-json\/wp\/v2\/posts"}],"about":[{"href":"https:\/\/serveiseducatius.xtec.cat\/garrotxa\/wp-json\/wp\/v2\/types\/post"}],"author":[{"embeddable":true,"href":"https:\/\/serveiseducatius.xtec.cat\/garrotxa\/wp-json\/wp\/v2\/users\/1"}],"replies":[{"embeddable":true,"href":"https:\/\/serveiseducatius.xtec.cat\/garrotxa\/wp-json\/wp\/v2\/comments?post=4600"}],"version-history":[{"count":6,"href":"https:\/\/serveiseducatius.xtec.cat\/garrotxa\/wp-json\/wp\/v2\/posts\/4600\/revisions"}],"predecessor-version":[{"id":4608,"href":"https:\/\/serveiseducatius.xtec.cat\/garrotxa\/wp-json\/wp\/v2\/posts\/4600\/revisions\/4608"}],"wp:featuredmedia":[{"embeddable":true,"href":"https:\/\/serveiseducatius.xtec.cat\/garrotxa\/wp-json\/wp\/v2\/media\/4602"}],"wp:attachment":[{"href":"https:\/\/serveiseducatius.xtec.cat\/garrotxa\/wp-json\/wp\/v2\/media?parent=4600"}],"wp:term":[{"taxonomy":"category","embeddable":true,"href":"https:\/\/serveiseducatius.xtec.cat\/garrotxa\/wp-json\/wp\/v2\/categories?post=4600"},{"taxonomy":"post_tag","embeddable":true,"href":"https:\/\/serveiseducatius.xtec.cat\/garrotxa\/wp-json\/wp\/v2\/tags?post=4600"}],"curies":[{"name":"wp","href":"https:\/\/api.w.org\/{rel}","templated":true}]}}