{"id":4583,"date":"2023-10-02T12:34:56","date_gmt":"2023-10-02T10:34:56","guid":{"rendered":"https:\/\/serveiseducatius.xtec.cat\/garrotxa\/?p=4583"},"modified":"2023-10-02T12:34:56","modified_gmt":"2023-10-02T10:34:56","slug":"un-mon-en-clau-f","status":"publish","type":"post","link":"https:\/\/serveiseducatius.xtec.cat\/garrotxa\/general\/un-mon-en-clau-f\/","title":{"rendered":"UN M\u00d3N EN CLAU F"},"content":{"rendered":"<p>La C\u00e0tedra de Renovaci\u00f3 Pedag\u00f2gica ens informa de la presentaci\u00f3 del llibre &#8220;Un m\u00f3n en clau F&#8221; de Joan Vinyets que es dur\u00e0 a terme aquest dijous 5 d&#8217;octubre a la Llibreria 22 de Girona a les 18:30 hores. El llibre tracta sobre les noves din\u00e0miques de creaci\u00f3 de riquesa i de productivitat basades en els valors que tradicionalment han identificat a les dones. Perqu\u00e8 la clau es troba en la feminitzaci\u00f3 del m\u00f3n i de les organitzacions.<\/p>\n<p><a href=\"https:\/\/serveiseducatius.xtec.cat\/garrotxa\/general\/un-mon-en-clau-f\/attachment\/presentacions-un-mon-en-clau-f-tw-1\/\" rel=\"attachment wp-att-4584\"><img loading=\"lazy\" decoding=\"async\" class=\"aligncenter wp-image-4584\" src=\"https:\/\/serveiseducatius.xtec.cat\/garrotxa\/wp-content\/uploads\/usu774\/2023\/10\/Presentacions-Un-mo\u0301n-en-clau-F-TW-1-1024x576.png\" alt=\"\" width=\"902\" height=\"507\" srcset=\"https:\/\/serveiseducatius.xtec.cat\/garrotxa\/wp-content\/uploads\/usu774\/2023\/10\/Presentacions-Un-mo\u0301n-en-clau-F-TW-1-1024x576.png 1024w, https:\/\/serveiseducatius.xtec.cat\/garrotxa\/wp-content\/uploads\/usu774\/2023\/10\/Presentacions-Un-mo\u0301n-en-clau-F-TW-1-300x169.png 300w, https:\/\/serveiseducatius.xtec.cat\/garrotxa\/wp-content\/uploads\/usu774\/2023\/10\/Presentacions-Un-mo\u0301n-en-clau-F-TW-1-768x432.png 768w, https:\/\/serveiseducatius.xtec.cat\/garrotxa\/wp-content\/uploads\/usu774\/2023\/10\/Presentacions-Un-mo\u0301n-en-clau-F-TW-1-1536x864.png 1536w, https:\/\/serveiseducatius.xtec.cat\/garrotxa\/wp-content\/uploads\/usu774\/2023\/10\/Presentacions-Un-mo\u0301n-en-clau-F-TW-1.png 1600w\" sizes=\"auto, (max-width: 902px) 100vw, 902px\" \/><\/a><\/p>\n","protected":false},"excerpt":{"rendered":"<p>La C\u00e0tedra de Renovaci\u00f3 Pedag\u00f2gica ens informa de la presentaci\u00f3 del llibre &#8220;Un m\u00f3n en clau F&#8221; de Joan Vinyets que es dur\u00e0 a terme aquest dijous 5 d&#8217;octubre a la Llibreria 22 de Girona a les 18:30 hores. El llibre tracta sobre les noves din\u00e0miques de creaci\u00f3 de riquesa i de productivitat basades en [&hellip;]<\/p>\n","protected":false},"author":1,"featured_media":4584,"comment_status":"closed","ping_status":"closed","sticky":false,"template":"","format":"standard","meta":{"_bbp_topic_count":0,"_bbp_reply_count":0,"_bbp_total_topic_count":0,"_bbp_total_reply_count":0,"_bbp_voice_count":0,"_bbp_anonymous_reply_count":0,"_bbp_topic_count_hidden":0,"_bbp_reply_count_hidden":0,"_bbp_forum_subforum_count":0,"site-sidebar-layout":"default","site-content-layout":"","ast-site-content-layout":"","site-content-style":"default","site-sidebar-style":"default","ast-global-header-display":"","ast-banner-title-visibility":"","ast-main-header-display":"","ast-hfb-above-header-display":"","ast-hfb-below-header-display":"","ast-hfb-mobile-header-display":"","site-post-title":"","ast-breadcrumbs-content":"","ast-featured-img":"","footer-sml-layout":"","theme-transparent-header-meta":"","adv-header-id-meta":"","stick-header-meta":"","header-above-stick-meta":"","header-main-stick-meta":"","header-below-stick-meta":"","astra-migrate-meta-layouts":"default","ast-page-background-enabled":"default","ast-page-background-meta":{"desktop":{"background-color":"var(--ast-global-color-5)","background-image":"","background-repeat":"repeat","background-position":"center center","background-size":"auto","background-attachment":"scroll","background-type":"","background-media":"","overlay-type":"","overlay-color":"","overlay-opacity":"","overlay-gradient":""},"tablet":{"background-color":"","background-image":"","background-repeat":"repeat","background-position":"center center","background-size":"auto","background-attachment":"scroll","background-type":"","background-media":"","overlay-type":"","overlay-color":"","overlay-opacity":"","overlay-gradient":""},"mobile":{"background-color":"","background-image":"","background-repeat":"repeat","background-position":"center center","background-size":"auto","background-attachment":"scroll","background-type":"","background-media":"","overlay-type":"","overlay-color":"","overlay-opacity":"","overlay-gradient":""}},"ast-content-background-meta":{"desktop":{"background-color":"var(--ast-global-color-4)","background-image":"","background-repeat":"repeat","background-position":"center center","background-size":"auto","background-attachment":"scroll","background-type":"","background-media":"","overlay-type":"","overlay-color":"","overlay-opacity":"","overlay-gradient":""},"tablet":{"background-color":"var(--ast-global-color-4)","background-image":"","background-repeat":"repeat","background-position":"center center","background-size":"auto","background-attachment":"scroll","background-type":"","background-media":"","overlay-type":"","overlay-color":"","overlay-opacity":"","overlay-gradient":""},"mobile":{"background-color":"var(--ast-global-color-4)","background-image":"","background-repeat":"repeat","background-position":"center center","background-size":"auto","background-attachment":"scroll","background-type":"","background-media":"","overlay-type":"","overlay-color":"","overlay-opacity":"","overlay-gradient":""}},"footnotes":""},"categories":[1],"tags":[],"class_list":["post-4583","post","type-post","status-publish","format-standard","has-post-thumbnail","hentry","category-general"],"post_mailing_queue_ids":[],"_links":{"self":[{"href":"https:\/\/serveiseducatius.xtec.cat\/garrotxa\/wp-json\/wp\/v2\/posts\/4583","targetHints":{"allow":["GET"]}}],"collection":[{"href":"https:\/\/serveiseducatius.xtec.cat\/garrotxa\/wp-json\/wp\/v2\/posts"}],"about":[{"href":"https:\/\/serveiseducatius.xtec.cat\/garrotxa\/wp-json\/wp\/v2\/types\/post"}],"author":[{"embeddable":true,"href":"https:\/\/serveiseducatius.xtec.cat\/garrotxa\/wp-json\/wp\/v2\/users\/1"}],"replies":[{"embeddable":true,"href":"https:\/\/serveiseducatius.xtec.cat\/garrotxa\/wp-json\/wp\/v2\/comments?post=4583"}],"version-history":[{"count":3,"href":"https:\/\/serveiseducatius.xtec.cat\/garrotxa\/wp-json\/wp\/v2\/posts\/4583\/revisions"}],"predecessor-version":[{"id":4587,"href":"https:\/\/serveiseducatius.xtec.cat\/garrotxa\/wp-json\/wp\/v2\/posts\/4583\/revisions\/4587"}],"wp:featuredmedia":[{"embeddable":true,"href":"https:\/\/serveiseducatius.xtec.cat\/garrotxa\/wp-json\/wp\/v2\/media\/4584"}],"wp:attachment":[{"href":"https:\/\/serveiseducatius.xtec.cat\/garrotxa\/wp-json\/wp\/v2\/media?parent=4583"}],"wp:term":[{"taxonomy":"category","embeddable":true,"href":"https:\/\/serveiseducatius.xtec.cat\/garrotxa\/wp-json\/wp\/v2\/categories?post=4583"},{"taxonomy":"post_tag","embeddable":true,"href":"https:\/\/serveiseducatius.xtec.cat\/garrotxa\/wp-json\/wp\/v2\/tags?post=4583"}],"curies":[{"name":"wp","href":"https:\/\/api.w.org\/{rel}","templated":true}]}}