{"id":4545,"date":"2023-09-26T12:37:43","date_gmt":"2023-09-26T10:37:43","guid":{"rendered":"https:\/\/serveiseducatius.xtec.cat\/garrotxa\/?p=4545"},"modified":"2023-09-26T12:37:43","modified_gmt":"2023-09-26T10:37:43","slug":"lorigen-la-formacio-i-levolucio-de-les-colades-de-lava","status":"publish","type":"post","link":"https:\/\/serveiseducatius.xtec.cat\/garrotxa\/general\/lorigen-la-formacio-i-levolucio-de-les-colades-de-lava\/","title":{"rendered":"L&#8217;ORIGEN, LA FORMACI\u00d3 I L&#8217;EVOLUCI\u00d3 DE LES COLADES DE LAVA"},"content":{"rendered":"<p>Des del <strong><a href=\"https:\/\/serveiseducatius.xtec.cat\/cda-garrotxa\/general\/castellfollit-de-la-roca-levolucio-duna-cinglera-basaltica\/\">Camp d&#8217;Aprenentatge (CdA) de la Garrotxa<\/a><\/strong> han publicat tres documents audiovisuals sobre el vulcanisme i la geologia. Aquests tres v\u00eddeos expliquen de forma breu i concisa, per\u00f2 alhora de manera cient\u00edfica i detallada, l&#8217;origen, la formaci\u00f3 i l&#8217;evoluci\u00f3 de les colades de lava, fent especial inc\u00eds en les colades bas\u00e0ltiques de Castellfollit de la Roca i de Sant Joan les Fonts.<\/p>\n<p><a href=\"https:\/\/www.youtube.com\/watch?v=yjgZtQrZxn8&amp;t=3s\"><img loading=\"lazy\" decoding=\"async\" class=\"aligncenter wp-image-4546\" src=\"https:\/\/serveiseducatius.xtec.cat\/garrotxa\/wp-content\/uploads\/usu774\/2023\/09\/Castell-follit-de-la-roca-1024x580.jpg\" alt=\"\" width=\"550\" height=\"312\" srcset=\"https:\/\/serveiseducatius.xtec.cat\/garrotxa\/wp-content\/uploads\/usu774\/2023\/09\/Castell-follit-de-la-roca-1024x580.jpg 1024w, https:\/\/serveiseducatius.xtec.cat\/garrotxa\/wp-content\/uploads\/usu774\/2023\/09\/Castell-follit-de-la-roca-300x170.jpg 300w, https:\/\/serveiseducatius.xtec.cat\/garrotxa\/wp-content\/uploads\/usu774\/2023\/09\/Castell-follit-de-la-roca-768x435.jpg 768w, https:\/\/serveiseducatius.xtec.cat\/garrotxa\/wp-content\/uploads\/usu774\/2023\/09\/Castell-follit-de-la-roca.jpg 1154w\" sizes=\"auto, (max-width: 550px) 100vw, 550px\" \/><\/a><\/p>\n<p><a href=\"https:\/\/www.youtube.com\/watch?v=lAka_oS_9ow&amp;t=2s\"><img loading=\"lazy\" decoding=\"async\" class=\"aligncenter wp-image-4547\" src=\"https:\/\/serveiseducatius.xtec.cat\/garrotxa\/wp-content\/uploads\/usu774\/2023\/09\/Cinglera-de-Basalt.jp_-1024x573.jpg\" alt=\"\" width=\"550\" height=\"308\" srcset=\"https:\/\/serveiseducatius.xtec.cat\/garrotxa\/wp-content\/uploads\/usu774\/2023\/09\/Cinglera-de-Basalt.jp_-1024x573.jpg 1024w, https:\/\/serveiseducatius.xtec.cat\/garrotxa\/wp-content\/uploads\/usu774\/2023\/09\/Cinglera-de-Basalt.jp_-300x168.jpg 300w, https:\/\/serveiseducatius.xtec.cat\/garrotxa\/wp-content\/uploads\/usu774\/2023\/09\/Cinglera-de-Basalt.jp_-768x430.jpg 768w, https:\/\/serveiseducatius.xtec.cat\/garrotxa\/wp-content\/uploads\/usu774\/2023\/09\/Cinglera-de-Basalt.jp_.jpg 1156w\" sizes=\"auto, (max-width: 550px) 100vw, 550px\" \/><\/a><\/p>\n<p><a href=\"https:\/\/www.youtube.com\/watch?v=WzxuwEC7v10&amp;t=1s\"><img loading=\"lazy\" decoding=\"async\" class=\"aligncenter wp-image-4548\" src=\"https:\/\/serveiseducatius.xtec.cat\/garrotxa\/wp-content\/uploads\/usu774\/2023\/09\/Les-colades-per-dins-1024x575.jpg\" alt=\"\" width=\"550\" height=\"309\" srcset=\"https:\/\/serveiseducatius.xtec.cat\/garrotxa\/wp-content\/uploads\/usu774\/2023\/09\/Les-colades-per-dins-1024x575.jpg 1024w, https:\/\/serveiseducatius.xtec.cat\/garrotxa\/wp-content\/uploads\/usu774\/2023\/09\/Les-colades-per-dins-300x169.jpg 300w, https:\/\/serveiseducatius.xtec.cat\/garrotxa\/wp-content\/uploads\/usu774\/2023\/09\/Les-colades-per-dins-768x431.jpg 768w, https:\/\/serveiseducatius.xtec.cat\/garrotxa\/wp-content\/uploads\/usu774\/2023\/09\/Les-colades-per-dins.jpg 1157w\" sizes=\"auto, (max-width: 550px) 100vw, 550px\" \/><\/a><\/p>\n<p>&nbsp;<\/p>\n","protected":false},"excerpt":{"rendered":"<p>Des del Camp d&#8217;Aprenentatge (CdA) de la Garrotxa han publicat tres documents audiovisuals sobre el vulcanisme i la geologia. Aquests tres v\u00eddeos expliquen de forma breu i concisa, per\u00f2 alhora de manera cient\u00edfica i detallada, l&#8217;origen, la formaci\u00f3 i l&#8217;evoluci\u00f3 de les colades de lava, fent especial inc\u00eds en les colades bas\u00e0ltiques de Castellfollit de [&hellip;]<\/p>\n","protected":false},"author":1,"featured_media":4548,"comment_status":"closed","ping_status":"closed","sticky":false,"template":"","format":"standard","meta":{"_bbp_topic_count":0,"_bbp_reply_count":0,"_bbp_total_topic_count":0,"_bbp_total_reply_count":0,"_bbp_voice_count":0,"_bbp_anonymous_reply_count":0,"_bbp_topic_count_hidden":0,"_bbp_reply_count_hidden":0,"_bbp_forum_subforum_count":0,"site-sidebar-layout":"default","site-content-layout":"","ast-site-content-layout":"","site-content-style":"default","site-sidebar-style":"default","ast-global-header-display":"","ast-banner-title-visibility":"","ast-main-header-display":"","ast-hfb-above-header-display":"","ast-hfb-below-header-display":"","ast-hfb-mobile-header-display":"","site-post-title":"","ast-breadcrumbs-content":"","ast-featured-img":"","footer-sml-layout":"","theme-transparent-header-meta":"","adv-header-id-meta":"","stick-header-meta":"","header-above-stick-meta":"","header-main-stick-meta":"","header-below-stick-meta":"","astra-migrate-meta-layouts":"default","ast-page-background-enabled":"default","ast-page-background-meta":{"desktop":{"background-color":"var(--ast-global-color-5)","background-image":"","background-repeat":"repeat","background-position":"center center","background-size":"auto","background-attachment":"scroll","background-type":"","background-media":"","overlay-type":"","overlay-color":"","overlay-opacity":"","overlay-gradient":""},"tablet":{"background-color":"","background-image":"","background-repeat":"repeat","background-position":"center center","background-size":"auto","background-attachment":"scroll","background-type":"","background-media":"","overlay-type":"","overlay-color":"","overlay-opacity":"","overlay-gradient":""},"mobile":{"background-color":"","background-image":"","background-repeat":"repeat","background-position":"center center","background-size":"auto","background-attachment":"scroll","background-type":"","background-media":"","overlay-type":"","overlay-color":"","overlay-opacity":"","overlay-gradient":""}},"ast-content-background-meta":{"desktop":{"background-color":"var(--ast-global-color-4)","background-image":"","background-repeat":"repeat","background-position":"center center","background-size":"auto","background-attachment":"scroll","background-type":"","background-media":"","overlay-type":"","overlay-color":"","overlay-opacity":"","overlay-gradient":""},"tablet":{"background-color":"var(--ast-global-color-4)","background-image":"","background-repeat":"repeat","background-position":"center center","background-size":"auto","background-attachment":"scroll","background-type":"","background-media":"","overlay-type":"","overlay-color":"","overlay-opacity":"","overlay-gradient":""},"mobile":{"background-color":"var(--ast-global-color-4)","background-image":"","background-repeat":"repeat","background-position":"center center","background-size":"auto","background-attachment":"scroll","background-type":"","background-media":"","overlay-type":"","overlay-color":"","overlay-opacity":"","overlay-gradient":""}},"footnotes":""},"categories":[1],"tags":[],"class_list":["post-4545","post","type-post","status-publish","format-standard","has-post-thumbnail","hentry","category-general"],"post_mailing_queue_ids":[],"_links":{"self":[{"href":"https:\/\/serveiseducatius.xtec.cat\/garrotxa\/wp-json\/wp\/v2\/posts\/4545","targetHints":{"allow":["GET"]}}],"collection":[{"href":"https:\/\/serveiseducatius.xtec.cat\/garrotxa\/wp-json\/wp\/v2\/posts"}],"about":[{"href":"https:\/\/serveiseducatius.xtec.cat\/garrotxa\/wp-json\/wp\/v2\/types\/post"}],"author":[{"embeddable":true,"href":"https:\/\/serveiseducatius.xtec.cat\/garrotxa\/wp-json\/wp\/v2\/users\/1"}],"replies":[{"embeddable":true,"href":"https:\/\/serveiseducatius.xtec.cat\/garrotxa\/wp-json\/wp\/v2\/comments?post=4545"}],"version-history":[{"count":3,"href":"https:\/\/serveiseducatius.xtec.cat\/garrotxa\/wp-json\/wp\/v2\/posts\/4545\/revisions"}],"predecessor-version":[{"id":4557,"href":"https:\/\/serveiseducatius.xtec.cat\/garrotxa\/wp-json\/wp\/v2\/posts\/4545\/revisions\/4557"}],"wp:featuredmedia":[{"embeddable":true,"href":"https:\/\/serveiseducatius.xtec.cat\/garrotxa\/wp-json\/wp\/v2\/media\/4548"}],"wp:attachment":[{"href":"https:\/\/serveiseducatius.xtec.cat\/garrotxa\/wp-json\/wp\/v2\/media?parent=4545"}],"wp:term":[{"taxonomy":"category","embeddable":true,"href":"https:\/\/serveiseducatius.xtec.cat\/garrotxa\/wp-json\/wp\/v2\/categories?post=4545"},{"taxonomy":"post_tag","embeddable":true,"href":"https:\/\/serveiseducatius.xtec.cat\/garrotxa\/wp-json\/wp\/v2\/tags?post=4545"}],"curies":[{"name":"wp","href":"https:\/\/api.w.org\/{rel}","templated":true}]}}