{"id":4510,"date":"2023-09-29T09:03:08","date_gmt":"2023-09-29T07:03:08","guid":{"rendered":"https:\/\/serveiseducatius.xtec.cat\/garrotxa\/?p=4510"},"modified":"2023-10-02T09:52:36","modified_gmt":"2023-10-02T07:52:36","slug":"xerrada-sobre-el-nou-decret-deducacio-infantil-nova-mirada","status":"publish","type":"post","link":"https:\/\/serveiseducatius.xtec.cat\/garrotxa\/general\/xerrada-sobre-el-nou-decret-deducacio-infantil-nova-mirada\/","title":{"rendered":"XERRADA SOBRE EL NOU DECRET D&#8217;EDUCACI\u00d3 INFANTIL, NOVA MIRADA?"},"content":{"rendered":"<p>Des del Servei Educatiu de la Garrotxa us convidem a participar de la xerrada sobre <strong>el nou decret d&#8217;educaci\u00f3 infantil, nova mirada?, <\/strong>on comptarem amb l&#8217;Eva Sargatal (mestra, formadora i directora de la revista In-f\u00e0n-ci-a) i en David Altimir (mestre d\u2019infantil i vinculat a la revista In-f\u00e0n-ci-a).<\/p>\n<p><strong>Dia i hora:\u00a0<\/strong>dimecres\u00a0<strong>4 d&#8217;octubre\u00a0<\/strong>de les 18:00 fins a les 20:00 hores<\/p>\n<p><strong><span style=\"color: #ff0000;\">Nou lloc<\/span>: <\/strong>INS La Garrotxa (Sala d\u2019Actes) &#8211; Ctra. Riudaura, 110 (Olot)<\/p>\n<p>La confer\u00e8ncia girar\u00e0 entorn de les idees, eines i recursos principals associats al nou curr\u00edculum d&#8217;educaci\u00f3 infantil. Al llarg de la <span class=\"il\">xerrada<\/span>\u00a0s\u2019exposaran algunes propostes pr\u00e0ctiques i exemples de diferents etapes educatives. Tot seguit, s\u2019obrir\u00e0 un torn obert de preguntes per als assistents.<\/p>\n<p>El professorat interessat a assistir a la confer\u00e8ncia pot <b>inscriure\u2019s al seg\u00fcent\u00a0<span style=\"text-decoration: underline;\"><a href=\"https:\/\/aplicacions.gestioeducativa.gencat.cat\/pls\/soloas\/pk_for_mod_ins.p_for_detall_activitat?p_header=Selecci%EF%BF%BD%5Epk_for_mod_ins.p_for_form_cons_act%3Fp_excloure_crp_rec%3DT*Llista+d%27activitats%5Epk_for_mod_ins.p_for_cons_activitats%3Fp_crp%3D504%26p_crp_txt%3DLa+Garrotxa.+Olot%26p_totes%3DN%26p_inici%3D1%26p_excloure_crp_rec%3DT&amp;p_codi=5040111504&amp;p_curs=2023-2024&amp;p_excloure_crp_rec=T\">enlla\u00e7<\/a><\/span><\/b>, ja que aquesta activitat forma part del Pla de Formaci\u00f3 de Zona (PFZ) de la comarca. De fet, l\u2019assist\u00e8ncia a la\u00a0<span class=\"il\">xerrada<\/span>\u00a0i un breu retorn de la mateixa suposar\u00e0 una certificaci\u00f3 de 5 hores de formaci\u00f3.<\/p>\n<p>Esperem veure-us i retrobar-nos de nou!<\/p>\n<p>Salut!<\/p>\n<p>Equip del Servei Educatiu de la Garrotxa<\/p>\n<p><a href=\"https:\/\/aplicacions.gestioeducativa.gencat.cat\/pls\/soloas\/pk_for_mod_ins.p_for_detall_activitat?p_header=Selecci%EF%BF%BD%5Epk_for_mod_ins.p_for_form_cons_act%3Fp_excloure_crp_rec%3DT*Llista+d%27activitats%5Epk_for_mod_ins.p_for_cons_activitats%3Fp_crp%3D504%26p_crp_txt%3DLa+Garrotxa.+Olot%26p_totes%3DN%26p_inici%3D1%26p_excloure_crp_rec%3DT&amp;p_codi=5040111504&amp;p_curs=2023-2024&amp;p_excloure_crp_rec=T\" rel=\"attachment wp-att-4579\"><img loading=\"lazy\" decoding=\"async\" class=\"aligncenter wp-image-4579\" src=\"https:\/\/serveiseducatius.xtec.cat\/garrotxa\/wp-content\/uploads\/usu774\/2023\/09\/Blue-Simple-We-Are-Hiring-Poster-Portrait-2-731x1024.png\" alt=\"\" width=\"571\" height=\"800\" srcset=\"https:\/\/serveiseducatius.xtec.cat\/garrotxa\/wp-content\/uploads\/usu774\/2023\/09\/Blue-Simple-We-Are-Hiring-Poster-Portrait-2-731x1024.png 731w, https:\/\/serveiseducatius.xtec.cat\/garrotxa\/wp-content\/uploads\/usu774\/2023\/09\/Blue-Simple-We-Are-Hiring-Poster-Portrait-2-214x300.png 214w, https:\/\/serveiseducatius.xtec.cat\/garrotxa\/wp-content\/uploads\/usu774\/2023\/09\/Blue-Simple-We-Are-Hiring-Poster-Portrait-2-768x1075.png 768w, https:\/\/serveiseducatius.xtec.cat\/garrotxa\/wp-content\/uploads\/usu774\/2023\/09\/Blue-Simple-We-Are-Hiring-Poster-Portrait-2-1097x1536.png 1097w, https:\/\/serveiseducatius.xtec.cat\/garrotxa\/wp-content\/uploads\/usu774\/2023\/09\/Blue-Simple-We-Are-Hiring-Poster-Portrait-2-1463x2048.png 1463w, https:\/\/serveiseducatius.xtec.cat\/garrotxa\/wp-content\/uploads\/usu774\/2023\/09\/Blue-Simple-We-Are-Hiring-Poster-Portrait-2.png 1920w\" sizes=\"auto, (max-width: 571px) 100vw, 571px\" \/><\/a><\/p>\n","protected":false},"excerpt":{"rendered":"<p>Des del Servei Educatiu de la Garrotxa us convidem a participar de la xerrada sobre el nou decret d&#8217;educaci\u00f3 infantil, nova mirada?, on comptarem amb l&#8217;Eva Sargatal (mestra, formadora i directora de la revista In-f\u00e0n-ci-a) i en David Altimir (mestre d\u2019infantil i vinculat a la revista In-f\u00e0n-ci-a). Dia i hora:\u00a0dimecres\u00a04 d&#8217;octubre\u00a0de les 18:00 fins a [&hellip;]<\/p>\n","protected":false},"author":1,"featured_media":4579,"comment_status":"closed","ping_status":"closed","sticky":false,"template":"","format":"standard","meta":{"_bbp_topic_count":0,"_bbp_reply_count":0,"_bbp_total_topic_count":0,"_bbp_total_reply_count":0,"_bbp_voice_count":0,"_bbp_anonymous_reply_count":0,"_bbp_topic_count_hidden":0,"_bbp_reply_count_hidden":0,"_bbp_forum_subforum_count":0,"site-sidebar-layout":"default","site-content-layout":"","ast-site-content-layout":"","site-content-style":"default","site-sidebar-style":"default","ast-global-header-display":"","ast-banner-title-visibility":"","ast-main-header-display":"","ast-hfb-above-header-display":"","ast-hfb-below-header-display":"","ast-hfb-mobile-header-display":"","site-post-title":"","ast-breadcrumbs-content":"","ast-featured-img":"","footer-sml-layout":"","theme-transparent-header-meta":"","adv-header-id-meta":"","stick-header-meta":"","header-above-stick-meta":"","header-main-stick-meta":"","header-below-stick-meta":"","astra-migrate-meta-layouts":"default","ast-page-background-enabled":"default","ast-page-background-meta":{"desktop":{"background-color":"var(--ast-global-color-5)","background-image":"","background-repeat":"repeat","background-position":"center center","background-size":"auto","background-attachment":"scroll","background-type":"","background-media":"","overlay-type":"","overlay-color":"","overlay-opacity":"","overlay-gradient":""},"tablet":{"background-color":"","background-image":"","background-repeat":"repeat","background-position":"center center","background-size":"auto","background-attachment":"scroll","background-type":"","background-media":"","overlay-type":"","overlay-color":"","overlay-opacity":"","overlay-gradient":""},"mobile":{"background-color":"","background-image":"","background-repeat":"repeat","background-position":"center center","background-size":"auto","background-attachment":"scroll","background-type":"","background-media":"","overlay-type":"","overlay-color":"","overlay-opacity":"","overlay-gradient":""}},"ast-content-background-meta":{"desktop":{"background-color":"var(--ast-global-color-4)","background-image":"","background-repeat":"repeat","background-position":"center center","background-size":"auto","background-attachment":"scroll","background-type":"","background-media":"","overlay-type":"","overlay-color":"","overlay-opacity":"","overlay-gradient":""},"tablet":{"background-color":"var(--ast-global-color-4)","background-image":"","background-repeat":"repeat","background-position":"center center","background-size":"auto","background-attachment":"scroll","background-type":"","background-media":"","overlay-type":"","overlay-color":"","overlay-opacity":"","overlay-gradient":""},"mobile":{"background-color":"var(--ast-global-color-4)","background-image":"","background-repeat":"repeat","background-position":"center center","background-size":"auto","background-attachment":"scroll","background-type":"","background-media":"","overlay-type":"","overlay-color":"","overlay-opacity":"","overlay-gradient":""}},"footnotes":""},"categories":[1],"tags":[],"class_list":["post-4510","post","type-post","status-publish","format-standard","has-post-thumbnail","hentry","category-general"],"post_mailing_queue_ids":[],"_links":{"self":[{"href":"https:\/\/serveiseducatius.xtec.cat\/garrotxa\/wp-json\/wp\/v2\/posts\/4510","targetHints":{"allow":["GET"]}}],"collection":[{"href":"https:\/\/serveiseducatius.xtec.cat\/garrotxa\/wp-json\/wp\/v2\/posts"}],"about":[{"href":"https:\/\/serveiseducatius.xtec.cat\/garrotxa\/wp-json\/wp\/v2\/types\/post"}],"author":[{"embeddable":true,"href":"https:\/\/serveiseducatius.xtec.cat\/garrotxa\/wp-json\/wp\/v2\/users\/1"}],"replies":[{"embeddable":true,"href":"https:\/\/serveiseducatius.xtec.cat\/garrotxa\/wp-json\/wp\/v2\/comments?post=4510"}],"version-history":[{"count":6,"href":"https:\/\/serveiseducatius.xtec.cat\/garrotxa\/wp-json\/wp\/v2\/posts\/4510\/revisions"}],"predecessor-version":[{"id":4582,"href":"https:\/\/serveiseducatius.xtec.cat\/garrotxa\/wp-json\/wp\/v2\/posts\/4510\/revisions\/4582"}],"wp:featuredmedia":[{"embeddable":true,"href":"https:\/\/serveiseducatius.xtec.cat\/garrotxa\/wp-json\/wp\/v2\/media\/4579"}],"wp:attachment":[{"href":"https:\/\/serveiseducatius.xtec.cat\/garrotxa\/wp-json\/wp\/v2\/media?parent=4510"}],"wp:term":[{"taxonomy":"category","embeddable":true,"href":"https:\/\/serveiseducatius.xtec.cat\/garrotxa\/wp-json\/wp\/v2\/categories?post=4510"},{"taxonomy":"post_tag","embeddable":true,"href":"https:\/\/serveiseducatius.xtec.cat\/garrotxa\/wp-json\/wp\/v2\/tags?post=4510"}],"curies":[{"name":"wp","href":"https:\/\/api.w.org\/{rel}","templated":true}]}}