{"id":4461,"date":"2023-09-12T11:03:19","date_gmt":"2023-09-12T09:03:19","guid":{"rendered":"https:\/\/serveiseducatius.xtec.cat\/garrotxa\/?p=4461"},"modified":"2023-09-13T08:28:03","modified_gmt":"2023-09-13T06:28:03","slug":"activitats-de-formacio-de-matematiques-a-primaria-i-secundaria-del-creamat","status":"publish","type":"post","link":"https:\/\/serveiseducatius.xtec.cat\/garrotxa\/general\/activitats-de-formacio-de-matematiques-a-primaria-i-secundaria-del-creamat\/","title":{"rendered":"ACTIVITATS DE FORMACI\u00d3 DE MATEM\u00c0TIQUES A PRIM\u00c0RIA I SECUND\u00c0RIA DEL CREAMAT"},"content":{"rendered":"<p style=\"text-align: justify;\">Des de l&#8217;Equip CREAMAT del CESIRE ens fan saber que ja hi ha obert el proc\u00e9s d&#8217;inscripci\u00f3 a les activitats de formaci\u00f3 d&#8217;enguany. Per si \u00e9s del vostre inter\u00e8s, us anunciem les propostes de formaci\u00f3 de matem\u00e0tiques que s&#8217;ofereixen des del CREAMAT als diferents territoris.<\/p>\n<div>\n<ul>\n<li style=\"text-align: justify;\">Els\u00a0<strong><a href=\"https:\/\/serveiseducatius.xtec.cat\/cesire\/nim-nodes-dimpuls-matematic\/\" target=\"_blank\" rel=\"noopener\" data-saferedirecturl=\"https:\/\/www.google.com\/url?q=https:\/\/serveiseducatius.xtec.cat\/cesire\/nim-nodes-dimpuls-matematic\/&amp;source=gmail&amp;ust=1694587721769000&amp;usg=AOvVaw2Cu-H38sc_z5H-HjVVovDu\">NIM, Nodes d&#8217;Impuls matem\u00e0tic<\/a><\/strong>, que s&#8217;ofereixen vinculats a un CRP de cada Servei Territorial, i que tenen dues parts diferenciades: Tres confer\u00e8ncies-taller presencials, obertes als inscrits\/inscrites, per\u00f2 a les que poden assistir altres docents interessats, i l&#8217;activitat de pr\u00e0ctica docent compartida que es far\u00e0 en grups redu\u00efts.<\/li>\n<li style=\"text-align: justify;\">Els\u00a0<b><a href=\"https:\/\/serveiseducatius.xtec.cat\/cesire\/aramat-a-primaria\/\" target=\"_blank\" rel=\"noopener\" data-saferedirecturl=\"https:\/\/www.google.com\/url?q=https:\/\/serveiseducatius.xtec.cat\/cesire\/aramat-a-primaria\/&amp;source=gmail&amp;ust=1694587721769000&amp;usg=AOvVaw3KAUPcxOO-8MbZn-IXNQc4\">ARAMAT per prim\u00e0ria<\/a><\/b> que tornen amb noves activitats i se n&#8217;ofereixen a tot el territori.<\/li>\n<li style=\"text-align: justify;\">Els<b>\u00a0<a href=\"https:\/\/serveiseducatius.xtec.cat\/cesire\/tallers-en-centre-de-matematiques-a-secundaria\/\" target=\"_blank\" rel=\"noopener\" data-saferedirecturl=\"https:\/\/www.google.com\/url?q=https:\/\/serveiseducatius.xtec.cat\/cesire\/tallers-en-centre-de-matematiques-a-secundaria\/&amp;source=gmail&amp;ust=1694587721769000&amp;usg=AOvVaw3vc3Z2cN_SQPT8Qjy6cnPw\">TALLERS en centre de matem\u00e0tiques a secund\u00e0ria<\/a><\/b>, en els quals podran participar equips de docents de matem\u00e0tiques de 2 o 3 centres propers.<\/li>\n<\/ul>\n<\/div>\n<p><img loading=\"lazy\" decoding=\"async\" class=\"aligncenter wp-image-4463 size-large\" src=\"https:\/\/serveiseducatius.xtec.cat\/garrotxa\/wp-content\/uploads\/usu774\/2023\/09\/FORMACIO-CESIRE-1024x566.jpg\" alt=\"\" width=\"1024\" height=\"566\" srcset=\"https:\/\/serveiseducatius.xtec.cat\/garrotxa\/wp-content\/uploads\/usu774\/2023\/09\/FORMACIO-CESIRE-1024x566.jpg 1024w, https:\/\/serveiseducatius.xtec.cat\/garrotxa\/wp-content\/uploads\/usu774\/2023\/09\/FORMACIO-CESIRE-300x166.jpg 300w, https:\/\/serveiseducatius.xtec.cat\/garrotxa\/wp-content\/uploads\/usu774\/2023\/09\/FORMACIO-CESIRE-768x424.jpg 768w, https:\/\/serveiseducatius.xtec.cat\/garrotxa\/wp-content\/uploads\/usu774\/2023\/09\/FORMACIO-CESIRE-1536x849.jpg 1536w, https:\/\/serveiseducatius.xtec.cat\/garrotxa\/wp-content\/uploads\/usu774\/2023\/09\/FORMACIO-CESIRE.jpg 1754w\" sizes=\"auto, (max-width: 1024px) 100vw, 1024px\" \/><\/p>\n","protected":false},"excerpt":{"rendered":"<p>Des de l&#8217;Equip CREAMAT del CESIRE ens fan saber que ja hi ha obert el proc\u00e9s d&#8217;inscripci\u00f3 a les activitats de formaci\u00f3 d&#8217;enguany. Per si \u00e9s del vostre inter\u00e8s, us anunciem les propostes de formaci\u00f3 de matem\u00e0tiques que s&#8217;ofereixen des del CREAMAT als diferents territoris. Els\u00a0NIM, Nodes d&#8217;Impuls matem\u00e0tic, que s&#8217;ofereixen vinculats a un CRP [&hellip;]<\/p>\n","protected":false},"author":1,"featured_media":4463,"comment_status":"closed","ping_status":"closed","sticky":false,"template":"","format":"standard","meta":{"_bbp_topic_count":0,"_bbp_reply_count":0,"_bbp_total_topic_count":0,"_bbp_total_reply_count":0,"_bbp_voice_count":0,"_bbp_anonymous_reply_count":0,"_bbp_topic_count_hidden":0,"_bbp_reply_count_hidden":0,"_bbp_forum_subforum_count":0,"site-sidebar-layout":"default","site-content-layout":"","ast-site-content-layout":"","site-content-style":"default","site-sidebar-style":"default","ast-global-header-display":"","ast-banner-title-visibility":"","ast-main-header-display":"","ast-hfb-above-header-display":"","ast-hfb-below-header-display":"","ast-hfb-mobile-header-display":"","site-post-title":"","ast-breadcrumbs-content":"","ast-featured-img":"","footer-sml-layout":"","theme-transparent-header-meta":"","adv-header-id-meta":"","stick-header-meta":"","header-above-stick-meta":"","header-main-stick-meta":"","header-below-stick-meta":"","astra-migrate-meta-layouts":"default","ast-page-background-enabled":"default","ast-page-background-meta":{"desktop":{"background-color":"var(--ast-global-color-5)","background-image":"","background-repeat":"repeat","background-position":"center center","background-size":"auto","background-attachment":"scroll","background-type":"","background-media":"","overlay-type":"","overlay-color":"","overlay-opacity":"","overlay-gradient":""},"tablet":{"background-color":"","background-image":"","background-repeat":"repeat","background-position":"center center","background-size":"auto","background-attachment":"scroll","background-type":"","background-media":"","overlay-type":"","overlay-color":"","overlay-opacity":"","overlay-gradient":""},"mobile":{"background-color":"","background-image":"","background-repeat":"repeat","background-position":"center center","background-size":"auto","background-attachment":"scroll","background-type":"","background-media":"","overlay-type":"","overlay-color":"","overlay-opacity":"","overlay-gradient":""}},"ast-content-background-meta":{"desktop":{"background-color":"var(--ast-global-color-4)","background-image":"","background-repeat":"repeat","background-position":"center center","background-size":"auto","background-attachment":"scroll","background-type":"","background-media":"","overlay-type":"","overlay-color":"","overlay-opacity":"","overlay-gradient":""},"tablet":{"background-color":"var(--ast-global-color-4)","background-image":"","background-repeat":"repeat","background-position":"center center","background-size":"auto","background-attachment":"scroll","background-type":"","background-media":"","overlay-type":"","overlay-color":"","overlay-opacity":"","overlay-gradient":""},"mobile":{"background-color":"var(--ast-global-color-4)","background-image":"","background-repeat":"repeat","background-position":"center center","background-size":"auto","background-attachment":"scroll","background-type":"","background-media":"","overlay-type":"","overlay-color":"","overlay-opacity":"","overlay-gradient":""}},"footnotes":""},"categories":[1],"tags":[],"class_list":["post-4461","post","type-post","status-publish","format-standard","has-post-thumbnail","hentry","category-general"],"post_mailing_queue_ids":[],"_links":{"self":[{"href":"https:\/\/serveiseducatius.xtec.cat\/garrotxa\/wp-json\/wp\/v2\/posts\/4461","targetHints":{"allow":["GET"]}}],"collection":[{"href":"https:\/\/serveiseducatius.xtec.cat\/garrotxa\/wp-json\/wp\/v2\/posts"}],"about":[{"href":"https:\/\/serveiseducatius.xtec.cat\/garrotxa\/wp-json\/wp\/v2\/types\/post"}],"author":[{"embeddable":true,"href":"https:\/\/serveiseducatius.xtec.cat\/garrotxa\/wp-json\/wp\/v2\/users\/1"}],"replies":[{"embeddable":true,"href":"https:\/\/serveiseducatius.xtec.cat\/garrotxa\/wp-json\/wp\/v2\/comments?post=4461"}],"version-history":[{"count":3,"href":"https:\/\/serveiseducatius.xtec.cat\/garrotxa\/wp-json\/wp\/v2\/posts\/4461\/revisions"}],"predecessor-version":[{"id":4467,"href":"https:\/\/serveiseducatius.xtec.cat\/garrotxa\/wp-json\/wp\/v2\/posts\/4461\/revisions\/4467"}],"wp:featuredmedia":[{"embeddable":true,"href":"https:\/\/serveiseducatius.xtec.cat\/garrotxa\/wp-json\/wp\/v2\/media\/4463"}],"wp:attachment":[{"href":"https:\/\/serveiseducatius.xtec.cat\/garrotxa\/wp-json\/wp\/v2\/media?parent=4461"}],"wp:term":[{"taxonomy":"category","embeddable":true,"href":"https:\/\/serveiseducatius.xtec.cat\/garrotxa\/wp-json\/wp\/v2\/categories?post=4461"},{"taxonomy":"post_tag","embeddable":true,"href":"https:\/\/serveiseducatius.xtec.cat\/garrotxa\/wp-json\/wp\/v2\/tags?post=4461"}],"curies":[{"name":"wp","href":"https:\/\/api.w.org\/{rel}","templated":true}]}}