{"id":4343,"date":"2023-05-30T15:56:18","date_gmt":"2023-05-30T13:56:18","guid":{"rendered":"https:\/\/serveiseducatius.xtec.cat\/garrotxa\/?p=4343"},"modified":"2023-05-30T16:24:21","modified_gmt":"2023-05-30T14:24:21","slug":"recursos-per-treballar-la-setmana-de-la-natura-i-lenergia","status":"publish","type":"post","link":"https:\/\/serveiseducatius.xtec.cat\/garrotxa\/general\/recursos-per-treballar-la-setmana-de-la-natura-i-lenergia\/","title":{"rendered":"RECURSOS PER TREBALLAR LA SETMANA DE LA NATURA I L&#8217;ENERGIA"},"content":{"rendered":"<p style=\"text-align: justify;\">Des de la Diputaci\u00f3 de Girona ofereixen un seguit de recursos per treballar la Setmana de la Natura i la Setmana de l&#8217;Energia.<\/p>\n<div style=\"text-align: justify;\">\n<p>&#8220;<b>Biodiversitat en Joc. Recursos educatius LIFE medCLIFFS&#8221;<\/b><\/p>\n<p>En el seg\u00fcent enlla\u00e7 hi trobareu la informaci\u00f3 i\u00a0com sol\u00b7licitar una dinamitzaci\u00f3, aix\u00ed com les\u00a0activitats programades per aquests propers dies a Girona:<\/p>\n<p><a href=\"https:\/\/www.cilma.cat\/biodiversitat-en-joc-conservem-la-flora-autoctona-dels-penya-segats-litorals\/\" target=\"_blank\" rel=\"noopener\" data-saferedirecturl=\"https:\/\/www.google.com\/url?q=https:\/\/www.cilma.cat\/biodiversitat-en-joc-conservem-la-flora-autoctona-dels-penya-segats-litorals\/&amp;source=gmail&amp;ust=1685540033889000&amp;usg=AOvVaw3GKPXIwASt5ilL8_jyHUi_\">https:\/\/www.cilma.cat\/<wbr \/>biodiversitat-en-joc-<wbr \/>conservem-la-flora-autoctona-<wbr \/>dels-penya-segats-litorals\/<\/a><\/p>\n<p>En el seg\u00fcent enlla\u00e7 de la Setmana de la Natura hi trobareu les activitats programades i com participar-hi:<\/p>\n<p><a id=\"m_8996081365064115251LPlnk800964\" href=\"https:\/\/setmananatura.cat\/2023\/\" target=\"_blank\" rel=\"noopener\" data-saferedirecturl=\"https:\/\/www.google.com\/url?q=https:\/\/setmananatura.cat\/2023\/&amp;source=gmail&amp;ust=1685540033889000&amp;usg=AOvVaw287rWWz-ogr8IfzeD6IZwZ\">https:\/\/setmananatura.cat\/<wbr \/>2023\/<\/a><\/p>\n<p><b>En el marc de la Setmana de l&#8217;Energia (a CAT del 12 de juny al 31 de juliol) amb el lema &#8220;Energia renovable? Millor compartida! Suma&#8217;t al canvi de model des d&#8217;una comunitat energ\u00e8tica&#8221;<\/b><\/p>\n<p>En els seg\u00fcents enlla\u00e7os veureu les caracter\u00edstiques dels recursos i com sol\u00b7licitar-los:<\/p>\n<p><b>&#8220;M\u00e9s o menys?&#8221;<\/b>\u00a0sobre l\u2019efici\u00e8ncia energ\u00e8tica i l\u2019energia solar fotovoltaica o\u00a0<b>&#8220;Wattiaigua&#8221;\u00a0<\/b>Gimcana\u00a0per a la transici\u00f3 energ\u00e8tica i contra el canvi clim\u00e0tic<\/p>\n<p><a href=\"https:\/\/www.cilma.cat\/mes-o-menys-recurs-itinerant-sobre-leficiencia-energetica-i-lenergia-solar-fotovoltaica\/\" target=\"_blank\" rel=\"noopener\" data-saferedirecturl=\"https:\/\/www.google.com\/url?q=https:\/\/www.cilma.cat\/mes-o-menys-recurs-itinerant-sobre-leficiencia-energetica-i-lenergia-solar-fotovoltaica\/&amp;source=gmail&amp;ust=1685540033889000&amp;usg=AOvVaw2iCwE_wXyr8MY34BGAP-kd\">https:\/\/www.cilma.cat\/mes-o-<wbr \/>menys-recurs-itinerant-sobre-<wbr \/>leficiencia-energetica-i-<wbr \/>lenergia-solar-fotovoltaica\/<\/a><\/p>\n<\/div>\n<p id=\"m_8996081365064115251x_x_Signature\" style=\"text-align: justify;\"><a href=\"https:\/\/www.cilma.cat\/wattiaigua-gimcana-per-a-la-transicio-energetica-i-contra-el-canvi-climatic\/\" target=\"_blank\" rel=\"noopener\" data-saferedirecturl=\"https:\/\/www.google.com\/url?q=https:\/\/www.cilma.cat\/wattiaigua-gimcana-per-a-la-transicio-energetica-i-contra-el-canvi-climatic\/&amp;source=gmail&amp;ust=1685540033889000&amp;usg=AOvVaw08BwsmYZUnKAmOx22e4krG\">https:\/\/www.cilma.cat\/<wbr \/>wattiaigua-gimcana-per-a-la-<wbr \/>transicio-energetica-i-contra-<wbr \/>el-canvi-climatic\/<\/a><\/p>\n<div>\n<p style=\"text-align: justify;\"><b>\u201cTu tens l\u2019energia\u201d<\/b>\u00a0sobre les instal\u00b7lacions d\u2019energia solar fotovoltaica i biomassa<\/p>\n<p style=\"text-align: justify;\"><a href=\"https:\/\/www.cilma.cat\/tu-tens-lenergia-amb-installacions-denergia-solar-fotovoltaica-i-biomassa\/\" target=\"_blank\" rel=\"noopener\" data-saferedirecturl=\"https:\/\/www.google.com\/url?q=https:\/\/www.cilma.cat\/tu-tens-lenergia-amb-installacions-denergia-solar-fotovoltaica-i-biomassa\/&amp;source=gmail&amp;ust=1685540033889000&amp;usg=AOvVaw0xOgSk2xQkNGrovOkuUigd\">https:\/\/www.cilma.cat\/tu-tens-<wbr \/>lenergia-amb-installacions-<wbr \/>denergia-solar-fotovoltaica-i-<wbr \/>biomassa\/<\/a><\/p>\n<div>\n<div>\n<p style=\"text-align: justify;\">En el seg\u00fcent enlla\u00e7 de la Setmana de l&#8217;Energia hi trobareu m\u00e9s recursos, els de Girona i els d&#8217;\u00e0mbit catal\u00e0, recursos digitals, elements de comunicaci\u00f3 i com adherir-se a la Setmana :<\/p>\n<p style=\"text-align: justify;\"><a href=\"https:\/\/icaen.gencat.cat\/ca\/l_icaen\/campanyes\/setmana-de-l-energia\/\" target=\"_blank\" rel=\"noopener\" data-saferedirecturl=\"https:\/\/www.google.com\/url?q=https:\/\/icaen.gencat.cat\/ca\/l_icaen\/campanyes\/setmana-de-l-energia\/&amp;source=gmail&amp;ust=1685540033889000&amp;usg=AOvVaw1fBcG62qzRfRp4VbQEGQAl\">https:\/\/icaen.gencat.cat\/ca\/l_<wbr \/>icaen\/campanyes\/setmana-de-l-<wbr \/>energia\/<\/a><\/p>\n<\/div>\n<\/div>\n<\/div>\n","protected":false},"excerpt":{"rendered":"<p>Des de la Diputaci\u00f3 de Girona ofereixen un seguit de recursos per treballar la Setmana de la Natura i la Setmana de l&#8217;Energia. &#8220;Biodiversitat en Joc. Recursos educatius LIFE medCLIFFS&#8221; En el seg\u00fcent enlla\u00e7 hi trobareu la informaci\u00f3 i\u00a0com sol\u00b7licitar una dinamitzaci\u00f3, aix\u00ed com les\u00a0activitats programades per aquests propers dies a Girona: https:\/\/www.cilma.cat\/biodiversitat-en-joc-conservem-la-flora-autoctona-dels-penya-segats-litorals\/ En el [&hellip;]<\/p>\n","protected":false},"author":1,"featured_media":4345,"comment_status":"closed","ping_status":"closed","sticky":false,"template":"","format":"standard","meta":{"_bbp_topic_count":0,"_bbp_reply_count":0,"_bbp_total_topic_count":0,"_bbp_total_reply_count":0,"_bbp_voice_count":0,"_bbp_anonymous_reply_count":0,"_bbp_topic_count_hidden":0,"_bbp_reply_count_hidden":0,"_bbp_forum_subforum_count":0,"site-sidebar-layout":"default","site-content-layout":"","ast-site-content-layout":"","site-content-style":"default","site-sidebar-style":"default","ast-global-header-display":"","ast-banner-title-visibility":"","ast-main-header-display":"","ast-hfb-above-header-display":"","ast-hfb-below-header-display":"","ast-hfb-mobile-header-display":"","site-post-title":"","ast-breadcrumbs-content":"","ast-featured-img":"","footer-sml-layout":"","theme-transparent-header-meta":"","adv-header-id-meta":"","stick-header-meta":"","header-above-stick-meta":"","header-main-stick-meta":"","header-below-stick-meta":"","astra-migrate-meta-layouts":"default","ast-page-background-enabled":"default","ast-page-background-meta":{"desktop":{"background-color":"var(--ast-global-color-5)","background-image":"","background-repeat":"repeat","background-position":"center center","background-size":"auto","background-attachment":"scroll","background-type":"","background-media":"","overlay-type":"","overlay-color":"","overlay-opacity":"","overlay-gradient":""},"tablet":{"background-color":"","background-image":"","background-repeat":"repeat","background-position":"center center","background-size":"auto","background-attachment":"scroll","background-type":"","background-media":"","overlay-type":"","overlay-color":"","overlay-opacity":"","overlay-gradient":""},"mobile":{"background-color":"","background-image":"","background-repeat":"repeat","background-position":"center center","background-size":"auto","background-attachment":"scroll","background-type":"","background-media":"","overlay-type":"","overlay-color":"","overlay-opacity":"","overlay-gradient":""}},"ast-content-background-meta":{"desktop":{"background-color":"var(--ast-global-color-4)","background-image":"","background-repeat":"repeat","background-position":"center center","background-size":"auto","background-attachment":"scroll","background-type":"","background-media":"","overlay-type":"","overlay-color":"","overlay-opacity":"","overlay-gradient":""},"tablet":{"background-color":"var(--ast-global-color-4)","background-image":"","background-repeat":"repeat","background-position":"center center","background-size":"auto","background-attachment":"scroll","background-type":"","background-media":"","overlay-type":"","overlay-color":"","overlay-opacity":"","overlay-gradient":""},"mobile":{"background-color":"var(--ast-global-color-4)","background-image":"","background-repeat":"repeat","background-position":"center center","background-size":"auto","background-attachment":"scroll","background-type":"","background-media":"","overlay-type":"","overlay-color":"","overlay-opacity":"","overlay-gradient":""}},"footnotes":""},"categories":[1],"tags":[],"class_list":["post-4343","post","type-post","status-publish","format-standard","has-post-thumbnail","hentry","category-general"],"post_mailing_queue_ids":[],"_links":{"self":[{"href":"https:\/\/serveiseducatius.xtec.cat\/garrotxa\/wp-json\/wp\/v2\/posts\/4343","targetHints":{"allow":["GET"]}}],"collection":[{"href":"https:\/\/serveiseducatius.xtec.cat\/garrotxa\/wp-json\/wp\/v2\/posts"}],"about":[{"href":"https:\/\/serveiseducatius.xtec.cat\/garrotxa\/wp-json\/wp\/v2\/types\/post"}],"author":[{"embeddable":true,"href":"https:\/\/serveiseducatius.xtec.cat\/garrotxa\/wp-json\/wp\/v2\/users\/1"}],"replies":[{"embeddable":true,"href":"https:\/\/serveiseducatius.xtec.cat\/garrotxa\/wp-json\/wp\/v2\/comments?post=4343"}],"version-history":[{"count":1,"href":"https:\/\/serveiseducatius.xtec.cat\/garrotxa\/wp-json\/wp\/v2\/posts\/4343\/revisions"}],"predecessor-version":[{"id":4344,"href":"https:\/\/serveiseducatius.xtec.cat\/garrotxa\/wp-json\/wp\/v2\/posts\/4343\/revisions\/4344"}],"wp:featuredmedia":[{"embeddable":true,"href":"https:\/\/serveiseducatius.xtec.cat\/garrotxa\/wp-json\/wp\/v2\/media\/4345"}],"wp:attachment":[{"href":"https:\/\/serveiseducatius.xtec.cat\/garrotxa\/wp-json\/wp\/v2\/media?parent=4343"}],"wp:term":[{"taxonomy":"category","embeddable":true,"href":"https:\/\/serveiseducatius.xtec.cat\/garrotxa\/wp-json\/wp\/v2\/categories?post=4343"},{"taxonomy":"post_tag","embeddable":true,"href":"https:\/\/serveiseducatius.xtec.cat\/garrotxa\/wp-json\/wp\/v2\/tags?post=4343"}],"curies":[{"name":"wp","href":"https:\/\/api.w.org\/{rel}","templated":true}]}}