{"id":4307,"date":"2023-05-24T11:35:11","date_gmt":"2023-05-24T09:35:11","guid":{"rendered":"https:\/\/serveiseducatius.xtec.cat\/garrotxa\/?p=4307"},"modified":"2023-05-24T11:35:11","modified_gmt":"2023-05-24T09:35:11","slug":"iia-edicio-escola-destiu-biblioteca-i-escola-thi-apuntes","status":"publish","type":"post","link":"https:\/\/serveiseducatius.xtec.cat\/garrotxa\/general\/iia-edicio-escola-destiu-biblioteca-i-escola-thi-apuntes\/","title":{"rendered":"IIa edici\u00f3 Escola d&#8217;Estiu. Biblioteca i Escola. T&#8217;hi apuntes?"},"content":{"rendered":"<p style=\"text-align: justify;\">Us informem que ja est\u00e0 oberta la inscripci\u00f3 a la II edici\u00f3 de l&#8217;Escola d&#8217;Estiu Biblioteca i <wbr \/>Escola, que es dur\u00e0 a terme l&#8217;11 i 12 de juliol en sessions de mat\u00ed i tarda. Aquesta formaci\u00f3 certifica 15h.<\/p>\n<p style=\"text-align: justify;\">S&#8217;adre\u00e7a espec\u00edficament a persones responsables de biblioteques p\u00fabliques\u00a0i\u00a0escolars,\u00a0i\u00a0en general a docents que hi puguin estar\u00a0interessats.<\/p>\n<div><\/div>\n<div><a id=\"m_-8433858216493401021LPlnkOWALinkPreview\" title=\"https:\/\/sites.google.com\/view\/escoladestiubibliotecaiescola\" href=\"https:\/\/sites.google.com\/view\/escoladestiubibliotecaiescola\" target=\"_blank\" rel=\"noopener\" data-saferedirecturl=\"https:\/\/www.google.com\/url?q=https:\/\/sites.google.com\/view\/escoladestiubibliotecaiescola&amp;source=gmail&amp;ust=1684998581767000&amp;usg=AOvVaw2E1vRNVZMJdODBQf6GT64X\">Informaci\u00f3 i programa<\/a><\/div>\n<div><\/div>\n<div><a id=\"m_-8433858216493401021LPlnk580913\" title=\"https:\/\/sites.google.com\/view\/escoladestiubibliotecaiescola\/escola-destiu-2023\/inscripci%C3%B3?authuser=0\" href=\"https:\/\/sites.google.com\/view\/escoladestiubibliotecaiescola\/escola-destiu-2023\/inscripci%C3%B3?authuser=0\" target=\"_blank\" rel=\"noopener\" data-saferedirecturl=\"https:\/\/www.google.com\/url?q=https:\/\/sites.google.com\/view\/escoladestiubibliotecaiescola\/escola-destiu-2023\/inscripci%25C3%25B3?authuser%3D0&amp;source=gmail&amp;ust=1684998581767000&amp;usg=AOvVaw3FTlguwp3o1vTt7fM69FLn\">Matr\u00edcula<\/a>: 45\u20ac. Places limitades.<\/div>\n<div><\/div>\n<div><img loading=\"lazy\" decoding=\"async\" class=\"aligncenter size-full wp-image-4128\" src=\"https:\/\/serveiseducatius.xtec.cat\/garrotxa\/wp-content\/uploads\/usu774\/2023\/03\/biblioteca-i-escola-23.png\" alt=\"\" width=\"620\" height=\"582\" srcset=\"https:\/\/serveiseducatius.xtec.cat\/garrotxa\/wp-content\/uploads\/usu774\/2023\/03\/biblioteca-i-escola-23.png 620w, https:\/\/serveiseducatius.xtec.cat\/garrotxa\/wp-content\/uploads\/usu774\/2023\/03\/biblioteca-i-escola-23-300x282.png 300w\" sizes=\"auto, (max-width: 620px) 100vw, 620px\" \/><\/div>\n","protected":false},"excerpt":{"rendered":"<p>Us informem que ja est\u00e0 oberta la inscripci\u00f3 a la II edici\u00f3 de l&#8217;Escola d&#8217;Estiu Biblioteca i Escola, que es dur\u00e0 a terme l&#8217;11 i 12 de juliol en sessions de mat\u00ed i tarda. Aquesta formaci\u00f3 certifica 15h. S&#8217;adre\u00e7a espec\u00edficament a persones responsables de biblioteques p\u00fabliques\u00a0i\u00a0escolars,\u00a0i\u00a0en general a docents que hi puguin estar\u00a0interessats. Informaci\u00f3 i [&hellip;]<\/p>\n","protected":false},"author":1,"featured_media":4128,"comment_status":"closed","ping_status":"closed","sticky":false,"template":"","format":"standard","meta":{"_bbp_topic_count":0,"_bbp_reply_count":0,"_bbp_total_topic_count":0,"_bbp_total_reply_count":0,"_bbp_voice_count":0,"_bbp_anonymous_reply_count":0,"_bbp_topic_count_hidden":0,"_bbp_reply_count_hidden":0,"_bbp_forum_subforum_count":0,"site-sidebar-layout":"default","site-content-layout":"","ast-site-content-layout":"","site-content-style":"default","site-sidebar-style":"default","ast-global-header-display":"","ast-banner-title-visibility":"","ast-main-header-display":"","ast-hfb-above-header-display":"","ast-hfb-below-header-display":"","ast-hfb-mobile-header-display":"","site-post-title":"","ast-breadcrumbs-content":"","ast-featured-img":"","footer-sml-layout":"","theme-transparent-header-meta":"","adv-header-id-meta":"","stick-header-meta":"","header-above-stick-meta":"","header-main-stick-meta":"","header-below-stick-meta":"","astra-migrate-meta-layouts":"default","ast-page-background-enabled":"default","ast-page-background-meta":{"desktop":{"background-color":"var(--ast-global-color-5)","background-image":"","background-repeat":"repeat","background-position":"center center","background-size":"auto","background-attachment":"scroll","background-type":"","background-media":"","overlay-type":"","overlay-color":"","overlay-opacity":"","overlay-gradient":""},"tablet":{"background-color":"","background-image":"","background-repeat":"repeat","background-position":"center center","background-size":"auto","background-attachment":"scroll","background-type":"","background-media":"","overlay-type":"","overlay-color":"","overlay-opacity":"","overlay-gradient":""},"mobile":{"background-color":"","background-image":"","background-repeat":"repeat","background-position":"center center","background-size":"auto","background-attachment":"scroll","background-type":"","background-media":"","overlay-type":"","overlay-color":"","overlay-opacity":"","overlay-gradient":""}},"ast-content-background-meta":{"desktop":{"background-color":"var(--ast-global-color-4)","background-image":"","background-repeat":"repeat","background-position":"center center","background-size":"auto","background-attachment":"scroll","background-type":"","background-media":"","overlay-type":"","overlay-color":"","overlay-opacity":"","overlay-gradient":""},"tablet":{"background-color":"var(--ast-global-color-4)","background-image":"","background-repeat":"repeat","background-position":"center center","background-size":"auto","background-attachment":"scroll","background-type":"","background-media":"","overlay-type":"","overlay-color":"","overlay-opacity":"","overlay-gradient":""},"mobile":{"background-color":"var(--ast-global-color-4)","background-image":"","background-repeat":"repeat","background-position":"center center","background-size":"auto","background-attachment":"scroll","background-type":"","background-media":"","overlay-type":"","overlay-color":"","overlay-opacity":"","overlay-gradient":""}},"footnotes":""},"categories":[1],"tags":[],"class_list":["post-4307","post","type-post","status-publish","format-standard","has-post-thumbnail","hentry","category-general"],"post_mailing_queue_ids":[],"_links":{"self":[{"href":"https:\/\/serveiseducatius.xtec.cat\/garrotxa\/wp-json\/wp\/v2\/posts\/4307","targetHints":{"allow":["GET"]}}],"collection":[{"href":"https:\/\/serveiseducatius.xtec.cat\/garrotxa\/wp-json\/wp\/v2\/posts"}],"about":[{"href":"https:\/\/serveiseducatius.xtec.cat\/garrotxa\/wp-json\/wp\/v2\/types\/post"}],"author":[{"embeddable":true,"href":"https:\/\/serveiseducatius.xtec.cat\/garrotxa\/wp-json\/wp\/v2\/users\/1"}],"replies":[{"embeddable":true,"href":"https:\/\/serveiseducatius.xtec.cat\/garrotxa\/wp-json\/wp\/v2\/comments?post=4307"}],"version-history":[{"count":1,"href":"https:\/\/serveiseducatius.xtec.cat\/garrotxa\/wp-json\/wp\/v2\/posts\/4307\/revisions"}],"predecessor-version":[{"id":4308,"href":"https:\/\/serveiseducatius.xtec.cat\/garrotxa\/wp-json\/wp\/v2\/posts\/4307\/revisions\/4308"}],"wp:featuredmedia":[{"embeddable":true,"href":"https:\/\/serveiseducatius.xtec.cat\/garrotxa\/wp-json\/wp\/v2\/media\/4128"}],"wp:attachment":[{"href":"https:\/\/serveiseducatius.xtec.cat\/garrotxa\/wp-json\/wp\/v2\/media?parent=4307"}],"wp:term":[{"taxonomy":"category","embeddable":true,"href":"https:\/\/serveiseducatius.xtec.cat\/garrotxa\/wp-json\/wp\/v2\/categories?post=4307"},{"taxonomy":"post_tag","embeddable":true,"href":"https:\/\/serveiseducatius.xtec.cat\/garrotxa\/wp-json\/wp\/v2\/tags?post=4307"}],"curies":[{"name":"wp","href":"https:\/\/api.w.org\/{rel}","templated":true}]}}