{"id":4127,"date":"2023-03-14T12:54:05","date_gmt":"2023-03-14T11:54:05","guid":{"rendered":"https:\/\/serveiseducatius.xtec.cat\/garrotxa\/?p=4127"},"modified":"2023-03-14T12:54:05","modified_gmt":"2023-03-14T11:54:05","slug":"ii-jornades-biblioteca-i-escola-11-i-12-de-juliol-de-2023","status":"publish","type":"post","link":"https:\/\/serveiseducatius.xtec.cat\/garrotxa\/general\/ii-jornades-biblioteca-i-escola-11-i-12-de-juliol-de-2023\/","title":{"rendered":"II JORNADES BIBLIOTECA I ESCOLA: 11 i 12 de juliol de 2023"},"content":{"rendered":"<p style=\"text-align: justify;\">Us informem que s\u2019ha obert el per\u00edode de preinscripci\u00f3 a la II Jornades Biblioteca i Escola que es realitzar\u00e0 els propers 11 i 12 de juliol de 2023.\u00a0Despr\u00e9s de l\u2019\u00e8xit de l\u2019anterior edici\u00f3, ja s\u2019est\u00e0 configurant la programaci\u00f3 de la II edici\u00f3, podreu trobar tota la informaci\u00f3 a la seg\u00fcent\u00a0<a href=\"https:\/\/sites.google.com\/view\/escoladestiubibliotecaiescola\">p\u00e0gina\u00a0<\/a>on s\u2019anir\u00e0 actualitzant el programa. Us animem a fer la <a id=\"m_2498882597286284122m_8612029430331189079LPlnkOWALinkPreview_1\" title=\"https:\/\/docs.google.com\/forms\/d\/e\/1FAIpQLSf-DmX2s04k_vLuybEPf1eJg5zbRmrBxKd2oVYbSds5xzM0HQ\/viewform\" href=\"https:\/\/docs.google.com\/forms\/d\/e\/1FAIpQLSf-DmX2s04k_vLuybEPf1eJg5zbRmrBxKd2oVYbSds5xzM0HQ\/viewform\" target=\"_blank\" rel=\"noopener\" data-saferedirecturl=\"https:\/\/www.google.com\/url?q=https:\/\/docs.google.com\/forms\/d\/e\/1FAIpQLSf-DmX2s04k_vLuybEPf1eJg5zbRmrBxKd2oVYbSds5xzM0HQ\/viewform&amp;source=gmail&amp;ust=1675422008275000&amp;usg=AOvVaw3s6IstwRfI84sRHnCFvOef\">preinscripci\u00f3!<\/a><\/p>\n<p><img loading=\"lazy\" decoding=\"async\" class=\"aligncenter  wp-image-4128\" src=\"https:\/\/serveiseducatius.xtec.cat\/garrotxa\/wp-content\/uploads\/usu774\/2023\/03\/biblioteca-i-escola-23.png\" alt=\"\" width=\"373\" height=\"350\" srcset=\"https:\/\/serveiseducatius.xtec.cat\/garrotxa\/wp-content\/uploads\/usu774\/2023\/03\/biblioteca-i-escola-23.png 620w, https:\/\/serveiseducatius.xtec.cat\/garrotxa\/wp-content\/uploads\/usu774\/2023\/03\/biblioteca-i-escola-23-300x282.png 300w\" sizes=\"auto, (max-width: 373px) 100vw, 373px\" \/><\/p>\n","protected":false},"excerpt":{"rendered":"<p>Us informem que s\u2019ha obert el per\u00edode de preinscripci\u00f3 a la II Jornades Biblioteca i Escola que es realitzar\u00e0 els propers 11 i 12 de juliol de 2023.\u00a0Despr\u00e9s de l\u2019\u00e8xit de l\u2019anterior edici\u00f3, ja s\u2019est\u00e0 configurant la programaci\u00f3 de la II edici\u00f3, podreu trobar tota la informaci\u00f3 a la seg\u00fcent\u00a0p\u00e0gina\u00a0on s\u2019anir\u00e0 actualitzant el programa. Us [&hellip;]<\/p>\n","protected":false},"author":1,"featured_media":4128,"comment_status":"closed","ping_status":"closed","sticky":false,"template":"","format":"standard","meta":{"_bbp_topic_count":0,"_bbp_reply_count":0,"_bbp_total_topic_count":0,"_bbp_total_reply_count":0,"_bbp_voice_count":0,"_bbp_anonymous_reply_count":0,"_bbp_topic_count_hidden":0,"_bbp_reply_count_hidden":0,"_bbp_forum_subforum_count":0,"site-sidebar-layout":"default","site-content-layout":"","ast-site-content-layout":"","site-content-style":"default","site-sidebar-style":"default","ast-global-header-display":"","ast-banner-title-visibility":"","ast-main-header-display":"","ast-hfb-above-header-display":"","ast-hfb-below-header-display":"","ast-hfb-mobile-header-display":"","site-post-title":"","ast-breadcrumbs-content":"","ast-featured-img":"","footer-sml-layout":"","theme-transparent-header-meta":"","adv-header-id-meta":"","stick-header-meta":"","header-above-stick-meta":"","header-main-stick-meta":"","header-below-stick-meta":"","astra-migrate-meta-layouts":"default","ast-page-background-enabled":"default","ast-page-background-meta":{"desktop":{"background-color":"var(--ast-global-color-5)","background-image":"","background-repeat":"repeat","background-position":"center center","background-size":"auto","background-attachment":"scroll","background-type":"","background-media":"","overlay-type":"","overlay-color":"","overlay-opacity":"","overlay-gradient":""},"tablet":{"background-color":"","background-image":"","background-repeat":"repeat","background-position":"center center","background-size":"auto","background-attachment":"scroll","background-type":"","background-media":"","overlay-type":"","overlay-color":"","overlay-opacity":"","overlay-gradient":""},"mobile":{"background-color":"","background-image":"","background-repeat":"repeat","background-position":"center center","background-size":"auto","background-attachment":"scroll","background-type":"","background-media":"","overlay-type":"","overlay-color":"","overlay-opacity":"","overlay-gradient":""}},"ast-content-background-meta":{"desktop":{"background-color":"var(--ast-global-color-4)","background-image":"","background-repeat":"repeat","background-position":"center center","background-size":"auto","background-attachment":"scroll","background-type":"","background-media":"","overlay-type":"","overlay-color":"","overlay-opacity":"","overlay-gradient":""},"tablet":{"background-color":"var(--ast-global-color-4)","background-image":"","background-repeat":"repeat","background-position":"center center","background-size":"auto","background-attachment":"scroll","background-type":"","background-media":"","overlay-type":"","overlay-color":"","overlay-opacity":"","overlay-gradient":""},"mobile":{"background-color":"var(--ast-global-color-4)","background-image":"","background-repeat":"repeat","background-position":"center center","background-size":"auto","background-attachment":"scroll","background-type":"","background-media":"","overlay-type":"","overlay-color":"","overlay-opacity":"","overlay-gradient":""}},"footnotes":""},"categories":[1],"tags":[],"class_list":["post-4127","post","type-post","status-publish","format-standard","has-post-thumbnail","hentry","category-general"],"post_mailing_queue_ids":[],"_links":{"self":[{"href":"https:\/\/serveiseducatius.xtec.cat\/garrotxa\/wp-json\/wp\/v2\/posts\/4127","targetHints":{"allow":["GET"]}}],"collection":[{"href":"https:\/\/serveiseducatius.xtec.cat\/garrotxa\/wp-json\/wp\/v2\/posts"}],"about":[{"href":"https:\/\/serveiseducatius.xtec.cat\/garrotxa\/wp-json\/wp\/v2\/types\/post"}],"author":[{"embeddable":true,"href":"https:\/\/serveiseducatius.xtec.cat\/garrotxa\/wp-json\/wp\/v2\/users\/1"}],"replies":[{"embeddable":true,"href":"https:\/\/serveiseducatius.xtec.cat\/garrotxa\/wp-json\/wp\/v2\/comments?post=4127"}],"version-history":[{"count":1,"href":"https:\/\/serveiseducatius.xtec.cat\/garrotxa\/wp-json\/wp\/v2\/posts\/4127\/revisions"}],"predecessor-version":[{"id":4129,"href":"https:\/\/serveiseducatius.xtec.cat\/garrotxa\/wp-json\/wp\/v2\/posts\/4127\/revisions\/4129"}],"wp:featuredmedia":[{"embeddable":true,"href":"https:\/\/serveiseducatius.xtec.cat\/garrotxa\/wp-json\/wp\/v2\/media\/4128"}],"wp:attachment":[{"href":"https:\/\/serveiseducatius.xtec.cat\/garrotxa\/wp-json\/wp\/v2\/media?parent=4127"}],"wp:term":[{"taxonomy":"category","embeddable":true,"href":"https:\/\/serveiseducatius.xtec.cat\/garrotxa\/wp-json\/wp\/v2\/categories?post=4127"},{"taxonomy":"post_tag","embeddable":true,"href":"https:\/\/serveiseducatius.xtec.cat\/garrotxa\/wp-json\/wp\/v2\/tags?post=4127"}],"curies":[{"name":"wp","href":"https:\/\/api.w.org\/{rel}","templated":true}]}}