{"id":4104,"date":"2023-03-10T11:15:48","date_gmt":"2023-03-10T10:15:48","guid":{"rendered":"https:\/\/serveiseducatius.xtec.cat\/garrotxa\/?p=4104"},"modified":"2023-03-14T12:47:53","modified_gmt":"2023-03-14T11:47:53","slug":"semifinals-de-la-garrotxa-i-el-pla-de-lestany-del-xix-certamen-de-lectura-en-veu-alta","status":"publish","type":"post","link":"https:\/\/serveiseducatius.xtec.cat\/garrotxa\/general\/semifinals-de-la-garrotxa-i-el-pla-de-lestany-del-xix-certamen-de-lectura-en-veu-alta\/","title":{"rendered":"SEMIFINALS DE LA GARROTXA I EL PLA DE L&#8217;ESTANY DEL XIX CERTAMEN DE LECTURA EN VEU ALTA"},"content":{"rendered":"<p style=\"text-align: justify;\">Aquest dimarts 7 de mar\u00e7, el teatre Principal d&#8217;Olot va acollir les Semifinals del Certamen de lectura en Veu Alta de la Garrotxa i el Pla de l&#8217;Estany. Despr\u00e9s de dos anys de pand\u00e8mia, el Certamen ha recuperat la presencialitat i ha comptat amb la participaci\u00f3 de 15 centres de la comarca de la Garrotxa i 5 centres del Pla de l&#8217;Estany amb un total de 53 lectors i lectores de centres de prim\u00e0ria i secund\u00e0ria.<\/p>\n<p style=\"text-align: justify;\">L&#8217;acte va ser presentat per les companyes de l&#8217;equip\u00a0<span class=\"hiddenSpellError\">ELIC<\/span> del Servei Educatiu de la Garrotxa i va tenir la participaci\u00f3 de la coral de l&#8217;escola Malagrida d&#8217;Olot &#8220;Som M\u00fasica&#8221; que va inaugurar l&#8217;acte amb una corranda.<\/p>\n<p style=\"text-align: justify;\">Pr\u00e8viament, l&#8217;alumnat lector havia preparat la lectura d&#8217;un llibre, escollit per l&#8217;organitzaci\u00f3, diferent per a cadascuna de les cinc categories. Uns dies abans de les semifinals, el <span class=\"hiddenSpellError\">CRP<\/span> de la Garrotxa va enviar els fragments seleccionats de cada llibre. Durant l&#8217;acte, es va fer un sorteig per saber quin fragment havia de llegir cada lector\/a. Despr\u00e9s de la lectura de tot l&#8217;alumnat i durant la deliberaci\u00f3 del jurat, la coral &#8220;Som M\u00fasica&#8221; va amenitzar l&#8217;acte amb tres peces musicals. Joan Fluvi\u00e0, T\u00e0nia\u00a0<span class=\"hiddenSpellError\">Puigvert<\/span>\u00a0i Enric\u00a0<span class=\"hiddenSpellError\">Bold\u00f3<\/span> van anunciar els noms de l&#8217;alumnat que passa a la final territorial de Girona, que tindr\u00e0 lloc el pr\u00f2xim 25 d&#8217;abril a la Pineda de Sant Gregori. A continuaci\u00f3, els membres del jurat i les companyes de l&#8217;equip\u00a0<span class=\"hiddenSpellError\">ELIC<\/span> van repartir els diplomes i el llibre-obsequi a la resta de participants de totes les categories.<\/p>\n<p style=\"text-align: justify;\">Agra\u00efm especialment la participaci\u00f3 a tot el professorat, alumnat i centres de les comarques de la Garrotxa i del Pla de l&#8217;Estany, aix\u00ed com al jurat i a la coral &#8220;Som M\u00fasica&#8221; de l&#8217;escola Malagrida. Enhorabona pel vostre esfor\u00e7 i treball!<\/p>\n<p style=\"text-align: justify;\"><img loading=\"lazy\" decoding=\"async\" class=\"aligncenter wp-image-4109\" src=\"https:\/\/serveiseducatius.xtec.cat\/garrotxa\/wp-content\/uploads\/usu774\/2023\/03\/clva-3-1024x768.jpg\" alt=\"\" width=\"371\" height=\"278\" srcset=\"https:\/\/serveiseducatius.xtec.cat\/garrotxa\/wp-content\/uploads\/usu774\/2023\/03\/clva-3-1024x768.jpg 1024w, https:\/\/serveiseducatius.xtec.cat\/garrotxa\/wp-content\/uploads\/usu774\/2023\/03\/clva-3-300x225.jpg 300w, https:\/\/serveiseducatius.xtec.cat\/garrotxa\/wp-content\/uploads\/usu774\/2023\/03\/clva-3-768x576.jpg 768w, https:\/\/serveiseducatius.xtec.cat\/garrotxa\/wp-content\/uploads\/usu774\/2023\/03\/clva-3-1536x1152.jpg 1536w, https:\/\/serveiseducatius.xtec.cat\/garrotxa\/wp-content\/uploads\/usu774\/2023\/03\/clva-3-200x150.jpg 200w, https:\/\/serveiseducatius.xtec.cat\/garrotxa\/wp-content\/uploads\/usu774\/2023\/03\/clva-3.jpg 1600w\" sizes=\"auto, (max-width: 371px) 100vw, 371px\" \/><img loading=\"lazy\" decoding=\"async\" class=\"aligncenter wp-image-4105\" src=\"https:\/\/serveiseducatius.xtec.cat\/garrotxa\/wp-content\/uploads\/usu774\/2023\/03\/CLVA-NODES-1024x768.jpg\" alt=\"\" width=\"374\" height=\"281\" srcset=\"https:\/\/serveiseducatius.xtec.cat\/garrotxa\/wp-content\/uploads\/usu774\/2023\/03\/CLVA-NODES-1024x768.jpg 1024w, https:\/\/serveiseducatius.xtec.cat\/garrotxa\/wp-content\/uploads\/usu774\/2023\/03\/CLVA-NODES-300x225.jpg 300w, https:\/\/serveiseducatius.xtec.cat\/garrotxa\/wp-content\/uploads\/usu774\/2023\/03\/CLVA-NODES-768x576.jpg 768w, https:\/\/serveiseducatius.xtec.cat\/garrotxa\/wp-content\/uploads\/usu774\/2023\/03\/CLVA-NODES-1536x1152.jpg 1536w, https:\/\/serveiseducatius.xtec.cat\/garrotxa\/wp-content\/uploads\/usu774\/2023\/03\/CLVA-NODES-200x150.jpg 200w, https:\/\/serveiseducatius.xtec.cat\/garrotxa\/wp-content\/uploads\/usu774\/2023\/03\/CLVA-NODES.jpg 1600w\" sizes=\"auto, (max-width: 374px) 100vw, 374px\" \/><img loading=\"lazy\" decoding=\"async\" class=\"aligncenter wp-image-4107\" src=\"https:\/\/serveiseducatius.xtec.cat\/garrotxa\/wp-content\/uploads\/usu774\/2023\/03\/clva-nodes-3-1024x768.jpg\" alt=\"\" width=\"378\" height=\"284\" srcset=\"https:\/\/serveiseducatius.xtec.cat\/garrotxa\/wp-content\/uploads\/usu774\/2023\/03\/clva-nodes-3-1024x768.jpg 1024w, https:\/\/serveiseducatius.xtec.cat\/garrotxa\/wp-content\/uploads\/usu774\/2023\/03\/clva-nodes-3-300x225.jpg 300w, https:\/\/serveiseducatius.xtec.cat\/garrotxa\/wp-content\/uploads\/usu774\/2023\/03\/clva-nodes-3-768x576.jpg 768w, https:\/\/serveiseducatius.xtec.cat\/garrotxa\/wp-content\/uploads\/usu774\/2023\/03\/clva-nodes-3-1536x1152.jpg 1536w, https:\/\/serveiseducatius.xtec.cat\/garrotxa\/wp-content\/uploads\/usu774\/2023\/03\/clva-nodes-3-200x150.jpg 200w, https:\/\/serveiseducatius.xtec.cat\/garrotxa\/wp-content\/uploads\/usu774\/2023\/03\/clva-nodes-3.jpg 1600w\" sizes=\"auto, (max-width: 378px) 100vw, 378px\" \/><\/p>\n","protected":false},"excerpt":{"rendered":"<p>Aquest dimarts 7 de mar\u00e7, el teatre Principal d&#8217;Olot va acollir les Semifinals del Certamen de lectura en Veu Alta de la Garrotxa i el Pla de l&#8217;Estany. Despr\u00e9s de dos anys de pand\u00e8mia, el Certamen ha recuperat la presencialitat i ha comptat amb la participaci\u00f3 de 15 centres de la comarca de la Garrotxa [&hellip;]<\/p>\n","protected":false},"author":1,"featured_media":4109,"comment_status":"closed","ping_status":"closed","sticky":false,"template":"","format":"standard","meta":{"_bbp_topic_count":0,"_bbp_reply_count":0,"_bbp_total_topic_count":0,"_bbp_total_reply_count":0,"_bbp_voice_count":0,"_bbp_anonymous_reply_count":0,"_bbp_topic_count_hidden":0,"_bbp_reply_count_hidden":0,"_bbp_forum_subforum_count":0,"site-sidebar-layout":"default","site-content-layout":"","ast-site-content-layout":"","site-content-style":"default","site-sidebar-style":"default","ast-global-header-display":"","ast-banner-title-visibility":"","ast-main-header-display":"","ast-hfb-above-header-display":"","ast-hfb-below-header-display":"","ast-hfb-mobile-header-display":"","site-post-title":"","ast-breadcrumbs-content":"","ast-featured-img":"","footer-sml-layout":"","theme-transparent-header-meta":"","adv-header-id-meta":"","stick-header-meta":"","header-above-stick-meta":"","header-main-stick-meta":"","header-below-stick-meta":"","astra-migrate-meta-layouts":"default","ast-page-background-enabled":"default","ast-page-background-meta":{"desktop":{"background-color":"var(--ast-global-color-5)","background-image":"","background-repeat":"repeat","background-position":"center center","background-size":"auto","background-attachment":"scroll","background-type":"","background-media":"","overlay-type":"","overlay-color":"","overlay-opacity":"","overlay-gradient":""},"tablet":{"background-color":"","background-image":"","background-repeat":"repeat","background-position":"center center","background-size":"auto","background-attachment":"scroll","background-type":"","background-media":"","overlay-type":"","overlay-color":"","overlay-opacity":"","overlay-gradient":""},"mobile":{"background-color":"","background-image":"","background-repeat":"repeat","background-position":"center center","background-size":"auto","background-attachment":"scroll","background-type":"","background-media":"","overlay-type":"","overlay-color":"","overlay-opacity":"","overlay-gradient":""}},"ast-content-background-meta":{"desktop":{"background-color":"var(--ast-global-color-4)","background-image":"","background-repeat":"repeat","background-position":"center center","background-size":"auto","background-attachment":"scroll","background-type":"","background-media":"","overlay-type":"","overlay-color":"","overlay-opacity":"","overlay-gradient":""},"tablet":{"background-color":"var(--ast-global-color-4)","background-image":"","background-repeat":"repeat","background-position":"center center","background-size":"auto","background-attachment":"scroll","background-type":"","background-media":"","overlay-type":"","overlay-color":"","overlay-opacity":"","overlay-gradient":""},"mobile":{"background-color":"var(--ast-global-color-4)","background-image":"","background-repeat":"repeat","background-position":"center center","background-size":"auto","background-attachment":"scroll","background-type":"","background-media":"","overlay-type":"","overlay-color":"","overlay-opacity":"","overlay-gradient":""}},"footnotes":""},"categories":[1],"tags":[],"class_list":["post-4104","post","type-post","status-publish","format-standard","has-post-thumbnail","hentry","category-general"],"post_mailing_queue_ids":[],"_links":{"self":[{"href":"https:\/\/serveiseducatius.xtec.cat\/garrotxa\/wp-json\/wp\/v2\/posts\/4104","targetHints":{"allow":["GET"]}}],"collection":[{"href":"https:\/\/serveiseducatius.xtec.cat\/garrotxa\/wp-json\/wp\/v2\/posts"}],"about":[{"href":"https:\/\/serveiseducatius.xtec.cat\/garrotxa\/wp-json\/wp\/v2\/types\/post"}],"author":[{"embeddable":true,"href":"https:\/\/serveiseducatius.xtec.cat\/garrotxa\/wp-json\/wp\/v2\/users\/1"}],"replies":[{"embeddable":true,"href":"https:\/\/serveiseducatius.xtec.cat\/garrotxa\/wp-json\/wp\/v2\/comments?post=4104"}],"version-history":[{"count":3,"href":"https:\/\/serveiseducatius.xtec.cat\/garrotxa\/wp-json\/wp\/v2\/posts\/4104\/revisions"}],"predecessor-version":[{"id":4126,"href":"https:\/\/serveiseducatius.xtec.cat\/garrotxa\/wp-json\/wp\/v2\/posts\/4104\/revisions\/4126"}],"wp:featuredmedia":[{"embeddable":true,"href":"https:\/\/serveiseducatius.xtec.cat\/garrotxa\/wp-json\/wp\/v2\/media\/4109"}],"wp:attachment":[{"href":"https:\/\/serveiseducatius.xtec.cat\/garrotxa\/wp-json\/wp\/v2\/media?parent=4104"}],"wp:term":[{"taxonomy":"category","embeddable":true,"href":"https:\/\/serveiseducatius.xtec.cat\/garrotxa\/wp-json\/wp\/v2\/categories?post=4104"},{"taxonomy":"post_tag","embeddable":true,"href":"https:\/\/serveiseducatius.xtec.cat\/garrotxa\/wp-json\/wp\/v2\/tags?post=4104"}],"curies":[{"name":"wp","href":"https:\/\/api.w.org\/{rel}","templated":true}]}}