{"id":4098,"date":"2023-05-05T14:32:43","date_gmt":"2023-05-05T12:32:43","guid":{"rendered":"https:\/\/serveiseducatius.xtec.cat\/garrotxa\/?p=4098"},"modified":"2023-05-05T14:34:31","modified_gmt":"2023-05-05T12:34:31","slug":"i-jornada-deducacio-i-literatura-infantil-i-juvenil-a-la-garrotxa-2","status":"publish","type":"post","link":"https:\/\/serveiseducatius.xtec.cat\/garrotxa\/general\/i-jornada-deducacio-i-literatura-infantil-i-juvenil-a-la-garrotxa-2\/","title":{"rendered":"I JORNADA D\u2019EDUCACI\u00d3 I LITERATURA INFANTIL I JUVENIL A LA GARROTXA"},"content":{"rendered":"<p style=\"text-align: justify;\">El passat dijous 2 de mar\u00e7 de 17.00 a 20.30 va tenir lloc la <strong>I Jornada d&#8217;educaci\u00f3 i literatura infantil i juvenil a la Garrotxa <\/strong>organitzada per l&#8217;\u00e0rea d&#8217;Educaci\u00f3 i Cultura de l&#8217;Ajuntament d&#8217;Olot, la biblioteca Mari\u00e0 Vayreda d&#8217;Olot i el Servei Educatiu de la Garrotxa. En aquesta jornada hi van participar un total de 75 persones entre docents, mediadors, bibliotecaris i altres. La jornada va tenir lloc en diferents espais de la ciutat, la confer\u00e8ncia inaugural com ara la Sala Tor\u00edn on la Martina Fittipaldi ens va parlar sobre la Lectura d&#8217;\u00e0lbums i la conversa liter\u00e0ria. Tot seguit, es van portar a terme els tallers amb l&#8217;objectiu de donar recursos educatius per a la formaci\u00f3 lectora a l&#8217;educaci\u00f3 Infantil i B\u00e0sica (prim\u00e0ria &#8211; secund\u00e0ria). Els tallers van tenir lloc en diferents espais de la ciutat. A l&#8217;Arxiu Comarcal, la Mariona Masgrau va dinamitzar un taller adre\u00e7at a mestres d&#8217;educaci\u00f3 infantil de 0-6 anys sobre l&#8217;alfabetitzaci\u00f3 inicial. A la sala Bufador de l&#8217;Espai Cr\u00e0ter, la Nat\u00e0lia Mart\u00ednez de l&#8217;IBBYcat va dinamitzar un laboratori de lectura per a l&#8217;alumnat de 6-10 anys. La Martina Fittipaldi, a la sala Tor\u00edn, ens va donar una mirada des de la pr\u00e0ctica sobre com la conversa liter\u00e0ria, i per \u00faltim, l&#8217;\u00c0gata Losantos, tamb\u00e9 a la sala Tor\u00edn ens va mostrar recursos per mediar la literatura a cicle superior.<\/p>\n<p>Agra\u00efm a les ponents i a tots els assistents la seva participaci\u00f3.<\/p>\n<p><img loading=\"lazy\" decoding=\"async\" class=\"aligncenter size-large wp-image-4245\" src=\"https:\/\/serveiseducatius.xtec.cat\/garrotxa\/wp-content\/uploads\/usu774\/2023\/05\/foto-jornada-1024x481.jpg\" alt=\"\" width=\"1024\" height=\"481\" srcset=\"https:\/\/serveiseducatius.xtec.cat\/garrotxa\/wp-content\/uploads\/usu774\/2023\/05\/foto-jornada-1024x481.jpg 1024w, https:\/\/serveiseducatius.xtec.cat\/garrotxa\/wp-content\/uploads\/usu774\/2023\/05\/foto-jornada-300x141.jpg 300w, https:\/\/serveiseducatius.xtec.cat\/garrotxa\/wp-content\/uploads\/usu774\/2023\/05\/foto-jornada-768x360.jpg 768w, https:\/\/serveiseducatius.xtec.cat\/garrotxa\/wp-content\/uploads\/usu774\/2023\/05\/foto-jornada-1536x721.jpg 1536w, https:\/\/serveiseducatius.xtec.cat\/garrotxa\/wp-content\/uploads\/usu774\/2023\/05\/foto-jornada.jpg 1549w\" sizes=\"auto, (max-width: 1024px) 100vw, 1024px\" \/><\/p>\n","protected":false},"excerpt":{"rendered":"<p>El passat dijous 2 de mar\u00e7 de 17.00 a 20.30 va tenir lloc la I Jornada d&#8217;educaci\u00f3 i literatura infantil i juvenil a la Garrotxa organitzada per l&#8217;\u00e0rea d&#8217;Educaci\u00f3 i Cultura de l&#8217;Ajuntament d&#8217;Olot, la biblioteca Mari\u00e0 Vayreda d&#8217;Olot i el Servei Educatiu de la Garrotxa. En aquesta jornada hi van participar un total de [&hellip;]<\/p>\n","protected":false},"author":1,"featured_media":4245,"comment_status":"closed","ping_status":"closed","sticky":false,"template":"","format":"standard","meta":{"_bbp_topic_count":0,"_bbp_reply_count":0,"_bbp_total_topic_count":0,"_bbp_total_reply_count":0,"_bbp_voice_count":0,"_bbp_anonymous_reply_count":0,"_bbp_topic_count_hidden":0,"_bbp_reply_count_hidden":0,"_bbp_forum_subforum_count":0,"site-sidebar-layout":"default","site-content-layout":"","ast-site-content-layout":"","site-content-style":"default","site-sidebar-style":"default","ast-global-header-display":"","ast-banner-title-visibility":"","ast-main-header-display":"","ast-hfb-above-header-display":"","ast-hfb-below-header-display":"","ast-hfb-mobile-header-display":"","site-post-title":"","ast-breadcrumbs-content":"","ast-featured-img":"","footer-sml-layout":"","theme-transparent-header-meta":"","adv-header-id-meta":"","stick-header-meta":"","header-above-stick-meta":"","header-main-stick-meta":"","header-below-stick-meta":"","astra-migrate-meta-layouts":"default","ast-page-background-enabled":"default","ast-page-background-meta":{"desktop":{"background-color":"var(--ast-global-color-5)","background-image":"","background-repeat":"repeat","background-position":"center center","background-size":"auto","background-attachment":"scroll","background-type":"","background-media":"","overlay-type":"","overlay-color":"","overlay-opacity":"","overlay-gradient":""},"tablet":{"background-color":"","background-image":"","background-repeat":"repeat","background-position":"center center","background-size":"auto","background-attachment":"scroll","background-type":"","background-media":"","overlay-type":"","overlay-color":"","overlay-opacity":"","overlay-gradient":""},"mobile":{"background-color":"","background-image":"","background-repeat":"repeat","background-position":"center center","background-size":"auto","background-attachment":"scroll","background-type":"","background-media":"","overlay-type":"","overlay-color":"","overlay-opacity":"","overlay-gradient":""}},"ast-content-background-meta":{"desktop":{"background-color":"var(--ast-global-color-4)","background-image":"","background-repeat":"repeat","background-position":"center center","background-size":"auto","background-attachment":"scroll","background-type":"","background-media":"","overlay-type":"","overlay-color":"","overlay-opacity":"","overlay-gradient":""},"tablet":{"background-color":"var(--ast-global-color-4)","background-image":"","background-repeat":"repeat","background-position":"center center","background-size":"auto","background-attachment":"scroll","background-type":"","background-media":"","overlay-type":"","overlay-color":"","overlay-opacity":"","overlay-gradient":""},"mobile":{"background-color":"var(--ast-global-color-4)","background-image":"","background-repeat":"repeat","background-position":"center center","background-size":"auto","background-attachment":"scroll","background-type":"","background-media":"","overlay-type":"","overlay-color":"","overlay-opacity":"","overlay-gradient":""}},"footnotes":""},"categories":[1],"tags":[],"class_list":["post-4098","post","type-post","status-publish","format-standard","has-post-thumbnail","hentry","category-general"],"post_mailing_queue_ids":[],"_links":{"self":[{"href":"https:\/\/serveiseducatius.xtec.cat\/garrotxa\/wp-json\/wp\/v2\/posts\/4098","targetHints":{"allow":["GET"]}}],"collection":[{"href":"https:\/\/serveiseducatius.xtec.cat\/garrotxa\/wp-json\/wp\/v2\/posts"}],"about":[{"href":"https:\/\/serveiseducatius.xtec.cat\/garrotxa\/wp-json\/wp\/v2\/types\/post"}],"author":[{"embeddable":true,"href":"https:\/\/serveiseducatius.xtec.cat\/garrotxa\/wp-json\/wp\/v2\/users\/1"}],"replies":[{"embeddable":true,"href":"https:\/\/serveiseducatius.xtec.cat\/garrotxa\/wp-json\/wp\/v2\/comments?post=4098"}],"version-history":[{"count":3,"href":"https:\/\/serveiseducatius.xtec.cat\/garrotxa\/wp-json\/wp\/v2\/posts\/4098\/revisions"}],"predecessor-version":[{"id":4246,"href":"https:\/\/serveiseducatius.xtec.cat\/garrotxa\/wp-json\/wp\/v2\/posts\/4098\/revisions\/4246"}],"wp:featuredmedia":[{"embeddable":true,"href":"https:\/\/serveiseducatius.xtec.cat\/garrotxa\/wp-json\/wp\/v2\/media\/4245"}],"wp:attachment":[{"href":"https:\/\/serveiseducatius.xtec.cat\/garrotxa\/wp-json\/wp\/v2\/media?parent=4098"}],"wp:term":[{"taxonomy":"category","embeddable":true,"href":"https:\/\/serveiseducatius.xtec.cat\/garrotxa\/wp-json\/wp\/v2\/categories?post=4098"},{"taxonomy":"post_tag","embeddable":true,"href":"https:\/\/serveiseducatius.xtec.cat\/garrotxa\/wp-json\/wp\/v2\/tags?post=4098"}],"curies":[{"name":"wp","href":"https:\/\/api.w.org\/{rel}","templated":true}]}}