{"id":3947,"date":"2022-12-13T14:36:45","date_gmt":"2022-12-13T13:36:45","guid":{"rendered":"https:\/\/serveiseducatius.xtec.cat\/garrotxa\/?p=3947"},"modified":"2022-12-13T15:55:14","modified_gmt":"2022-12-13T14:55:14","slug":"100tifiques-2023","status":"publish","type":"post","link":"https:\/\/serveiseducatius.xtec.cat\/garrotxa\/general\/100tifiques-2023\/","title":{"rendered":"5a edici\u00f3 de #100t\u00edfiques 2023"},"content":{"rendered":"<div class=\"gmail_default\">\n<p dir=\"ltr\" style=\"text-align: justify;\"><span style=\"font-family: arial, sans-serif;\">XERRADES SIMULT\u00c0NIES DE LES #100T\u00cdFIQUES A CENTRES ESCOLARS DE TOT CATALUNYA (alumnat de 6\u00e8 de prim\u00e0ria i 1rd&#8217;ESO), PRESENCIALS O VIRTUALS<\/span><\/p>\n<p dir=\"ltr\" style=\"text-align: justify;\"><span style=\"font-family: arial, sans-serif;\">Obert el per\u00edode d\u2019inscripci\u00f3 de la campanya de #100t\u00edfiques que tindr\u00e0 lloc divendres 10 de febrer per celebrar el\u202fDia Internacional de les Dones i les Nenes en la Ci\u00e8ncia, per sol\u00b7licitar la xerrada, presencial o virtual, d&#8217;una cient\u00edfica, caldr\u00e0 omplir la seg\u00fcent <a href=\"https:\/\/100tifiques.cat\/inscriute_escola\/\" target=\"_blank\" rel=\"noopener\" data-saferedirecturl=\"https:\/\/www.google.com\/url?q=https:\/\/100tifiques.cat\/inscriute_escola\/&amp;source=gmail&amp;ust=1671014084474000&amp;usg=AOvVaw3jUa2g__o18xrjNI0vVBEs\">inscripci\u00f3<\/a>\u00a0 abans del\u00a0<b>dijous<\/b><b> 22 de desembre<\/b>.<\/span><\/p>\n<p dir=\"ltr\" style=\"text-align: justify;\">Activitat adre\u00e7ada a l&#8217;alumnat de <b>sis\u00e8 de prim\u00e0ria i de primer d&#8217;ESO<\/b>\u00a0de totes les escoles i instituts de Catalunya.\u00a0<b>Els Instituts Escola (IE) poden demanar dues cient\u00edfiques,<\/b> una per\u00a06\u00e8 de prim\u00e0ria i una altra per 1r de l&#8217;ESO.<\/p>\n<\/div>\n<div class=\"gmail_default\" style=\"text-align: justify;\">\n<p style=\"text-align: justify;\"><b>Novetat d&#8217;enguany:<\/b> aquest curs incorporem tamb\u00e9 formacions per a docents, el professorat pot fer una activitat formativa associada a l&#8217;activitat (tres sessions virtuals i feina personal i d&#8217;aula) aquesta formaci\u00f3 est\u00e0 certificada pel Departament d&#8217;educaci\u00f3.<\/p>\n<p style=\"text-align: justify;\">Aquestes seran en format online en els seg\u00fcents dies i horaris:<\/p>\n<p><b>12 gener <\/b>de 17h a 18 h<br \/>\n<strong>Sessi\u00f3 1:<\/strong> informaci\u00f3 sobre el programa #100t\u00edfiques<\/p>\n<p><b>19 gener<\/b> de 17 a 19 h<br \/>\n<strong>Sessi\u00f3 2:<\/strong> Preparaci\u00f3 de la visita de la investigadora<\/p>\n<p><strong>26 gener<\/strong> de 17 a 19h<br \/>\n<strong>Sessi\u00f3 3:<\/strong> Eines per treballar a l&#8217;aula: Dones a la ci\u00e8ncia i contribuci\u00f3 professional en l&#8217;\u00e0mbit cient\u00edfic-tecnol\u00f2gic.<\/p>\n<p><b>2 mar\u00e7 <\/b>de 17 a 19 h<br \/>\n<b>Sessi\u00f3 4<\/b>: Revisi\u00f3 i tancament<\/p>\n<\/div>\n<div class=\"gmail_default\">\n<p style=\"text-align: justify;\">Farem arribar l&#8217;enlla\u00e7 de la formaci\u00f3 als docents dels centres que s&#8217;hagin inscrit a #100t\u00edfiques.<\/p>\n<p style=\"text-align: justify;\">Podeu trobar m\u00e9s informaci\u00f3 a <a href=\"https:\/\/100tifiques.cat\/\" target=\"_blank\" rel=\"noopener\" data-saferedirecturl=\"https:\/\/www.google.com\/url?q=https:\/\/100tifiques.cat\/&amp;source=gmail&amp;ust=1671014084474000&amp;usg=AOvVaw0XoNjfAVprDMbkHAX2RXRi\">100t\u00edfiques<\/a><\/p>\n<\/div>\n<p><img loading=\"lazy\" decoding=\"async\" class=\"aligncenter wp-image-3948 size-large\" src=\"https:\/\/serveiseducatius.xtec.cat\/garrotxa\/wp-content\/uploads\/usu774\/2022\/12\/100tifiques-1024x576.jpg\" alt=\"\" width=\"1024\" height=\"576\" srcset=\"https:\/\/serveiseducatius.xtec.cat\/garrotxa\/wp-content\/uploads\/usu774\/2022\/12\/100tifiques-1024x576.jpg 1024w, https:\/\/serveiseducatius.xtec.cat\/garrotxa\/wp-content\/uploads\/usu774\/2022\/12\/100tifiques-300x169.jpg 300w, https:\/\/serveiseducatius.xtec.cat\/garrotxa\/wp-content\/uploads\/usu774\/2022\/12\/100tifiques-768x432.jpg 768w, https:\/\/serveiseducatius.xtec.cat\/garrotxa\/wp-content\/uploads\/usu774\/2022\/12\/100tifiques-1536x864.jpg 1536w, https:\/\/serveiseducatius.xtec.cat\/garrotxa\/wp-content\/uploads\/usu774\/2022\/12\/100tifiques-2048x1152.jpg 2048w\" sizes=\"auto, (max-width: 1024px) 100vw, 1024px\" \/><\/p>\n","protected":false},"excerpt":{"rendered":"<p>XERRADES SIMULT\u00c0NIES DE LES #100T\u00cdFIQUES A CENTRES ESCOLARS DE TOT CATALUNYA (alumnat de 6\u00e8 de prim\u00e0ria i 1rd&#8217;ESO), PRESENCIALS O VIRTUALS Obert el per\u00edode d\u2019inscripci\u00f3 de la campanya de #100t\u00edfiques que tindr\u00e0 lloc divendres 10 de febrer per celebrar el\u202fDia Internacional de les Dones i les Nenes en la Ci\u00e8ncia, per sol\u00b7licitar la xerrada, presencial [&hellip;]<\/p>\n","protected":false},"author":1,"featured_media":3948,"comment_status":"closed","ping_status":"closed","sticky":false,"template":"","format":"standard","meta":{"_bbp_topic_count":0,"_bbp_reply_count":0,"_bbp_total_topic_count":0,"_bbp_total_reply_count":0,"_bbp_voice_count":0,"_bbp_anonymous_reply_count":0,"_bbp_topic_count_hidden":0,"_bbp_reply_count_hidden":0,"_bbp_forum_subforum_count":0,"site-sidebar-layout":"default","site-content-layout":"","ast-site-content-layout":"","site-content-style":"default","site-sidebar-style":"default","ast-global-header-display":"","ast-banner-title-visibility":"","ast-main-header-display":"","ast-hfb-above-header-display":"","ast-hfb-below-header-display":"","ast-hfb-mobile-header-display":"","site-post-title":"","ast-breadcrumbs-content":"","ast-featured-img":"","footer-sml-layout":"","theme-transparent-header-meta":"","adv-header-id-meta":"","stick-header-meta":"","header-above-stick-meta":"","header-main-stick-meta":"","header-below-stick-meta":"","astra-migrate-meta-layouts":"default","ast-page-background-enabled":"default","ast-page-background-meta":{"desktop":{"background-color":"var(--ast-global-color-5)","background-image":"","background-repeat":"repeat","background-position":"center center","background-size":"auto","background-attachment":"scroll","background-type":"","background-media":"","overlay-type":"","overlay-color":"","overlay-opacity":"","overlay-gradient":""},"tablet":{"background-color":"","background-image":"","background-repeat":"repeat","background-position":"center center","background-size":"auto","background-attachment":"scroll","background-type":"","background-media":"","overlay-type":"","overlay-color":"","overlay-opacity":"","overlay-gradient":""},"mobile":{"background-color":"","background-image":"","background-repeat":"repeat","background-position":"center center","background-size":"auto","background-attachment":"scroll","background-type":"","background-media":"","overlay-type":"","overlay-color":"","overlay-opacity":"","overlay-gradient":""}},"ast-content-background-meta":{"desktop":{"background-color":"var(--ast-global-color-4)","background-image":"","background-repeat":"repeat","background-position":"center center","background-size":"auto","background-attachment":"scroll","background-type":"","background-media":"","overlay-type":"","overlay-color":"","overlay-opacity":"","overlay-gradient":""},"tablet":{"background-color":"var(--ast-global-color-4)","background-image":"","background-repeat":"repeat","background-position":"center center","background-size":"auto","background-attachment":"scroll","background-type":"","background-media":"","overlay-type":"","overlay-color":"","overlay-opacity":"","overlay-gradient":""},"mobile":{"background-color":"var(--ast-global-color-4)","background-image":"","background-repeat":"repeat","background-position":"center center","background-size":"auto","background-attachment":"scroll","background-type":"","background-media":"","overlay-type":"","overlay-color":"","overlay-opacity":"","overlay-gradient":""}},"footnotes":""},"categories":[1],"tags":[],"class_list":["post-3947","post","type-post","status-publish","format-standard","has-post-thumbnail","hentry","category-general"],"post_mailing_queue_ids":[],"_links":{"self":[{"href":"https:\/\/serveiseducatius.xtec.cat\/garrotxa\/wp-json\/wp\/v2\/posts\/3947","targetHints":{"allow":["GET"]}}],"collection":[{"href":"https:\/\/serveiseducatius.xtec.cat\/garrotxa\/wp-json\/wp\/v2\/posts"}],"about":[{"href":"https:\/\/serveiseducatius.xtec.cat\/garrotxa\/wp-json\/wp\/v2\/types\/post"}],"author":[{"embeddable":true,"href":"https:\/\/serveiseducatius.xtec.cat\/garrotxa\/wp-json\/wp\/v2\/users\/1"}],"replies":[{"embeddable":true,"href":"https:\/\/serveiseducatius.xtec.cat\/garrotxa\/wp-json\/wp\/v2\/comments?post=3947"}],"version-history":[{"count":3,"href":"https:\/\/serveiseducatius.xtec.cat\/garrotxa\/wp-json\/wp\/v2\/posts\/3947\/revisions"}],"predecessor-version":[{"id":3951,"href":"https:\/\/serveiseducatius.xtec.cat\/garrotxa\/wp-json\/wp\/v2\/posts\/3947\/revisions\/3951"}],"wp:featuredmedia":[{"embeddable":true,"href":"https:\/\/serveiseducatius.xtec.cat\/garrotxa\/wp-json\/wp\/v2\/media\/3948"}],"wp:attachment":[{"href":"https:\/\/serveiseducatius.xtec.cat\/garrotxa\/wp-json\/wp\/v2\/media?parent=3947"}],"wp:term":[{"taxonomy":"category","embeddable":true,"href":"https:\/\/serveiseducatius.xtec.cat\/garrotxa\/wp-json\/wp\/v2\/categories?post=3947"},{"taxonomy":"post_tag","embeddable":true,"href":"https:\/\/serveiseducatius.xtec.cat\/garrotxa\/wp-json\/wp\/v2\/tags?post=3947"}],"curies":[{"name":"wp","href":"https:\/\/api.w.org\/{rel}","templated":true}]}}