{"id":3819,"date":"2022-09-26T14:05:11","date_gmt":"2022-09-26T12:05:11","guid":{"rendered":"https:\/\/serveiseducatius.xtec.cat\/garrotxa\/?p=3819"},"modified":"2022-09-26T14:05:25","modified_gmt":"2022-09-26T12:05:25","slug":"jornada-formativa-sobre-inclusio-dalumnat-amb-caracteristiques-especifiques-a-lescola-ordinaria","status":"publish","type":"post","link":"https:\/\/serveiseducatius.xtec.cat\/garrotxa\/general\/jornada-formativa-sobre-inclusio-dalumnat-amb-caracteristiques-especifiques-a-lescola-ordinaria\/","title":{"rendered":"Jornada formativa sobre inclusi\u00f3 d&#8217;alumnat amb caracter\u00edstiques espec\u00edfiques a l&#8217;escola ordin\u00e0ria"},"content":{"rendered":"<p>Sessions espec\u00edfiques:<\/p>\n<ul>\n<li>Auditiva (CREDA).\u00a0<a href=\"https:\/\/drive.google.com\/drive\/folders\/1SK0g9ThaletjOgOPGCC8PsJFWIzg_l-f?usp=sharing\">Presentaci\u00f3<\/a><\/li>\n<li>Visual (CREDEV).<a href=\"https:\/\/drive.google.com\/drive\/folders\/1SK0g9ThaletjOgOPGCC8PsJFWIzg_l-f?usp=sharing\">Presentaci\u00f3<\/a><\/li>\n<li>DRC \u2013 Dificultats de regulaci\u00f3 de la conducta (CRETDIC).\u00a0<a href=\"https:\/\/drive.google.com\/drive\/folders\/1SK0g9ThaletjOgOPGCC8PsJFWIzg_l-f?usp=sharing\">Presentaci\u00f3<\/a>.\u00a0<a href=\"https:\/\/www.youtube.com\/watch?v=Oq1hiJLNMmw\">Videoconfer\u00e8ncia<\/a>.<\/li>\n<li>TEA \u2013 trastorns de l\u2019espectre autista (CRETDIC).<a href=\"https:\/\/drive.google.com\/drive\/folders\/1SK0g9ThaletjOgOPGCC8PsJFWIzg_l-f?usp=sharing\">Presentaci\u00f3<\/a>.\u00a0<a href=\"https:\/\/www.youtube.com\/watch?v=SitS4emmc5U\">Videoconfer\u00e8ncia<\/a>.<\/li>\n<li>Motrius (Equip de fisioterapeutes)\u00a0<a href=\"https:\/\/drive.google.com\/drive\/folders\/1SK0g9ThaletjOgOPGCC8PsJFWIzg_l-f?usp=sharing\">Presentaci\u00f3<\/a><\/li>\n<\/ul>\n","protected":false},"excerpt":{"rendered":"<p>Sessions espec\u00edfiques: Auditiva (CREDA).\u00a0Presentaci\u00f3 Visual (CREDEV).Presentaci\u00f3 DRC \u2013 Dificultats de regulaci\u00f3 de la conducta (CRETDIC).\u00a0Presentaci\u00f3.\u00a0Videoconfer\u00e8ncia. TEA \u2013 trastorns de l\u2019espectre autista (CRETDIC).Presentaci\u00f3.\u00a0Videoconfer\u00e8ncia. Motrius (Equip de fisioterapeutes)\u00a0Presentaci\u00f3<\/p>\n","protected":false},"author":1,"featured_media":3820,"comment_status":"closed","ping_status":"closed","sticky":false,"template":"","format":"standard","meta":{"_bbp_topic_count":0,"_bbp_reply_count":0,"_bbp_total_topic_count":0,"_bbp_total_reply_count":0,"_bbp_voice_count":0,"_bbp_anonymous_reply_count":0,"_bbp_topic_count_hidden":0,"_bbp_reply_count_hidden":0,"_bbp_forum_subforum_count":0,"site-sidebar-layout":"default","site-content-layout":"","ast-site-content-layout":"","site-content-style":"default","site-sidebar-style":"default","ast-global-header-display":"","ast-banner-title-visibility":"","ast-main-header-display":"","ast-hfb-above-header-display":"","ast-hfb-below-header-display":"","ast-hfb-mobile-header-display":"","site-post-title":"","ast-breadcrumbs-content":"","ast-featured-img":"","footer-sml-layout":"","theme-transparent-header-meta":"","adv-header-id-meta":"","stick-header-meta":"","header-above-stick-meta":"","header-main-stick-meta":"","header-below-stick-meta":"","astra-migrate-meta-layouts":"default","ast-page-background-enabled":"default","ast-page-background-meta":{"desktop":{"background-color":"var(--ast-global-color-5)","background-image":"","background-repeat":"repeat","background-position":"center center","background-size":"auto","background-attachment":"scroll","background-type":"","background-media":"","overlay-type":"","overlay-color":"","overlay-opacity":"","overlay-gradient":""},"tablet":{"background-color":"","background-image":"","background-repeat":"repeat","background-position":"center center","background-size":"auto","background-attachment":"scroll","background-type":"","background-media":"","overlay-type":"","overlay-color":"","overlay-opacity":"","overlay-gradient":""},"mobile":{"background-color":"","background-image":"","background-repeat":"repeat","background-position":"center center","background-size":"auto","background-attachment":"scroll","background-type":"","background-media":"","overlay-type":"","overlay-color":"","overlay-opacity":"","overlay-gradient":""}},"ast-content-background-meta":{"desktop":{"background-color":"var(--ast-global-color-4)","background-image":"","background-repeat":"repeat","background-position":"center center","background-size":"auto","background-attachment":"scroll","background-type":"","background-media":"","overlay-type":"","overlay-color":"","overlay-opacity":"","overlay-gradient":""},"tablet":{"background-color":"var(--ast-global-color-4)","background-image":"","background-repeat":"repeat","background-position":"center center","background-size":"auto","background-attachment":"scroll","background-type":"","background-media":"","overlay-type":"","overlay-color":"","overlay-opacity":"","overlay-gradient":""},"mobile":{"background-color":"var(--ast-global-color-4)","background-image":"","background-repeat":"repeat","background-position":"center center","background-size":"auto","background-attachment":"scroll","background-type":"","background-media":"","overlay-type":"","overlay-color":"","overlay-opacity":"","overlay-gradient":""}},"footnotes":""},"categories":[1],"tags":[],"class_list":["post-3819","post","type-post","status-publish","format-standard","has-post-thumbnail","hentry","category-general"],"post_mailing_queue_ids":[],"_links":{"self":[{"href":"https:\/\/serveiseducatius.xtec.cat\/garrotxa\/wp-json\/wp\/v2\/posts\/3819","targetHints":{"allow":["GET"]}}],"collection":[{"href":"https:\/\/serveiseducatius.xtec.cat\/garrotxa\/wp-json\/wp\/v2\/posts"}],"about":[{"href":"https:\/\/serveiseducatius.xtec.cat\/garrotxa\/wp-json\/wp\/v2\/types\/post"}],"author":[{"embeddable":true,"href":"https:\/\/serveiseducatius.xtec.cat\/garrotxa\/wp-json\/wp\/v2\/users\/1"}],"replies":[{"embeddable":true,"href":"https:\/\/serveiseducatius.xtec.cat\/garrotxa\/wp-json\/wp\/v2\/comments?post=3819"}],"version-history":[{"count":1,"href":"https:\/\/serveiseducatius.xtec.cat\/garrotxa\/wp-json\/wp\/v2\/posts\/3819\/revisions"}],"predecessor-version":[{"id":3821,"href":"https:\/\/serveiseducatius.xtec.cat\/garrotxa\/wp-json\/wp\/v2\/posts\/3819\/revisions\/3821"}],"wp:featuredmedia":[{"embeddable":true,"href":"https:\/\/serveiseducatius.xtec.cat\/garrotxa\/wp-json\/wp\/v2\/media\/3820"}],"wp:attachment":[{"href":"https:\/\/serveiseducatius.xtec.cat\/garrotxa\/wp-json\/wp\/v2\/media?parent=3819"}],"wp:term":[{"taxonomy":"category","embeddable":true,"href":"https:\/\/serveiseducatius.xtec.cat\/garrotxa\/wp-json\/wp\/v2\/categories?post=3819"},{"taxonomy":"post_tag","embeddable":true,"href":"https:\/\/serveiseducatius.xtec.cat\/garrotxa\/wp-json\/wp\/v2\/tags?post=3819"}],"curies":[{"name":"wp","href":"https:\/\/api.w.org\/{rel}","templated":true}]}}