{"id":9474,"date":"2017-05-03T17:18:23","date_gmt":"2017-05-03T15:18:23","guid":{"rendered":"http:\/\/serveiseducatius.xtec.cat\/garrigues\/?p=9474"},"modified":"2017-09-26T12:50:52","modified_gmt":"2017-09-26T10:50:52","slug":"trobada-edcamp-a-verdu","status":"publish","type":"post","link":"https:\/\/serveiseducatius.xtec.cat\/garrigues\/formacio\/jornades\/trobada-edcamp-a-verdu\/","title":{"rendered":"Trobada Edcamp a Verd\u00fa"},"content":{"rendered":"<h4><a href=\"http:\/\/serveiseducatius.xtec.cat\/garrigues\/wp-content\/uploads\/usu142\/2017\/05\/edcamp.png\"><img loading=\"lazy\" decoding=\"async\" class=\"size-full wp-image-9464 alignleft\" src=\"http:\/\/serveiseducatius.xtec.cat\/garrigues\/wp-content\/uploads\/usu142\/2017\/05\/edcamp.png\" alt=\"edcamp\" width=\"150\" height=\"150\" \/><\/a>Trobada Edcamp a Verd\u00fa<\/h4>\n<p>Trobada de mestres i professors de les comarques de Lleida \u00a0que pret\u00e9n reflexionar i compartir propostes i experi\u00e8ncies educatives sobre\u00a0 l&#8217;<strong>escola rural<\/strong>, l&#8217;escola de les &#8220;3ps&#8221; <strong>petita, p\u00fablica i de poble<\/strong>.<br \/>\n<strong>Data:<\/strong> dissabte <strong>20 de maig<\/strong>\u00a0 \u00a0 \u00a0 \u00a0<strong>Hora<\/strong>: \u00a09:30 &#8211; 13.30h<br \/>\n<strong>Lloc<\/strong>: Pla\u00e7a Bisbe Comelles, 11A. Verd\u00fa<\/p>\n<p>Inscripci\u00f3:\u00a0<a href=\"http:\/\/edcamp.educaciodema.cat\/ca\/edcamp\/edcamp-rural\/_e:16\/\" target=\"_blank\" rel=\"noopener noreferrer\" data-saferedirecturl=\"https:\/\/www.google.com\/url?hl=ca&amp;q=http:\/\/edcamp.educaciodema.cat\/ca\/edcamp\/edcamp-rural\/_e:16\/&amp;source=gmail&amp;ust=1493891951373000&amp;usg=AFQjCNG_lolGRfnqEznrwPbRtbB5zeoLSA\">M\u00e9s informaci\u00f3 i inscripcions<\/a>.<\/p>\n","protected":false},"excerpt":{"rendered":"<p>Trobada Edcamp a Verd\u00fa Trobada de mestres i professors de les comarques de Lleida \u00a0que pret\u00e9n reflexionar i compartir propostes i experi\u00e8ncies educatives sobre\u00a0 l&#8217;escola rural, l&#8217;escola de les &#8220;3ps&#8221; petita, p\u00fablica i de poble. Data: dissabte 20 de maig\u00a0 \u00a0 \u00a0 \u00a0Hora: \u00a09:30 &#8211; 13.30h Lloc: Pla\u00e7a Bisbe Comelles, 11A. Verd\u00fa Inscripci\u00f3:\u00a0M\u00e9s informaci\u00f3 i [&hellip;]<\/p>\n","protected":false},"author":3,"featured_media":9464,"comment_status":"open","ping_status":"closed","sticky":false,"template":"","format":"standard","meta":{"_bbp_topic_count":0,"_bbp_reply_count":0,"_bbp_total_topic_count":0,"_bbp_total_reply_count":0,"_bbp_voice_count":0,"_bbp_anonymous_reply_count":0,"_bbp_topic_count_hidden":0,"_bbp_reply_count_hidden":0,"_bbp_forum_subforum_count":0,"site-sidebar-layout":"default","site-content-layout":"","ast-site-content-layout":"","site-content-style":"default","site-sidebar-style":"default","ast-global-header-display":"","ast-banner-title-visibility":"","ast-main-header-display":"","ast-hfb-above-header-display":"","ast-hfb-below-header-display":"","ast-hfb-mobile-header-display":"","site-post-title":"","ast-breadcrumbs-content":"","ast-featured-img":"","footer-sml-layout":"","theme-transparent-header-meta":"","adv-header-id-meta":"","stick-header-meta":"","header-above-stick-meta":"","header-main-stick-meta":"","header-below-stick-meta":"","astra-migrate-meta-layouts":"default","ast-page-background-enabled":"default","ast-page-background-meta":{"desktop":{"background-color":"var(--ast-global-color-4)","background-image":"","background-repeat":"repeat","background-position":"center center","background-size":"auto","background-attachment":"scroll","background-type":"","background-media":"","overlay-type":"","overlay-color":"","overlay-opacity":"","overlay-gradient":""},"tablet":{"background-color":"","background-image":"","background-repeat":"repeat","background-position":"center center","background-size":"auto","background-attachment":"scroll","background-type":"","background-media":"","overlay-type":"","overlay-color":"","overlay-opacity":"","overlay-gradient":""},"mobile":{"background-color":"","background-image":"","background-repeat":"repeat","background-position":"center center","background-size":"auto","background-attachment":"scroll","background-type":"","background-media":"","overlay-type":"","overlay-color":"","overlay-opacity":"","overlay-gradient":""}},"ast-content-background-meta":{"desktop":{"background-color":"var(--ast-global-color-5)","background-image":"","background-repeat":"repeat","background-position":"center center","background-size":"auto","background-attachment":"scroll","background-type":"","background-media":"","overlay-type":"","overlay-color":"","overlay-opacity":"","overlay-gradient":""},"tablet":{"background-color":"var(--ast-global-color-5)","background-image":"","background-repeat":"repeat","background-position":"center center","background-size":"auto","background-attachment":"scroll","background-type":"","background-media":"","overlay-type":"","overlay-color":"","overlay-opacity":"","overlay-gradient":""},"mobile":{"background-color":"var(--ast-global-color-5)","background-image":"","background-repeat":"repeat","background-position":"center center","background-size":"auto","background-attachment":"scroll","background-type":"","background-media":"","overlay-type":"","overlay-color":"","overlay-opacity":"","overlay-gradient":""}},"footnotes":""},"categories":[294],"tags":[],"class_list":["post-9474","post","type-post","status-publish","format-standard","has-post-thumbnail","hentry","category-jornades"],"post_mailing_queue_ids":[],"_links":{"self":[{"href":"https:\/\/serveiseducatius.xtec.cat\/garrigues\/wp-json\/wp\/v2\/posts\/9474","targetHints":{"allow":["GET"]}}],"collection":[{"href":"https:\/\/serveiseducatius.xtec.cat\/garrigues\/wp-json\/wp\/v2\/posts"}],"about":[{"href":"https:\/\/serveiseducatius.xtec.cat\/garrigues\/wp-json\/wp\/v2\/types\/post"}],"author":[{"embeddable":true,"href":"https:\/\/serveiseducatius.xtec.cat\/garrigues\/wp-json\/wp\/v2\/users\/3"}],"replies":[{"embeddable":true,"href":"https:\/\/serveiseducatius.xtec.cat\/garrigues\/wp-json\/wp\/v2\/comments?post=9474"}],"version-history":[{"count":2,"href":"https:\/\/serveiseducatius.xtec.cat\/garrigues\/wp-json\/wp\/v2\/posts\/9474\/revisions"}],"predecessor-version":[{"id":9578,"href":"https:\/\/serveiseducatius.xtec.cat\/garrigues\/wp-json\/wp\/v2\/posts\/9474\/revisions\/9578"}],"wp:featuredmedia":[{"embeddable":true,"href":"https:\/\/serveiseducatius.xtec.cat\/garrigues\/wp-json\/wp\/v2\/media\/9464"}],"wp:attachment":[{"href":"https:\/\/serveiseducatius.xtec.cat\/garrigues\/wp-json\/wp\/v2\/media?parent=9474"}],"wp:term":[{"taxonomy":"category","embeddable":true,"href":"https:\/\/serveiseducatius.xtec.cat\/garrigues\/wp-json\/wp\/v2\/categories?post=9474"},{"taxonomy":"post_tag","embeddable":true,"href":"https:\/\/serveiseducatius.xtec.cat\/garrigues\/wp-json\/wp\/v2\/tags?post=9474"}],"curies":[{"name":"wp","href":"https:\/\/api.w.org\/{rel}","templated":true}]}}