{"id":25276,"date":"2026-04-30T17:24:43","date_gmt":"2026-04-30T15:24:43","guid":{"rendered":"https:\/\/serveiseducatius.xtec.cat\/garrigues\/?p=25276"},"modified":"2026-04-30T17:26:14","modified_gmt":"2026-04-30T15:26:14","slug":"full-informatiu-maig-2026","status":"publish","type":"post","link":"https:\/\/serveiseducatius.xtec.cat\/garrigues\/general\/full-informatiu-maig-2026\/","title":{"rendered":"Full informatiu maig 2026"},"content":{"rendered":"\n<div class=\"wp-block-columns has-background is-layout-flex wp-container-core-columns-is-layout-1 wp-block-columns-is-layout-flex\" style=\"background-color:#ddf3eb\">\n<div class=\"wp-block-column is-layout-flow wp-block-column-is-layout-flow\" style=\"flex-basis:33.33%\">\n<figure class=\"wp-block-image size-large\"><a href=\"https:\/\/serveiseducatius.xtec.cat\/garrigues\/wp-content\/uploads\/usu142\/2019\/10\/escut-SE.png\"><img loading=\"lazy\" decoding=\"async\" width=\"1024\" height=\"410\" src=\"https:\/\/serveiseducatius.xtec.cat\/garrigues\/wp-content\/uploads\/usu142\/2019\/10\/escut-SE-1024x410.png\" alt=\"\" class=\"wp-image-17857\" srcset=\"https:\/\/serveiseducatius.xtec.cat\/garrigues\/wp-content\/uploads\/usu142\/2019\/10\/escut-SE-1024x410.png 1024w, https:\/\/serveiseducatius.xtec.cat\/garrigues\/wp-content\/uploads\/usu142\/2019\/10\/escut-SE-300x120.png 300w, https:\/\/serveiseducatius.xtec.cat\/garrigues\/wp-content\/uploads\/usu142\/2019\/10\/escut-SE-768x307.png 768w\" sizes=\"auto, (max-width: 1024px) 100vw, 1024px\" \/><\/a><\/figure>\n<\/div>\n\n\n\n<div class=\"wp-block-column is-layout-flow wp-block-column-is-layout-flow\" style=\"flex-basis:66.66%\">\n<h3 class=\"wp-block-heading\">Dia de lliure disposici\u00f3<\/h3>\n\n\n\n<p>El dia&nbsp;<strong>4 de maig<\/strong>, el SE de les Garrigues romandr\u00e0 tancat, ja que correspon als dies de lliure disposici\u00f3 establerts per al curs 2025-2026.<\/p>\n<\/div>\n<\/div>\n\n\n\n<div class=\"wp-block-columns is-layout-flex wp-container-core-columns-is-layout-2 wp-block-columns-is-layout-flex\">\n<div class=\"wp-block-column is-layout-flow wp-block-column-is-layout-flow\" style=\"flex-basis:33.33%\">\n<figure class=\"wp-block-image size-full\"><a href=\"https:\/\/serveiseducatius.xtec.cat\/garrigues\/wp-content\/uploads\/usu142\/2026\/02\/2-jornada-400-x-300-px.png\"><img loading=\"lazy\" decoding=\"async\" width=\"400\" height=\"300\" src=\"https:\/\/serveiseducatius.xtec.cat\/garrigues\/wp-content\/uploads\/usu142\/2026\/02\/2-jornada-400-x-300-px.png\" alt=\"\" class=\"wp-image-24991\" srcset=\"https:\/\/serveiseducatius.xtec.cat\/garrigues\/wp-content\/uploads\/usu142\/2026\/02\/2-jornada-400-x-300-px.png 400w, https:\/\/serveiseducatius.xtec.cat\/garrigues\/wp-content\/uploads\/usu142\/2026\/02\/2-jornada-400-x-300-px-300x225.png 300w\" sizes=\"auto, (max-width: 400px) 100vw, 400px\" \/><\/a><\/figure>\n<\/div>\n\n\n\n<div class=\"wp-block-column is-layout-flow wp-block-column-is-layout-flow\" style=\"flex-basis:66.66%\">\n<h3 class=\"wp-block-heading\">II Jornada de rob\u00f2tica a les Garrigues<\/h3>\n\n\n\n<p>El<strong>&nbsp;7 de maig<\/strong>&nbsp;es dur\u00e0 a terme la 2a Jornada de Rob\u00f2tica Educativa a les Garrigues, adre\u00e7ada a tot l\u2019alumnat de 5\u00e8 de prim\u00e0ria de la comarca (5\u00e8 i 6\u00e8 en el cas de les ZERs). L\u2019activitat comptar\u00e0 amb la col\u00b7laboraci\u00f3 de l\u2019alumnat de 4t d\u2019ESO de l\u2019INS l\u2019Olivera de la Granadella i de l\u2019INS Josep Vallverd\u00fa i tindr\u00e0 lloc als pavellons de l\u2019Oli i Francesc Maci\u00e0, en horari de 10 a 15.30 h.<\/p>\n\n\n\n<p><strong><a href=\"https:\/\/serveiseducatius.xtec.cat\/garrigues\/portada\/2a-jornada-de-robotica-educativa-a-les-garrigues\/\">M\u00e9s informaci\u00f3<\/a><\/strong><\/p>\n<\/div>\n<\/div>\n\n\n\n<div class=\"wp-block-columns has-background is-layout-flex wp-container-core-columns-is-layout-3 wp-block-columns-is-layout-flex\" style=\"background-color:#ddf3eb\">\n<div class=\"wp-block-column is-layout-flow wp-block-column-is-layout-flow\" style=\"flex-basis:33.33%\">\n<figure class=\"wp-block-image size-full\"><a href=\"https:\/\/serveiseducatius.xtec.cat\/garrigues\/wp-content\/uploads\/usu142\/2026\/02\/Xprimenta.png\"><img loading=\"lazy\" decoding=\"async\" width=\"400\" height=\"300\" src=\"https:\/\/serveiseducatius.xtec.cat\/garrigues\/wp-content\/uploads\/usu142\/2026\/02\/Xprimenta.png\" alt=\"\" class=\"wp-image-25035\" srcset=\"https:\/\/serveiseducatius.xtec.cat\/garrigues\/wp-content\/uploads\/usu142\/2026\/02\/Xprimenta.png 400w, https:\/\/serveiseducatius.xtec.cat\/garrigues\/wp-content\/uploads\/usu142\/2026\/02\/Xprimenta-300x225.png 300w\" sizes=\"auto, (max-width: 400px) 100vw, 400px\" \/><\/a><\/figure>\n<\/div>\n\n\n\n<div class=\"wp-block-column is-layout-flow wp-block-column-is-layout-flow\" style=\"flex-basis:66.66%\">\n<h3 class=\"wp-block-heading\">XVI edici\u00f3 X(p)rimenta 2026<\/h3>\n\n\n\n<p>La&nbsp;<strong>Fundaci\u00f3 Catalana per a la Recerca i la Innovaci\u00f3<\/strong>&nbsp;(FCRI) i&nbsp;<strong>l\u2019Associaci\u00f3 Catalana de Comunicaci\u00f3 Cient\u00edfica<\/strong>&nbsp;(ACCC) organitzen el XV Concurs Escolar de V\u00eddeos Cient\u00edfics en Catal\u00e0&nbsp;<strong>X(p)rimenta 2026<\/strong>.<\/p>\n\n\n\n<ul class=\"wp-block-list\">\n<li>Del&nbsp;<strong>4&nbsp;a l\u201911&nbsp;de maig de 2026<\/strong>: publicaci\u00f3 dels v\u00eddeos finalistes.<\/li>\n\n\n\n<li><strong>28&nbsp;de maig de 2026<\/strong>: acte de lliurament de premis i guardons.<\/li>\n<\/ul>\n\n\n\n<p><strong><a href=\"https:\/\/serveiseducatius.xtec.cat\/garrigues\/portada\/xvi-edicio-xprimenta-2026\/\">M\u00e9s informaci\u00f3<\/a><\/strong><\/p>\n<\/div>\n<\/div>\n\n\n\n<div class=\"wp-block-columns is-layout-flex wp-container-core-columns-is-layout-4 wp-block-columns-is-layout-flex\">\n<div class=\"wp-block-column is-layout-flow wp-block-column-is-layout-flow\" style=\"flex-basis:33.33%\">\n<figure class=\"wp-block-image size-full\"><a href=\"https:\/\/serveiseducatius.xtec.cat\/garrigues\/wp-content\/uploads\/usu142\/2026\/04\/globalscholars.jpg\"><img loading=\"lazy\" decoding=\"async\" width=\"400\" height=\"300\" src=\"https:\/\/serveiseducatius.xtec.cat\/garrigues\/wp-content\/uploads\/usu142\/2026\/04\/globalscholars.jpg\" alt=\"\" class=\"wp-image-25272\" srcset=\"https:\/\/serveiseducatius.xtec.cat\/garrigues\/wp-content\/uploads\/usu142\/2026\/04\/globalscholars.jpg 400w, https:\/\/serveiseducatius.xtec.cat\/garrigues\/wp-content\/uploads\/usu142\/2026\/04\/globalscholars-300x225.jpg 300w\" sizes=\"auto, (max-width: 400px) 100vw, 400px\" \/><\/a><\/figure>\n<\/div>\n\n\n\n<div class=\"wp-block-column is-layout-flow wp-block-column-is-layout-flow\" style=\"flex-basis:66.66%\">\n<h3 class=\"wp-block-heading\">Convocat\u00f2ria Programa Global Scholars 2026\u20132027<\/h3>\n\n\n\n<p>Programa internacional d\u2019aprenentatge en l\u00ednia que connecta m\u00e9s de 13.000 alumnes de centres educatius de prop de 50 ciutats d\u2019arreu del m\u00f3n. L\u2019objectiu \u00e9s preparar-los per esdevenir ciutadans globals i interactuar amb \u00e8xit amb persones d\u2019altres pa\u00efsos. Adre\u00e7at a alumnat de <strong>10 a 13 anys<\/strong>.&nbsp;Termini de sol\u00b7licitud: fins al <strong>5 de maig de 2026<\/strong>.<\/p>\n\n\n\n<p><strong><a href=\"https:\/\/serveiseducatius.xtec.cat\/garrigues\/general\/convocatoria-programa-global-scholars-2026-2027\/\">M\u00e9s informaci\u00f3<\/a><\/strong><\/p>\n<\/div>\n<\/div>\n\n\n\n<p>&nbsp;<\/p>\n\n\n\n<div class=\"wp-block-columns has-background is-layout-flex wp-container-core-columns-is-layout-5 wp-block-columns-is-layout-flex\" style=\"background-color:#ddf3eb\">\n<div class=\"wp-block-column is-layout-flow wp-block-column-is-layout-flow\" style=\"flex-basis:33.33%\">\n<figure class=\"wp-block-image size-full is-resized\"><a href=\"https:\/\/serveiseducatius.xtec.cat\/garrigues\/wp-content\/uploads\/usu142\/2026\/04\/Immersio.png\"><img loading=\"lazy\" decoding=\"async\" width=\"200\" height=\"150\" src=\"https:\/\/serveiseducatius.xtec.cat\/garrigues\/wp-content\/uploads\/usu142\/2026\/04\/Immersio.png\" alt=\"\" class=\"wp-image-25263\" style=\"width:445px;height:auto\"\/><\/a><\/figure>\n<\/div>\n\n\n\n<div class=\"wp-block-column is-layout-flow wp-block-column-is-layout-flow\" style=\"flex-basis:66.66%\">\n<h3 class=\"wp-block-heading\">Convocat\u00f2ria Immersi\u00f3 Ling\u00fc\u00edstica 26-27<\/h3>\n\n\n\n<p>S\u2019ha publicat al BOE l\u2019extracte de la resoluci\u00f3 de la convocat\u00f2ria d\u2019immersi\u00f3 ling\u00fc\u00edstica en angl\u00e8s per al curs 2026-2027 (ID:2441). Adre\u00e7at a l\u2019alumnat de&nbsp;<strong>6\u00e8 PRI i 2n ESO<\/strong>. Termini per a presentar les sol\u00b7licituds:&nbsp;<strong>11 de maig a les 12h<\/strong><\/p>\n\n\n\n<p><strong><a href=\"https:\/\/serveiseducatius.xtec.cat\/garrigues\/general\/convocatoria-dimmersio-linguistica\/\">M\u00e9s informaci\u00f3<\/a><\/strong><\/p>\n<\/div>\n<\/div>\n\n\n\n<div class=\"wp-block-columns is-layout-flex wp-container-core-columns-is-layout-6 wp-block-columns-is-layout-flex\">\n<div class=\"wp-block-column is-layout-flow wp-block-column-is-layout-flow\" style=\"flex-basis:33.33%\">\n<figure class=\"wp-block-image size-full\"><a href=\"https:\/\/serveiseducatius.xtec.cat\/garrigues\/wp-content\/uploads\/usu142\/2025\/05\/jocs.jpg\"><img loading=\"lazy\" decoding=\"async\" width=\"400\" height=\"300\" src=\"https:\/\/serveiseducatius.xtec.cat\/garrigues\/wp-content\/uploads\/usu142\/2025\/05\/jocs.jpg\" alt=\"\" class=\"wp-image-24543\" srcset=\"https:\/\/serveiseducatius.xtec.cat\/garrigues\/wp-content\/uploads\/usu142\/2025\/05\/jocs.jpg 400w, https:\/\/serveiseducatius.xtec.cat\/garrigues\/wp-content\/uploads\/usu142\/2025\/05\/jocs-300x225.jpg 300w\" sizes=\"auto, (max-width: 400px) 100vw, 400px\" \/><\/a><\/figure>\n<\/div>\n\n\n\n<div class=\"wp-block-column is-layout-flow wp-block-column-is-layout-flow\" style=\"flex-basis:66.66%\">\n<h3 class=\"wp-block-heading\">XIII Jocs Florals Escolars de Catalunya<\/h3>\n\n\n\n<p>El dia <strong>18 de maig<\/strong> es dur\u00e0 a terme l&#8217;acte de lliurament de guardons fase territorial de Lleida. <\/p>\n\n\n\n<p><strong><a href=\"https:\/\/serveiseducatius.xtec.cat\/garrigues\/portada\/xiii-jocs-florals-escolars-de-catalunya\/\">M\u00e9s informaci\u00f3<\/a><\/strong><\/p>\n<\/div>\n<\/div>\n\n\n\n<div class=\"wp-block-columns has-background is-layout-flex wp-container-core-columns-is-layout-7 wp-block-columns-is-layout-flex\" style=\"background-color:#ddf3eb\">\n<div class=\"wp-block-column is-layout-flow wp-block-column-is-layout-flow\" style=\"flex-basis:33.33%\">\n<figure class=\"wp-block-image size-full\"><a href=\"https:\/\/serveiseducatius.xtec.cat\/garrigues\/wp-content\/uploads\/usu142\/2026\/03\/fer.png\"><img loading=\"lazy\" decoding=\"async\" width=\"400\" height=\"300\" src=\"https:\/\/serveiseducatius.xtec.cat\/garrigues\/wp-content\/uploads\/usu142\/2026\/03\/fer.png\" alt=\"\" class=\"wp-image-25184\" srcset=\"https:\/\/serveiseducatius.xtec.cat\/garrigues\/wp-content\/uploads\/usu142\/2026\/03\/fer.png 400w, https:\/\/serveiseducatius.xtec.cat\/garrigues\/wp-content\/uploads\/usu142\/2026\/03\/fer-300x225.png 300w\" sizes=\"auto, (max-width: 400px) 100vw, 400px\" \/><\/a><\/figure>\n<\/div>\n\n\n\n<div class=\"wp-block-column is-layout-flow wp-block-column-is-layout-flow\" style=\"flex-basis:66.66%\">\n<h3 class=\"wp-block-heading\">Projecte Futurs Emprenedors Rurals<\/h3>\n\n\n\n<p>El <strong>18 de maig a les 9:30h<\/strong> es dur\u00e0 a terme la sessi\u00f3 informativa en l\u00ednia&nbsp;del pr\u00f2xim curs escolar adre\u00e7ada a&nbsp;escoles, mestres i altres agents educatius&nbsp;interessats a treballar l\u2019emprenedoria a prim\u00e0ria durant el&nbsp;curs 2026-2027.<\/p>\n\n\n\n<p><strong><a href=\"https:\/\/serveiseducatius.xtec.cat\/garrigues\/portada\/18-maig-sessio-fer\/\">M\u00e9s informaci\u00f3<\/a><\/strong><\/p>\n<\/div>\n<\/div>\n\n\n\n<div class=\"wp-block-columns is-layout-flex wp-container-core-columns-is-layout-8 wp-block-columns-is-layout-flex\">\n<div class=\"wp-block-column is-layout-flow wp-block-column-is-layout-flow\" style=\"flex-basis:33.33%\">\n<figure class=\"wp-block-image size-full\"><a href=\"https:\/\/serveiseducatius.xtec.cat\/garrigues\/wp-content\/uploads\/usu142\/2025\/11\/mschools.png\"><img loading=\"lazy\" decoding=\"async\" width=\"400\" height=\"300\" src=\"https:\/\/serveiseducatius.xtec.cat\/garrigues\/wp-content\/uploads\/usu142\/2025\/11\/mschools.png\" alt=\"\" class=\"wp-image-24693\" srcset=\"https:\/\/serveiseducatius.xtec.cat\/garrigues\/wp-content\/uploads\/usu142\/2025\/11\/mschools.png 400w, https:\/\/serveiseducatius.xtec.cat\/garrigues\/wp-content\/uploads\/usu142\/2025\/11\/mschools-300x225.png 300w\" sizes=\"auto, (max-width: 400px) 100vw, 400px\" \/><\/a><\/figure>\n<\/div>\n\n\n\n<div class=\"wp-block-column is-layout-flow wp-block-column-is-layout-flow\" style=\"flex-basis:66.66%\">\n<h3 class=\"wp-block-heading\">mSchools Awards 2026<\/h3>\n\n\n\n<p>Aquests premis busquen afavorir pr\u00e0ctiques que promoguin un \u00fas \u00e8tic i responsable de la tecnologia. Adre\u00e7at a al segon cicle d\u2019educaci\u00f3 infantil, educaci\u00f3 b\u00e0sica, batxillerat, FP, centres de just\u00edcia juvenil, formaci\u00f3 d\u2019adults, centres d\u2019ensenyament de r\u00e8gim especial, i EOI). La fase de seslecci\u00f3 dels finalistes es dur\u00e0 a terme el dia <strong>20 de maig. <\/strong><\/p>\n\n\n\n<p>&nbsp;<strong><a href=\"https:\/\/serveiseducatius.xtec.cat\/garrigues\/portada\/mschools-awards-2026\/\">M\u00e9s informaci\u00f3<\/a><\/strong><\/p>\n<\/div>\n<\/div>\n\n\n\n<p><\/p>\n","protected":false},"excerpt":{"rendered":"<p>Al seg\u00fcent article podeu consultar el full informatiu del mes de maig de 2026.<\/p>\n","protected":false},"author":3,"featured_media":24508,"comment_status":"open","ping_status":"open","sticky":false,"template":"","format":"standard","meta":{"_bbp_topic_count":0,"_bbp_reply_count":0,"_bbp_total_topic_count":0,"_bbp_total_reply_count":0,"_bbp_voice_count":0,"_bbp_anonymous_reply_count":0,"_bbp_topic_count_hidden":0,"_bbp_reply_count_hidden":0,"_bbp_forum_subforum_count":0,"site-sidebar-layout":"default","site-content-layout":"","ast-site-content-layout":"default","site-content-style":"default","site-sidebar-style":"default","ast-global-header-display":"","ast-banner-title-visibility":"","ast-main-header-display":"","ast-hfb-above-header-display":"","ast-hfb-below-header-display":"","ast-hfb-mobile-header-display":"","site-post-title":"","ast-breadcrumbs-content":"","ast-featured-img":"","footer-sml-layout":"","theme-transparent-header-meta":"","adv-header-id-meta":"","stick-header-meta":"","header-above-stick-meta":"","header-main-stick-meta":"","header-below-stick-meta":"","astra-migrate-meta-layouts":"set","ast-page-background-enabled":"default","ast-page-background-meta":{"desktop":{"background-color":"var(--ast-global-color-4)","background-image":"","background-repeat":"repeat","background-position":"center center","background-size":"auto","background-attachment":"scroll","background-type":"","background-media":"","overlay-type":"","overlay-color":"","overlay-opacity":"","overlay-gradient":""},"tablet":{"background-color":"","background-image":"","background-repeat":"repeat","background-position":"center center","background-size":"auto","background-attachment":"scroll","background-type":"","background-media":"","overlay-type":"","overlay-color":"","overlay-opacity":"","overlay-gradient":""},"mobile":{"background-color":"","background-image":"","background-repeat":"repeat","background-position":"center center","background-size":"auto","background-attachment":"scroll","background-type":"","background-media":"","overlay-type":"","overlay-color":"","overlay-opacity":"","overlay-gradient":""}},"ast-content-background-meta":{"desktop":{"background-color":"var(--ast-global-color-5)","background-image":"","background-repeat":"repeat","background-position":"center center","background-size":"auto","background-attachment":"scroll","background-type":"","background-media":"","overlay-type":"","overlay-color":"","overlay-opacity":"","overlay-gradient":""},"tablet":{"background-color":"var(--ast-global-color-5)","background-image":"","background-repeat":"repeat","background-position":"center center","background-size":"auto","background-attachment":"scroll","background-type":"","background-media":"","overlay-type":"","overlay-color":"","overlay-opacity":"","overlay-gradient":""},"mobile":{"background-color":"var(--ast-global-color-5)","background-image":"","background-repeat":"repeat","background-position":"center center","background-size":"auto","background-attachment":"scroll","background-type":"","background-media":"","overlay-type":"","overlay-color":"","overlay-opacity":"","overlay-gradient":""}},"footnotes":""},"categories":[301,1,29],"tags":[],"class_list":["post-25276","post","type-post","status-publish","format-standard","has-post-thumbnail","hentry","category-full-informatiu","category-general","category-portada"],"post_mailing_queue_ids":[],"_links":{"self":[{"href":"https:\/\/serveiseducatius.xtec.cat\/garrigues\/wp-json\/wp\/v2\/posts\/25276","targetHints":{"allow":["GET"]}}],"collection":[{"href":"https:\/\/serveiseducatius.xtec.cat\/garrigues\/wp-json\/wp\/v2\/posts"}],"about":[{"href":"https:\/\/serveiseducatius.xtec.cat\/garrigues\/wp-json\/wp\/v2\/types\/post"}],"author":[{"embeddable":true,"href":"https:\/\/serveiseducatius.xtec.cat\/garrigues\/wp-json\/wp\/v2\/users\/3"}],"replies":[{"embeddable":true,"href":"https:\/\/serveiseducatius.xtec.cat\/garrigues\/wp-json\/wp\/v2\/comments?post=25276"}],"version-history":[{"count":4,"href":"https:\/\/serveiseducatius.xtec.cat\/garrigues\/wp-json\/wp\/v2\/posts\/25276\/revisions"}],"predecessor-version":[{"id":25280,"href":"https:\/\/serveiseducatius.xtec.cat\/garrigues\/wp-json\/wp\/v2\/posts\/25276\/revisions\/25280"}],"wp:featuredmedia":[{"embeddable":true,"href":"https:\/\/serveiseducatius.xtec.cat\/garrigues\/wp-json\/wp\/v2\/media\/24508"}],"wp:attachment":[{"href":"https:\/\/serveiseducatius.xtec.cat\/garrigues\/wp-json\/wp\/v2\/media?parent=25276"}],"wp:term":[{"taxonomy":"category","embeddable":true,"href":"https:\/\/serveiseducatius.xtec.cat\/garrigues\/wp-json\/wp\/v2\/categories?post=25276"},{"taxonomy":"post_tag","embeddable":true,"href":"https:\/\/serveiseducatius.xtec.cat\/garrigues\/wp-json\/wp\/v2\/tags?post=25276"}],"curies":[{"name":"wp","href":"https:\/\/api.w.org\/{rel}","templated":true}]}}