{"id":25040,"date":"2026-03-03T11:44:38","date_gmt":"2026-03-03T10:44:38","guid":{"rendered":"https:\/\/serveiseducatius.xtec.cat\/garrigues\/?p=25040"},"modified":"2026-03-03T13:52:57","modified_gmt":"2026-03-03T12:52:57","slug":"activitats-pee-llar-dinfants-i-ed-infantil-curs-24-25","status":"publish","type":"post","link":"https:\/\/serveiseducatius.xtec.cat\/garrigues\/general\/activitats-pee-llar-dinfants-i-ed-infantil-curs-24-25\/","title":{"rendered":"Activitats PEE Llars d&#8217;infants i Ed. Infantil  24-25"},"content":{"rendered":"\n<h3 class=\"wp-block-heading\"><strong>EDUCACI\u00d3 INFANTIL I0-I2<\/strong><\/h3>\n\n\n\n<p><strong>Jornada de conviv\u00e8ncia llars d\u2019infants<\/strong><\/p>\n\n\n\n<p>L\u2019alumnat de les dues llars d\u2019infants del municipi van gaudir d\u2019una jornada de conviv\u00e8ncia basada en l\u2019experimentaci\u00f3 en un taller de bombolles sab\u00f3 i fent construccions amb diversos jocs de peces.<\/p>\n\n\n\n<figure class=\"wp-block-image aligncenter size-full is-resized\"><a href=\"https:\/\/serveiseducatius.xtec.cat\/garrigues\/wp-content\/uploads\/usu142\/2026\/03\/1.png\"><img loading=\"lazy\" decoding=\"async\" width=\"340\" height=\"256\" src=\"https:\/\/serveiseducatius.xtec.cat\/garrigues\/wp-content\/uploads\/usu142\/2026\/03\/1.png\" alt=\"\" class=\"wp-image-25059\" style=\"width:600px;height:auto\" srcset=\"https:\/\/serveiseducatius.xtec.cat\/garrigues\/wp-content\/uploads\/usu142\/2026\/03\/1.png 340w, https:\/\/serveiseducatius.xtec.cat\/garrigues\/wp-content\/uploads\/usu142\/2026\/03\/1-300x226.png 300w\" sizes=\"auto, (max-width: 340px) 100vw, 340px\" \/><\/a><\/figure>\n\n\n\n<p><\/p>\n\n\n\n<h3 class=\"wp-block-heading\"><strong>EDUCACI\u00d3 INFANTIL I3-I5<\/strong><\/h3>\n\n\n\n<p><strong>Taller d\u2019h\u00e0bits saludables<\/strong><\/p>\n\n\n\n<p>Les i els alumnes d\u2019educaci\u00f3 infantil de les escoles descobriran diferents aliments saludables, podran con\u00e8ixer diverses textures i experimentar diferents gustos amb l\u2019objectiu de fomentar l\u2019adquisici\u00f3 d\u2019h\u00e0bits alimentaris saludables.<\/p>\n\n\n\n<figure class=\"wp-block-image aligncenter size-full is-resized\"><a href=\"https:\/\/serveiseducatius.xtec.cat\/garrigues\/wp-content\/uploads\/usu142\/2026\/03\/2.png\"><img loading=\"lazy\" decoding=\"async\" width=\"337\" height=\"259\" src=\"https:\/\/serveiseducatius.xtec.cat\/garrigues\/wp-content\/uploads\/usu142\/2026\/03\/2.png\" alt=\"\" class=\"wp-image-25060\" style=\"width:600px;height:auto\" srcset=\"https:\/\/serveiseducatius.xtec.cat\/garrigues\/wp-content\/uploads\/usu142\/2026\/03\/2.png 337w, https:\/\/serveiseducatius.xtec.cat\/garrigues\/wp-content\/uploads\/usu142\/2026\/03\/2-300x231.png 300w\" sizes=\"auto, (max-width: 337px) 100vw, 337px\" \/><\/a><\/figure>\n\n\n\n<p><\/p>\n\n\n\n<p><strong>Activitat de benestar emocional<\/strong><\/p>\n\n\n\n<p>Taller amb l\u2019objectiu que l\u2019alumnat d\u2019educaci\u00f3 infantil dels dos centres educatius del municipi s\u00e0piga detectar, anomenar i gestionar les seves pr\u00f2pies emocions.<\/p>\n\n\n\n<p><\/p>\n\n\n\n<p><strong>Taller de percussi\u00f3 corporal<\/strong><\/p>\n\n\n\n<p>Conjuntament amb els docents de l\u2019Escola Municipal de M\u00fasica, es va dur a terme un taller d\u2019experimentaci\u00f3 musical per a l\u2019alumnat d\u2019I3 d\u2019ambd\u00f3s centres educatius relacionat amb els sons que es poden fer amb el cos.<\/p>\n\n\n\n<figure class=\"wp-block-image aligncenter size-full is-resized\"><a href=\"https:\/\/serveiseducatius.xtec.cat\/garrigues\/wp-content\/uploads\/usu142\/2026\/03\/3.png\"><img loading=\"lazy\" decoding=\"async\" width=\"340\" height=\"259\" src=\"https:\/\/serveiseducatius.xtec.cat\/garrigues\/wp-content\/uploads\/usu142\/2026\/03\/3.png\" alt=\"\" class=\"wp-image-25061\" style=\"width:600px;height:auto\" srcset=\"https:\/\/serveiseducatius.xtec.cat\/garrigues\/wp-content\/uploads\/usu142\/2026\/03\/3.png 340w, https:\/\/serveiseducatius.xtec.cat\/garrigues\/wp-content\/uploads\/usu142\/2026\/03\/3-300x229.png 300w\" sizes=\"auto, (max-width: 340px) 100vw, 340px\" \/><\/a><\/figure>\n\n\n\n<p><strong>Taller de gegants<\/strong><\/p>\n\n\n\n<p>El constructor de gegants i imatgeria local, Jordi Arnau Espuga Gin\u00e9, va explicar a l\u2019alumnat d\u2019I4 el proc\u00e9s d\u2019elaboraci\u00f3 d\u2019un gegant i va ensenyar diversos dels capgrossos i gegants que ha creat al llarg dels anys.<\/p>\n\n\n\n<figure class=\"wp-block-image aligncenter size-full is-resized\"><a href=\"https:\/\/serveiseducatius.xtec.cat\/garrigues\/wp-content\/uploads\/usu142\/2026\/03\/4.png\"><img loading=\"lazy\" decoding=\"async\" width=\"340\" height=\"261\" src=\"https:\/\/serveiseducatius.xtec.cat\/garrigues\/wp-content\/uploads\/usu142\/2026\/03\/4.png\" alt=\"\" class=\"wp-image-25062\" style=\"width:600px;height:auto\" srcset=\"https:\/\/serveiseducatius.xtec.cat\/garrigues\/wp-content\/uploads\/usu142\/2026\/03\/4.png 340w, https:\/\/serveiseducatius.xtec.cat\/garrigues\/wp-content\/uploads\/usu142\/2026\/03\/4-300x230.png 300w\" sizes=\"auto, (max-width: 340px) 100vw, 340px\" \/><\/a><\/figure>\n\n\n\n<p><\/p>\n\n\n\n<p><strong>Els serveis del nostre territori<\/strong><\/p>\n\n\n\n<p>L&#8217;alumnat d\u2019I5 van gaudir d&#8217;unes jornades en els quals van con\u00e8ixer els diferents serveis p\u00fablics del seu entorn: agents rurals, Mossos d&#8217;Esquadra, policia local, bombers i servei d&#8217;ambul\u00e0ncies.<\/p>\n\n\n\n<figure class=\"wp-block-image aligncenter size-full is-resized\"><a href=\"https:\/\/serveiseducatius.xtec.cat\/garrigues\/wp-content\/uploads\/usu142\/2026\/03\/5.png\"><img loading=\"lazy\" decoding=\"async\" width=\"340\" height=\"269\" src=\"https:\/\/serveiseducatius.xtec.cat\/garrigues\/wp-content\/uploads\/usu142\/2026\/03\/5.png\" alt=\"\" class=\"wp-image-25063\" style=\"width:600px;height:auto\" srcset=\"https:\/\/serveiseducatius.xtec.cat\/garrigues\/wp-content\/uploads\/usu142\/2026\/03\/5.png 340w, https:\/\/serveiseducatius.xtec.cat\/garrigues\/wp-content\/uploads\/usu142\/2026\/03\/5-300x237.png 300w\" sizes=\"auto, (max-width: 340px) 100vw, 340px\" \/><\/a><\/figure>\n\n\n\n<p><\/p>\n\n\n\n<p><strong>Visita a l\u2019Ajuntament, l\u2019Espai Maci\u00e0 i l\u2019Arxiu Comarcal<\/strong><\/p>\n\n\n\n<p>L&#8217;alumnat d&#8217;I5 va con\u00e8ixer aquells edificis p\u00fablics del municipi que tenen rellev\u00e0ncia hist\u00f2rica o de servei als ciutadans. Van con\u00e8ixer l\u2019edifici de l\u2019Ajuntament i les seves funcions, la vida de Francesc Maci\u00e0 i les tasques que es fan en un Arxiu.<\/p>\n\n\n\n<figure class=\"wp-block-image aligncenter size-full is-resized\"><a href=\"https:\/\/serveiseducatius.xtec.cat\/garrigues\/wp-content\/uploads\/usu142\/2026\/03\/6.png\"><img loading=\"lazy\" decoding=\"async\" width=\"340\" height=\"259\" src=\"https:\/\/serveiseducatius.xtec.cat\/garrigues\/wp-content\/uploads\/usu142\/2026\/03\/6.png\" alt=\"\" class=\"wp-image-25064\" style=\"width:598px;height:auto\" srcset=\"https:\/\/serveiseducatius.xtec.cat\/garrigues\/wp-content\/uploads\/usu142\/2026\/03\/6.png 340w, https:\/\/serveiseducatius.xtec.cat\/garrigues\/wp-content\/uploads\/usu142\/2026\/03\/6-300x229.png 300w\" sizes=\"auto, (max-width: 340px) 100vw, 340px\" \/><\/a><\/figure>\n\n\n\n<p><strong>Hora del conte, ara a l\u2019escola i a casa<\/strong><\/p>\n\n\n\n<p>Activitat dirigida als alumnes d&#8217;educaci\u00f3 infantil i cicle inicial d&#8217;educaci\u00f3 prim\u00e0ria. Per grups podran gaudir de diverses sessions de contacontes que tenen per objectiu fomentar el gust per la lectura i l&#8217;h\u00e0bit lector. Despr\u00e9s de cada sessi\u00f3, conjuntament amb la Biblioteca Comarcal Marqu\u00e8s d&#8217;Olivart, es faran arribar a les escoles caixes i motxilles lectores relacionades amb la tem\u00e0tica treballada.<\/p>\n\n\n\n<figure class=\"wp-block-image aligncenter size-full is-resized\"><a href=\"https:\/\/serveiseducatius.xtec.cat\/garrigues\/wp-content\/uploads\/usu142\/2026\/03\/7.png\"><img loading=\"lazy\" decoding=\"async\" width=\"340\" height=\"259\" src=\"https:\/\/serveiseducatius.xtec.cat\/garrigues\/wp-content\/uploads\/usu142\/2026\/03\/7.png\" alt=\"\" class=\"wp-image-25065\" style=\"width:600px;height:auto\" srcset=\"https:\/\/serveiseducatius.xtec.cat\/garrigues\/wp-content\/uploads\/usu142\/2026\/03\/7.png 340w, https:\/\/serveiseducatius.xtec.cat\/garrigues\/wp-content\/uploads\/usu142\/2026\/03\/7-300x229.png 300w\" sizes=\"auto, (max-width: 340px) 100vw, 340px\" \/><\/a><\/figure>\n\n\n\n<p><\/p>\n","protected":false},"excerpt":{"rendered":"<p>Activitats PEE Llar d&#8217;infants i Ed. Infantil Curs realitzades durant el curs 24-25.<\/p>\n","protected":false},"author":3,"featured_media":10252,"comment_status":"open","ping_status":"open","sticky":false,"template":"","format":"standard","meta":{"_bbp_topic_count":0,"_bbp_reply_count":0,"_bbp_total_topic_count":0,"_bbp_total_reply_count":0,"_bbp_voice_count":0,"_bbp_anonymous_reply_count":0,"_bbp_topic_count_hidden":0,"_bbp_reply_count_hidden":0,"_bbp_forum_subforum_count":0,"site-sidebar-layout":"default","site-content-layout":"","ast-site-content-layout":"default","site-content-style":"default","site-sidebar-style":"default","ast-global-header-display":"","ast-banner-title-visibility":"","ast-main-header-display":"","ast-hfb-above-header-display":"","ast-hfb-below-header-display":"","ast-hfb-mobile-header-display":"","site-post-title":"","ast-breadcrumbs-content":"","ast-featured-img":"","footer-sml-layout":"","theme-transparent-header-meta":"","adv-header-id-meta":"","stick-header-meta":"","header-above-stick-meta":"","header-main-stick-meta":"","header-below-stick-meta":"","astra-migrate-meta-layouts":"set","ast-page-background-enabled":"default","ast-page-background-meta":{"desktop":{"background-color":"var(--ast-global-color-4)","background-image":"","background-repeat":"repeat","background-position":"center center","background-size":"auto","background-attachment":"scroll","background-type":"","background-media":"","overlay-type":"","overlay-color":"","overlay-opacity":"","overlay-gradient":""},"tablet":{"background-color":"","background-image":"","background-repeat":"repeat","background-position":"center center","background-size":"auto","background-attachment":"scroll","background-type":"","background-media":"","overlay-type":"","overlay-color":"","overlay-opacity":"","overlay-gradient":""},"mobile":{"background-color":"","background-image":"","background-repeat":"repeat","background-position":"center center","background-size":"auto","background-attachment":"scroll","background-type":"","background-media":"","overlay-type":"","overlay-color":"","overlay-opacity":"","overlay-gradient":""}},"ast-content-background-meta":{"desktop":{"background-color":"var(--ast-global-color-5)","background-image":"","background-repeat":"repeat","background-position":"center center","background-size":"auto","background-attachment":"scroll","background-type":"","background-media":"","overlay-type":"","overlay-color":"","overlay-opacity":"","overlay-gradient":""},"tablet":{"background-color":"var(--ast-global-color-5)","background-image":"","background-repeat":"repeat","background-position":"center center","background-size":"auto","background-attachment":"scroll","background-type":"","background-media":"","overlay-type":"","overlay-color":"","overlay-opacity":"","overlay-gradient":""},"mobile":{"background-color":"var(--ast-global-color-5)","background-image":"","background-repeat":"repeat","background-position":"center center","background-size":"auto","background-attachment":"scroll","background-type":"","background-media":"","overlay-type":"","overlay-color":"","overlay-opacity":"","overlay-gradient":""}},"footnotes":""},"categories":[1,75],"tags":[],"class_list":["post-25040","post","type-post","status-publish","format-standard","has-post-thumbnail","hentry","category-general","category-pee"],"post_mailing_queue_ids":[],"_links":{"self":[{"href":"https:\/\/serveiseducatius.xtec.cat\/garrigues\/wp-json\/wp\/v2\/posts\/25040","targetHints":{"allow":["GET"]}}],"collection":[{"href":"https:\/\/serveiseducatius.xtec.cat\/garrigues\/wp-json\/wp\/v2\/posts"}],"about":[{"href":"https:\/\/serveiseducatius.xtec.cat\/garrigues\/wp-json\/wp\/v2\/types\/post"}],"author":[{"embeddable":true,"href":"https:\/\/serveiseducatius.xtec.cat\/garrigues\/wp-json\/wp\/v2\/users\/3"}],"replies":[{"embeddable":true,"href":"https:\/\/serveiseducatius.xtec.cat\/garrigues\/wp-json\/wp\/v2\/comments?post=25040"}],"version-history":[{"count":6,"href":"https:\/\/serveiseducatius.xtec.cat\/garrigues\/wp-json\/wp\/v2\/posts\/25040\/revisions"}],"predecessor-version":[{"id":25084,"href":"https:\/\/serveiseducatius.xtec.cat\/garrigues\/wp-json\/wp\/v2\/posts\/25040\/revisions\/25084"}],"wp:featuredmedia":[{"embeddable":true,"href":"https:\/\/serveiseducatius.xtec.cat\/garrigues\/wp-json\/wp\/v2\/media\/10252"}],"wp:attachment":[{"href":"https:\/\/serveiseducatius.xtec.cat\/garrigues\/wp-json\/wp\/v2\/media?parent=25040"}],"wp:term":[{"taxonomy":"category","embeddable":true,"href":"https:\/\/serveiseducatius.xtec.cat\/garrigues\/wp-json\/wp\/v2\/categories?post=25040"},{"taxonomy":"post_tag","embeddable":true,"href":"https:\/\/serveiseducatius.xtec.cat\/garrigues\/wp-json\/wp\/v2\/tags?post=25040"}],"curies":[{"name":"wp","href":"https:\/\/api.w.org\/{rel}","templated":true}]}}