{"id":24053,"date":"2025-11-03T10:01:49","date_gmt":"2025-11-03T09:01:49","guid":{"rendered":"https:\/\/serveiseducatius.xtec.cat\/garrigues\/?p=24053"},"modified":"2025-11-12T09:12:50","modified_gmt":"2025-11-12T08:12:50","slug":"full-informatiu-novembre-2025","status":"publish","type":"post","link":"https:\/\/serveiseducatius.xtec.cat\/garrigues\/portada\/full-informatiu-novembre-2025\/","title":{"rendered":"Full informatiu novembre 2025"},"content":{"rendered":"<h6><strong>GENERALITAT DE CATALUNYA\u00a0<\/strong><\/h6>\n<h6><strong>Departament d&#8217;Educaci\u00f3<\/strong><\/h6>\n<h6><strong>i Formaci\u00f3 Professional<\/strong><\/h6>\n<h6><strong>Serveis Educatius\u00a0 \u00a0 <\/strong>\u00a0<a href=\"https:\/\/serveiseducatius.xtec.cat\/garrigues\/wp-content\/uploads\/usu142\/2019\/10\/escut-SE.png\"><img loading=\"lazy\" decoding=\"async\" class=\"wp-image-17857 alignright\" src=\"https:\/\/serveiseducatius.xtec.cat\/garrigues\/wp-content\/uploads\/usu142\/2019\/10\/escut-SE-1024x410.png\" sizes=\"auto, (max-width: 275px) 100vw, 275px\" srcset=\"https:\/\/serveiseducatius.xtec.cat\/garrigues\/wp-content\/uploads\/usu142\/2019\/10\/escut-SE-1024x410.png 1024w, https:\/\/serveiseducatius.xtec.cat\/garrigues\/wp-content\/uploads\/usu142\/2019\/10\/escut-SE-300x120.png 300w, https:\/\/serveiseducatius.xtec.cat\/garrigues\/wp-content\/uploads\/usu142\/2019\/10\/escut-SE-768x307.png 768w\" alt=\"\" width=\"275\" height=\"110\" \/><\/a><\/h6>\n<h3>\u00a0<\/h3>\n<h3><strong>NOVEMBRE\u00a0 \u2013 Any\u00a0 2025 \u2013 curs 25\/26<\/strong><strong>\u00a0\u00a0<\/strong><strong>\u00a0\u00a0\u00a0\u00a0<\/strong><strong>\u00a0 \u00a0 \u00a0 \u00a0 \u00a0 \u00a0 \u00a0 \u00a0 \u00a0 \u00a0 \u00a0 \u00a0 \u00a0 \u00a0 \u00a0 \u00a0 \u00a0 \u00a0 <\/strong><\/h3>\n<h3><strong>FULL INFORMATIU<\/strong><\/h3>\n<p>\u200b<\/p>\n<table style=\"width: 84.3531%; height: 2067px;\" width=\"700\">\n<tbody>\n<tr style=\"height: 361px;\">\n<td style=\"width: 23.7407%; text-align: center; height: 10px;\"><a href=\"https:\/\/serveiseducatius.xtec.cat\/garrigues\/wp-content\/uploads\/usu142\/2025\/09\/maletes.jpg\"><img loading=\"lazy\" decoding=\"async\" class=\"size-full wp-image-23788 alignnone\" src=\"https:\/\/serveiseducatius.xtec.cat\/garrigues\/wp-content\/uploads\/usu142\/2025\/09\/maletes.jpg\" alt=\"\" width=\"150\" height=\"150\" \/><\/a><\/td>\n<td style=\"width: 141.277%; text-align: justify; height: 10px;\">\n<h4><strong>Recursos en pr\u00e9stec<\/strong><\/h4>\n<p>Fi del 1r torn:<strong> 26 de novembre<\/strong><\/p>\n<p>Inici del 2n torn:\u00a0<strong>1 de desembre<\/strong><\/p>\n<p>En el seg\u00fcent<a href=\"https:\/\/drive.google.com\/file\/d\/1VZshuER7LFOVA-3ZZX-irLExkiHh3_3Z\/view\" target=\"_blank\" rel=\"noopener\">\u00a0enlla\u00e7<\/a> podeu trobar tot el material que tenim en pr\u00e9stec per aquest curs 25-26.<\/p>\n<p>Podeu consultar la disponibilitat en el seg\u00fcent <a href=\"https:\/\/docs.google.com\/document\/d\/1_PWfLcsP4MA1PMUcPz2sPHMQUnSPLW9NABbu1qUbj-A\/edit?usp=sharing\" target=\"_blank\" rel=\"noopener\">enlla\u00e7<\/a><\/p>\n<\/td>\n<\/tr>\n<tr style=\"height: 251px;\">\n<td style=\"width: 23.7407%; text-align: center; height: 30px;\"><a href=\"https:\/\/serveiseducatius.xtec.cat\/garrigues\/wp-content\/uploads\/usu142\/2025\/10\/lego-science-150x150-1.jpg\"><img loading=\"lazy\" decoding=\"async\" class=\"size-full wp-image-24071 aligncenter\" src=\"https:\/\/serveiseducatius.xtec.cat\/garrigues\/wp-content\/uploads\/usu142\/2025\/10\/lego-science-150x150-1.jpg\" alt=\"\" width=\"168\" height=\"186\" \/><\/a><\/td>\n<td style=\"width: 141.277%; text-align: justify; height: 30px;\">\n<h4><strong>Novetat: LEGO Science<\/strong><\/h4>\n<p>Tenim disponible en pr\u00e9stec al CRP una maleta amb dues unitats de LEGO Education Science Marketing Kit amb unitats did\u00e0ctiques des de <strong>1r d&#8217;Educaci\u00f3 Prim\u00e0ria a 2n d&#8217;ESO.<\/strong><\/p>\n<p>Per reservar-lo, truqueu al CRP (973142123) o envieu un correu a crp-garrigues@xtec.cat.<\/p>\n<p><strong><a href=\"https:\/\/education.lego.com\/es-es\/lego-education-science\/try-science\/\" target=\"_blank\" rel=\"noopener\">M\u00e9s informaci\u00f3<\/a><\/strong><\/p>\n<\/td>\n<\/tr>\n<tr style=\"height: 171px;\">\n<td style=\"width: 23.7407%; text-align: center; height: 171px;\"><a href=\"https:\/\/serveiseducatius.xtec.cat\/garrigues\/wp-content\/uploads\/usu142\/2017\/10\/mas.png\"><img loading=\"lazy\" decoding=\"async\" class=\"size-full wp-image-9643 aligncenter\" src=\"https:\/\/serveiseducatius.xtec.cat\/garrigues\/wp-content\/uploads\/usu142\/2017\/10\/mas.png\" alt=\"\" width=\"150\" height=\"150\" \/><\/a><\/td>\n<td style=\"width: 141.277%; text-align: justify; height: 171px;\">\n<h4><strong>XVI concurs de pintura\u00a0Mas Blanch i Jov\u00e9<\/strong><\/h4>\n<p>El Celler Mas Blanch i Jov\u00e9 de la Pobla de C\u00e9rvoles convoca el\u00a0XVI concurs de pintura\u00a0per a nens i nenes de les escoles de la comarca de les Garrigues adre\u00e7at a l&#8217;alumnat <strong>d&#8217;I3 a 6\u00e8 de prim\u00e0ria<\/strong>.<\/p>\n<p>El per\u00edode per lliurar les obres finalitza el<strong> 21 de novembre.<\/strong><\/p>\n<p><strong><a href=\"https:\/\/serveiseducatius.xtec.cat\/garrigues\/portada\/xvi-concurs-de-pintura-mas-blanch-i-jove\/\" target=\"_blank\" rel=\"noopener\">M\u00e9s informaci\u00f3<\/a><\/strong><\/p>\n<\/td>\n<\/tr>\n<tr style=\"height: 279px;\">\n<td style=\"width: 23.7407%; text-align: center; height: 279px;\"><a href=\"https:\/\/serveiseducatius.xtec.cat\/garrigues\/wp-content\/uploads\/usu142\/2023\/01\/veu-alta.jpg\"><img loading=\"lazy\" decoding=\"async\" class=\"size-full wp-image-21178 aligncenter\" src=\"https:\/\/serveiseducatius.xtec.cat\/garrigues\/wp-content\/uploads\/usu142\/2023\/01\/veu-alta.jpg\" alt=\"\" width=\"150\" height=\"150\" \/><\/a><\/td>\n<td style=\"width: 141.277%; text-align: justify; height: 279px;\">\n<h4><strong>XXI Certamen escolar de lectura en veu alta<\/strong><\/h4>\n<p><span style=\"font-family: arial, sans-serif;\">El\u00a0<span class=\"il\">Certamen<\/span>\u00a0Nacional Infantil i Juvenil de\u00a0<span class=\"il\">Lectura en Veu Alta<\/span>\u00a0\u00e9s una iniciativa de la\u00a0Fundaci\u00f3 Enciclop\u00e8dia Catalana. T\u00e9 com a objectiu promocionar la\u00a0<span class=\"il\">lectura<\/span> entre els infants i els joves.\u00a0<\/span><\/p>\n<p><span style=\"font-family: arial, sans-serif;\">El XXII\u00a0<span class=\"il\">Certamen<\/span>\u00a0de\u00a0<span class=\"il\">Lectura<\/span> semifinal de les Garrigues tindr\u00e0 lloc a<strong> Juneda el 5 de mar\u00e7.<\/strong><\/span><\/p>\n<p>Podeu consultar els <strong><a href=\"https:\/\/www.lecturaenveualta.cat\/certamen-de-lectura-en-veu-alta-escolar\/llibres\/\" target=\"_blank\" rel=\"noopener\">Llibres del XXII Certamen, curs 2025-2026\u00a0<\/a><\/strong>per a la fase semifinal de les Garrigues. Tots s\u00f3n en l\u2019edici\u00f3 escolar. Fixeu-vos en l\u2019EAN i la col\u00b7lecci\u00f3.<\/p>\n<\/td>\n<\/tr>\n<tr style=\"height: 455px;\">\n<td style=\"width: 23.7407%; text-align: center; height: 392px;\"><a href=\"https:\/\/serveiseducatius.xtec.cat\/garrigues\/wp-content\/uploads\/usu142\/2023\/10\/innovacio.jpg\"><img loading=\"lazy\" decoding=\"async\" class=\"size-full wp-image-22082 aligncenter\" src=\"https:\/\/serveiseducatius.xtec.cat\/garrigues\/wp-content\/uploads\/usu142\/2023\/10\/innovacio.jpg\" alt=\"\" width=\"150\" height=\"150\" \/><\/a><\/td>\n<td style=\"width: 141.277%; text-align: justify; height: 392px;\">\n<h4><span data-teams=\"true\"><strong>Convocat\u00f2ria d&#8217;innovaci\u00f3<\/strong><\/span><\/h4>\n<p><span data-teams=\"true\">Aquesta convocat\u00f2ria s\u2019emmarca en el Pla de Govern 2024-2027, que aposta per la millora de la qualitat i l\u2019equitat del sistema educatiu catal\u00e0, promovent la innovaci\u00f3, la col\u00b7laboraci\u00f3 entre centres i la difusi\u00f3 de bones pr\u00e0ctiques docents. <\/span><span data-teams=\"true\">Poden participar-hi\u00a0<strong>centres\u00a0p\u00fablics i\u00a0concertats, aix\u00ed com el seu personal docent i personal d\u2019atenci\u00f3 educativa<\/strong><\/span><span data-teams=\"true\"><strong>.<\/strong><\/span><\/p>\n<p><strong>Modalitats de participaci\u00f3<\/strong>:<\/p>\n<ul>\n<li><a title=\"https:\/\/espai.educacio.gencat.cat\/centres\/innovacio-pedagogica\/reconeixement-practiques-educatives\/pagines\/default.aspx\" href=\"https:\/\/espai.educacio.gencat.cat\/Centres\/Innovacio-pedagogica\/Reconeixement-practiques-educatives\/Pagines\/default.aspx\" target=\"_blank\" rel=\"noreferrer noopener\" aria-label=\"Enlla\u00e7 Pr\u00e0ctiques educatives de refer\u00e8ncia\"><strong>Pr\u00e0ctiques educatives de refer\u00e8ncia<\/strong><\/a><strong>\u00a0<\/strong>(fins al 30 de novembre de 2025).\u00a0<a href=\"https:\/\/espai.educacio.gencat.cat\/Centres\/Innovacio-pedagogica\/Documents\/Infos_Bases%20generals_2_2025.pdf\" target=\"_blank\" rel=\"noopener\">Infografia<\/a><\/li>\n<li><a title=\"https:\/\/espai.educacio.gencat.cat\/centres\/innovacio-pedagogica\/suport-innovacio\/iniciatives\/_layouts\/15\/accessdenied.aspx?source=https%3a%2f%2fespai%2eeducacio%2egencat%2ecat%2fcentres%2finnovacio%2dpedagogica%2fsuport%2dinnovacio%2finiciatives%2fpagines%2fdefault%2easpx&amp;correlation=e2d0d2a1%2dbfa8%2d4012%2d3675%2d5c419356d158&amp;type=item&amp;name=9b24082c%2d5e0f%2d4a23%2d8dd6%2d7a48c36beb42&amp;listitemid=1\" href=\"https:\/\/espai.educacio.gencat.cat\/Centres\/Innovacio-pedagogica\/Suport-Innovacio\/iniciatives\/Pagines\/default.aspx\" target=\"_blank\" rel=\"noreferrer noopener\" aria-label=\"Enlla\u00e7 Iniciatives d\u2019innovaci\u00f3 educativa\"><strong>Iniciatives d\u2019innovaci\u00f3 educativa<\/strong><\/a><strong>\u00a0<\/strong>(fins al 10 de desembre de 2025).\u00a0<a href=\"https:\/\/espai.educacio.gencat.cat\/Centres\/Innovacio-pedagogica\/PublishingImages\/iniciatives-innovacio-educativa.png\" target=\"_blank\" rel=\"noopener\">Infografia<\/a><\/li>\n<li><a title=\"https:\/\/espai.educacio.gencat.cat\/centres\/innovacio-pedagogica\/reconeixement-projectes-innovacio\/pagines\/default.aspx\" href=\"https:\/\/espai.educacio.gencat.cat\/Centres\/Innovacio-pedagogica\/Reconeixement-projectes-innovacio\/Pagines\/default.aspx\" target=\"_blank\" rel=\"noreferrer noopener\" aria-label=\"Enlla\u00e7 Projectes d\u2019innovaci\u00f3 educativa\"><strong>Projectes d\u2019innovaci\u00f3 educativa<\/strong><\/a><strong>\u00a0<\/strong>(fins al 15 de gener de 2026)\u200b.\u00a0<a href=\"https:\/\/espai.educacio.gencat.cat\/Centres\/Innovacio-pedagogica\/PublishingImages\/projectes-innovacio-educativa.png\" target=\"_blank\" rel=\"noopener\">Infografia<\/a><\/li>\n<\/ul>\n<\/td>\n<\/tr>\n<tr style=\"height: 224px;\">\n<td style=\"width: 23.7407%; text-align: center; height: 224px;\"><a href=\"https:\/\/serveiseducatius.xtec.cat\/garrigues\/wp-content\/uploads\/usu142\/2025\/09\/emotion.png\"><img loading=\"lazy\" decoding=\"async\" class=\"size-full wp-image-23897 aligncenter\" src=\"https:\/\/serveiseducatius.xtec.cat\/garrigues\/wp-content\/uploads\/usu142\/2025\/09\/emotion.png\" alt=\"\" width=\"150\" height=\"150\" \/><\/a><\/td>\n<td style=\"width: 141.277%; text-align: justify; height: 224px;\">\n<h4><strong>Concurs escolar de cinema d\u2019animaci\u00f3 \u201ce-Motion\u201d<\/strong><\/h4>\n<p>Des de l&#8217;<strong>1 d\u2019octubre<\/strong> ja est\u00e0 obert el per\u00edode de recepci\u00f3 de participacions en el concurs escolar <strong>e-Motion<\/strong>, que enguany es rellan\u00e7a amb motiu del\u00a0<strong>30\u00e8 aniversari de l\u2019<a href=\"https:\/\/cultura.gencat.cat\/ca\/ilc\/que-fem\/programes\/lletres-a-les-aules\/index.html\" target=\"_blank\" rel=\"noopener\">ANIMAC \u2013 Mostra Internacional de Cinema d\u2019Animaci\u00f3 de Catalunya<\/a><\/strong>. El concurs t\u00e9 com a objectiu <strong>fomentar la creativitat, l\u2019expressi\u00f3 art\u00edstica, la llengua catalana i l\u2019\u00fas de les noves tecnologies<\/strong>\u00a0entre l\u2019alumnat, a trav\u00e9s de la creaci\u00f3 d\u2019animacions en t\u00e8cnica\u00a0<em>Stop\u00a0Motion<\/em>.<\/p>\n<p>Est\u00e0 adre\u00e7at a tots els nivells educatius, des d\u2019<strong>educaci\u00f3 infantil fins a formaci\u00f3 professional<\/strong>.<\/p>\n<p><strong><a href=\"https:\/\/serveiseducatius.xtec.cat\/garrigues\/portada\/concurs-escolar-de-cinema-danimacio-e-motion\/\" target=\"_blank\" rel=\"noopener\">M\u00e9s informaci\u00f3<\/a><\/strong><\/p>\n<\/td>\n<\/tr>\n<tr style=\"height: 263px;\">\n<td style=\"width: 23.7407%; text-align: center; height: 263px;\"><a href=\"https:\/\/serveiseducatius.xtec.cat\/garrigues\/wp-content\/uploads\/usu142\/2025\/10\/Logo_Web_SC25.png\"><img loading=\"lazy\" decoding=\"async\" class=\"size-full wp-image-24007 aligncenter\" src=\"https:\/\/serveiseducatius.xtec.cat\/garrigues\/wp-content\/uploads\/usu142\/2025\/10\/Logo_Web_SC25.png\" alt=\"\" width=\"150\" height=\"150\" \/><\/a><\/td>\n<td style=\"width: 141.277%; text-align: justify; height: 263px;\">\n<h4><strong>La ci\u00e8ncia en primera persona<\/strong><\/h4>\n<p>L\u2019activitat\u00a0<a href=\"https:\/\/drive.google.com\/file\/d\/1C68_O3f956f7lKdPV02tSdI5gCN7MFwS\/view?usp=sharing\" target=\"_blank\" rel=\"noopener\">La ci\u00e8ncia en primera persona<\/a>\u00a0que se celebrar\u00e0 el dia\u00a0<strong>11 de novembre<\/strong> al mat\u00ed s\u2019emmarca en la <a href=\"https:\/\/setmanaciencia.fundaciorecerca.cat\/frontend\/home.asp\" target=\"_blank\" rel=\"noopener\">Setmana de la Ci\u00e8ncia<\/a> (del 7 al 16 de novembre), amb la finalitat del foment de les vocacions cient\u00edfiques i tecnol\u00f2giques entre l\u2019alumnat del nostre pa\u00eds, pretenent apropar els i les cient\u00edfiques als instituts.<\/p>\n<p>L\u2019activitat va adre\u00e7ada a l\u2019alumnat de<strong> 3r i 4t d\u2019ESO.<\/strong><\/p>\n<p><strong><a href=\"https:\/\/serveiseducatius.xtec.cat\/garrigues\/portada\/la-ciencia-en-primera-persona-3\/\" target=\"_blank\" rel=\"noopener\">M\u00e9s informaci\u00f3<\/a><\/strong><\/p>\n<\/td>\n<\/tr>\n<tr style=\"height: 238px;\">\n<td style=\"width: 23.7407%; text-align: center; height: 238px;\"><a href=\"https:\/\/serveiseducatius.xtec.cat\/garrigues\/wp-content\/uploads\/usu142\/2025\/09\/Bebras.png\"><img loading=\"lazy\" decoding=\"async\" class=\"size-full wp-image-23921 aligncenter\" src=\"https:\/\/serveiseducatius.xtec.cat\/garrigues\/wp-content\/uploads\/usu142\/2025\/09\/Bebras.png\" alt=\"\" width=\"150\" height=\"150\" \/><\/a><\/td>\n<td style=\"width: 141.277%; text-align: justify; height: 238px;\">\n<h4><strong>Concurs de pensament computacional d\u2019exercicis de \u201ctipus bebras\u201d<\/strong><\/h4>\n<p>\u00c9s un concurs que no t\u00e9 objectiu de competici\u00f3 sin\u00f3 de divulgaci\u00f3 del pensament computacional adre\u00e7at a l&#8217;alumnat <strong>de 6 a 18 anys<\/strong>.<\/p>\n<p>Cada professor\/a pot fer el concurs el dia i hora que vulgui\u00a0<strong>del 10 al 14 de novembre.<\/strong><\/p>\n<p><strong><a href=\"https:\/\/serveiseducatius.xtec.cat\/garrigues\/portada\/concurs-de-pensament-computacional-dexercicis-de-tipus-bebras\/\" target=\"_blank\" rel=\"noopener\">M\u00e9s informaci\u00f3<\/a><\/strong><\/p>\n<\/td>\n<\/tr>\n<tr style=\"height: 197px;\">\n<td style=\"width: 23.7407%; text-align: center; height: 197px;\"><a href=\"https:\/\/serveiseducatius.xtec.cat\/garrigues\/wp-content\/uploads\/usu142\/2025\/11\/Programa-Forum_Lleida_V1-3-pdf.jpg\"><img loading=\"lazy\" decoding=\"async\" class=\"alignnone size-full wp-image-24176\" src=\"https:\/\/serveiseducatius.xtec.cat\/garrigues\/wp-content\/uploads\/usu142\/2025\/11\/Programa-Forum_Lleida_V1-3-pdf.jpg\" alt=\"\" width=\"300\" height=\"200\" \/><\/a><\/td>\n<td style=\"width: 141.277%; text-align: justify; height: 197px;\">\n<h1 class=\"entry-title\">II Forum catal\u00e0 per l\u2019orientaci\u00f3<\/h1>\n<p>El\u00a0<strong>II F\u00f2rum Catal\u00e0 per l\u2019Orientaci\u00f3: Teixint comunitats al territori<\/strong>, que enguany porta per t\u00edtol\u00a0<em>\u201cEl benestar emocional dels professionals en l\u2019\u00e0mbit educatiu: eines i recursos\u201d,\u00a0<\/em>\u00a0tindr\u00e0 lloc a\u00a0Lleida (Campus de Cappont, Edifici Polivalent 2, Aula 1.19), els dies\u00a0<strong>20 i 21 de novembre<\/strong>, i est\u00e0 adre\u00e7ada a professionals de l\u2019orientaci\u00f3 educativa.<\/p>\n<p><strong><a href=\"https:\/\/serveiseducatius.xtec.cat\/garrigues\/portada\/ii-forum-catala-per-lorientacio-teixint-comunitats-al-territori-el-benestar-emocional-dels-professionals-en-lambit-educatiu-eines-i-recursos\/\" target=\"_blank\" rel=\"noopener\">M\u00e9s informaci\u00f3<\/a><\/strong><\/p>\n<\/td>\n<\/tr>\n<tr style=\"height: 263px;\">\n<td style=\"width: 23.7407%; text-align: center; height: 263px;\"><a href=\"https:\/\/serveiseducatius.xtec.cat\/garrigues\/wp-content\/uploads\/usu142\/2024\/11\/Baldiri.png\"><img loading=\"lazy\" decoding=\"async\" class=\"size-full wp-image-23020 aligncenter\" src=\"https:\/\/serveiseducatius.xtec.cat\/garrigues\/wp-content\/uploads\/usu142\/2024\/11\/Baldiri.png\" alt=\"\" width=\"150\" height=\"150\" \/><\/a><\/td>\n<td style=\"width: 141.277%; text-align: justify; height: 263px;\">\n<h4><strong>Premis Baldiri 25-26<\/strong><\/h4>\n<p>Els Premis Baldiri van n\u00e9ixer fa 48 anys com una iniciativa d\u2019impuls i est\u00edmul a\u00a0l&#8217;escola i a la llengua catalana\u00a0i, ara, busca recon\u00e8ixer i impulsar projectes de centres educatius que, mitjan\u00e7ant llenguatges art\u00edstics, fomentin l&#8217;\u00fas de la llengua catalana i la soluci\u00f3 de diferents reptes.<\/p>\n<p>Inscripcions obertes fins al <strong>26 de gener<\/strong> de 2026.<\/p>\n<p><strong><a href=\"https:\/\/serveiseducatius.xtec.cat\/garrigues\/portada\/premis-baldiri-25-26\/\" target=\"_blank\" rel=\"noopener\">M\u00e9s informaci\u00f3<\/a><\/strong><\/p>\n<\/td>\n<\/tr>\n<tr>\n<td style=\"width: 23.7407%; text-align: center;\"><a href=\"https:\/\/serveiseducatius.xtec.cat\/garrigues\/wp-content\/uploads\/usu142\/2019\/06\/apilo.png\"><img loading=\"lazy\" decoding=\"async\" class=\"alignnone size-full wp-image-17674\" src=\"https:\/\/serveiseducatius.xtec.cat\/garrigues\/wp-content\/uploads\/usu142\/2019\/06\/apilo.png\" alt=\"\" width=\"150\" height=\"150\" \/><\/a><\/td>\n<td style=\"width: 141.277%; text-align: justify;\">\n<h4>11a edici\u00f3 del concurs Apilo<\/h4>\n<p>Comen\u00e7a la 11a edici\u00f3 del concurs Apilo, de recogida de piles. Hi poden participar tots els centres educatius de Catalunya p\u00fablics, concertats o privats que pr\u00e8viament s\u2019hagin inscrit en el <a href=\"https:\/\/www.apilo.cat\/\">formulari d\u2019inscripci\u00f3. <\/a>La inscripci\u00f3 comen\u00e7ar\u00e0 el dia <strong>15 d\u2019octubre de 2025<\/strong>\u00a0i finalitzar\u00e0 el dia\u00a0<strong>28 de novembre de 2025<\/strong>.<\/p>\n<p><strong><a href=\"https:\/\/serveiseducatius.xtec.cat\/garrigues\/portada\/11a-edicio-concurs-apilo\/\">M\u00e9s informaci\u00f3<\/a><\/strong><\/p>\n<\/td>\n<\/tr>\n<\/tbody>\n<\/table>\n\n","protected":false},"excerpt":{"rendered":"<p>Al seg\u00fcent article podeu consultar el full informatiu del mes de novembre de 2025.<\/p>\n","protected":false},"author":3,"featured_media":24508,"comment_status":"open","ping_status":"open","sticky":false,"template":"","format":"standard","meta":{"_bbp_topic_count":0,"_bbp_reply_count":0,"_bbp_total_topic_count":0,"_bbp_total_reply_count":0,"_bbp_voice_count":0,"_bbp_anonymous_reply_count":0,"_bbp_topic_count_hidden":0,"_bbp_reply_count_hidden":0,"_bbp_forum_subforum_count":0,"site-sidebar-layout":"default","site-content-layout":"","ast-site-content-layout":"default","site-content-style":"default","site-sidebar-style":"default","ast-global-header-display":"","ast-banner-title-visibility":"","ast-main-header-display":"","ast-hfb-above-header-display":"","ast-hfb-below-header-display":"","ast-hfb-mobile-header-display":"","site-post-title":"","ast-breadcrumbs-content":"","ast-featured-img":"","footer-sml-layout":"","theme-transparent-header-meta":"default","adv-header-id-meta":"","stick-header-meta":"","header-above-stick-meta":"","header-main-stick-meta":"","header-below-stick-meta":"","astra-migrate-meta-layouts":"set","ast-page-background-enabled":"default","ast-page-background-meta":{"desktop":{"background-color":"var(--ast-global-color-4)","background-image":"","background-repeat":"repeat","background-position":"center center","background-size":"auto","background-attachment":"scroll","background-type":"","background-media":"","overlay-type":"","overlay-color":"","overlay-opacity":"","overlay-gradient":""},"tablet":{"background-color":"","background-image":"","background-repeat":"repeat","background-position":"center center","background-size":"auto","background-attachment":"scroll","background-type":"","background-media":"","overlay-type":"","overlay-color":"","overlay-opacity":"","overlay-gradient":""},"mobile":{"background-color":"","background-image":"","background-repeat":"repeat","background-position":"center center","background-size":"auto","background-attachment":"scroll","background-type":"","background-media":"","overlay-type":"","overlay-color":"","overlay-opacity":"","overlay-gradient":""}},"ast-content-background-meta":{"desktop":{"background-color":"var(--ast-global-color-5)","background-image":"","background-repeat":"repeat","background-position":"center center","background-size":"auto","background-attachment":"scroll","background-type":"","background-media":"","overlay-type":"","overlay-color":"","overlay-opacity":"","overlay-gradient":""},"tablet":{"background-color":"var(--ast-global-color-5)","background-image":"","background-repeat":"repeat","background-position":"center center","background-size":"auto","background-attachment":"scroll","background-type":"","background-media":"","overlay-type":"","overlay-color":"","overlay-opacity":"","overlay-gradient":""},"mobile":{"background-color":"var(--ast-global-color-5)","background-image":"","background-repeat":"repeat","background-position":"center center","background-size":"auto","background-attachment":"scroll","background-type":"","background-media":"","overlay-type":"","overlay-color":"","overlay-opacity":"","overlay-gradient":""}},"footnotes":""},"categories":[301,29],"tags":[],"class_list":["post-24053","post","type-post","status-publish","format-standard","has-post-thumbnail","hentry","category-full-informatiu","category-portada"],"post_mailing_queue_ids":[],"_links":{"self":[{"href":"https:\/\/serveiseducatius.xtec.cat\/garrigues\/wp-json\/wp\/v2\/posts\/24053","targetHints":{"allow":["GET"]}}],"collection":[{"href":"https:\/\/serveiseducatius.xtec.cat\/garrigues\/wp-json\/wp\/v2\/posts"}],"about":[{"href":"https:\/\/serveiseducatius.xtec.cat\/garrigues\/wp-json\/wp\/v2\/types\/post"}],"author":[{"embeddable":true,"href":"https:\/\/serveiseducatius.xtec.cat\/garrigues\/wp-json\/wp\/v2\/users\/3"}],"replies":[{"embeddable":true,"href":"https:\/\/serveiseducatius.xtec.cat\/garrigues\/wp-json\/wp\/v2\/comments?post=24053"}],"version-history":[{"count":6,"href":"https:\/\/serveiseducatius.xtec.cat\/garrigues\/wp-json\/wp\/v2\/posts\/24053\/revisions"}],"predecessor-version":[{"id":24666,"href":"https:\/\/serveiseducatius.xtec.cat\/garrigues\/wp-json\/wp\/v2\/posts\/24053\/revisions\/24666"}],"wp:featuredmedia":[{"embeddable":true,"href":"https:\/\/serveiseducatius.xtec.cat\/garrigues\/wp-json\/wp\/v2\/media\/24508"}],"wp:attachment":[{"href":"https:\/\/serveiseducatius.xtec.cat\/garrigues\/wp-json\/wp\/v2\/media?parent=24053"}],"wp:term":[{"taxonomy":"category","embeddable":true,"href":"https:\/\/serveiseducatius.xtec.cat\/garrigues\/wp-json\/wp\/v2\/categories?post=24053"},{"taxonomy":"post_tag","embeddable":true,"href":"https:\/\/serveiseducatius.xtec.cat\/garrigues\/wp-json\/wp\/v2\/tags?post=24053"}],"curies":[{"name":"wp","href":"https:\/\/api.w.org\/{rel}","templated":true}]}}