{"id":21510,"date":"2023-03-07T12:08:45","date_gmt":"2023-03-07T11:08:45","guid":{"rendered":"https:\/\/serveiseducatius.xtec.cat\/garrigues\/?p=21510"},"modified":"2023-09-12T13:35:20","modified_gmt":"2023-09-12T11:35:20","slug":"3a-edicio-premi-que-es-per-a-tu-europa","status":"publish","type":"post","link":"https:\/\/serveiseducatius.xtec.cat\/garrigues\/dinamitzacio\/concursos\/3a-edicio-premi-que-es-per-a-tu-europa\/","title":{"rendered":"3a Edici\u00f3 Premi &#8220;Qu\u00e8 \u00e9s per a tu Europa?&#8221;"},"content":{"rendered":"<p style=\"font-weight: 400; text-align: justify;\">La Fundaci\u00f3 Catalunya Europa, en col\u00b7laboraci\u00f3 amb el Departament d\u2019Educaci\u00f3, convoca la tercera edici\u00f3 del premi<strong><em> &#8220;Qu\u00e8 \u00e9s per a tu Europa?&#8221;<\/em><\/strong> amb el prop\u00f2sit d&#8217;acostar Europa i els valors europeus als joves a trav\u00e9s de la fotografia, el v\u00eddeo i projectes art\u00edstics innovadors.<\/p>\n<p style=\"font-weight: 400; text-align: justify;\">Est\u00e0 adre\u00e7at a l&#8217;alumnat de segon cicle de secund\u00e0ria, batxillerat i cicles formatius de grau mitj\u00e0 o superior. Les bases dels premis les trobareu <a href=\"https:\/\/secure-web.cisco.com\/1c1MrePKmHc_XFC57KDm-JC1Q06KsgxVJMXSmWoAmp5LiS8Bo1eomt_nHquaiaiA-4jnVvWCJXcgGVV_6phbXVPcTnpwsYd7VskDycPTqsGLr0HZToKFBoBOHSu-anx6mU8eYPJxeFqDeZyvaWXCbeg7wTulXlwbFv8Cash9V-Lo52F7K8f7-LJih_UhTi6VuJdve8pa0V1BpaIi813pCWul8fafzMAahx47UTxZHoGoyfv3IdbwEMzfEUVcJqdQpSJiOcKrpn6AQaRC5wc9BojnCJH0riASVzhDvkp_9oQKe4HokHqYiZ5yjpVwKvMzYM6I1bpiD7b9kCn82IYqyfuhYG9t9rDAU6oj8Vlmm0L52zgx3C-M5GU6daHFgp4hD_7bD0abZSw-pp_yamH7d5FqL4fiSuD1dcEJZXPAFpSXJE61wXme4AUrW69ELXZ_-cDGpkQ-xc6duM0ekXPGsF7yD4ZhFgkrFLmT2Z5Up1yDmaVZaef29QDbWCLsnwD3M\/https%3A%2F%2Fwww.catalunyaeuropa.net%2Fadmin%2Fassets%2Fuploads%2Ffiles%2F25a94-bases-premi-que-e-s-per-a-tu-europa-2023.pdf\" data-saferedirecturl=\"https:\/\/www.google.com\/url?q=https:\/\/secure-web.cisco.com\/1c1MrePKmHc_XFC57KDm-JC1Q06KsgxVJMXSmWoAmp5LiS8Bo1eomt_nHquaiaiA-4jnVvWCJXcgGVV_6phbXVPcTnpwsYd7VskDycPTqsGLr0HZToKFBoBOHSu-anx6mU8eYPJxeFqDeZyvaWXCbeg7wTulXlwbFv8Cash9V-Lo52F7K8f7-LJih_UhTi6VuJdve8pa0V1BpaIi813pCWul8fafzMAahx47UTxZHoGoyfv3IdbwEMzfEUVcJqdQpSJiOcKrpn6AQaRC5wc9BojnCJH0riASVzhDvkp_9oQKe4HokHqYiZ5yjpVwKvMzYM6I1bpiD7b9kCn82IYqyfuhYG9t9rDAU6oj8Vlmm0L52zgx3C-M5GU6daHFgp4hD_7bD0abZSw-pp_yamH7d5FqL4fiSuD1dcEJZXPAFpSXJE61wXme4AUrW69ELXZ_-cDGpkQ-xc6duM0ekXPGsF7yD4ZhFgkrFLmT2Z5Up1yDmaVZaef29QDbWCLsnwD3M\/https%253A%252F%252Fwww.catalunyaeuropa.net%252Fadmin%252Fassets%252Fuploads%252Ffiles%252F25a94-bases-premi-que-e-s-per-a-tu-europa-2023.pdf&amp;source=gmail&amp;ust=1678271122388000&amp;usg=AOvVaw1WTA7d4RwVBAD-aCnsyTw3\">aqu\u00ed<\/a>. Podeu formalitzar les inscripcions i les autoritzacions en aquest <a href=\"https:\/\/www.catalunyaeuropa.net\/admin\/assets\/uploads\/files\/43dc5-sol-licitud-i-annexes-premi-europa-jove-2023.pdf\" data-saferedirecturl=\"https:\/\/www.google.com\/url?q=https:\/\/www.catalunyaeuropa.net\/admin\/assets\/uploads\/files\/43dc5-sol-licitud-i-annexes-premi-europa-jove-2023.pdf&amp;source=gmail&amp;ust=1678271122388000&amp;usg=AOvVaw355S0rfyFXQsUr3quyxiB1\">enlla\u00e7<\/a>.<\/p>\n<div class=\"page\" style=\"text-align: justify;\" title=\"Page 5\">\n<div class=\"layoutArea\">\n<div class=\"column\">\n<p>Els treballs es poden presentar des del dia de publicacio\u0301 d\u2019aquestes bases fins el <strong>5 de maig<\/strong> de 2023, inclo\u0300s. Els\u00a0<span style=\"font-family: inherit; font-size: 1em;\">alumnes menors de 14 anys hauran d\u2019adjuntar una autoritzaci\u00f3 del pare\/mare o tutor i els majors de 14 anys adjuntaran l\u2019autoritzaci\u00f3 personal signada.<\/span><\/p>\n<\/div>\n<\/div>\n<\/div>\n<p style=\"text-align: justify;\">Per m\u00e9s informaci\u00f3 podeu consultar la p\u00e0gina <a href=\"https:\/\/www.catalunyaeuropa.net\/ca\/fundacio\/actualitat\/271\/convocat-el-premi-qu%C3%A8-%C3%A9s-per-a-tu-europa-2023.html\" data-saferedirecturl=\"https:\/\/www.google.com\/url?q=https:\/\/www.catalunyaeuropa.net\/ca\/fundacio\/actualitat\/271\/convocat-el-premi-qu%25C3%25A8-%25C3%25A9s-per-a-tu-europa-2023.html&amp;source=gmail&amp;ust=1678271122388000&amp;usg=AOvVaw3r_9Blhk5PoSAykGB-M8Fd\">web<\/a> de la fundaci\u00f3.<\/p>\n","protected":false},"excerpt":{"rendered":"<p>Convocada la tercera edici\u00f3 del premi &#8220;Qu\u00e8 \u00e9s per a tu Europa?&#8221; amb el prop\u00f2sit d&#8217;acostar Europa i als joves a trav\u00e9s de la fotografia, el v\u00eddeo i projectes art\u00edstics innovadors. El termini per presentar les obres finalitza el 5 de maig. <\/p>\n","protected":false},"author":3,"featured_media":21511,"comment_status":"open","ping_status":"closed","sticky":false,"template":"","format":"standard","meta":{"_bbp_topic_count":0,"_bbp_reply_count":0,"_bbp_total_topic_count":0,"_bbp_total_reply_count":0,"_bbp_voice_count":0,"_bbp_anonymous_reply_count":0,"_bbp_topic_count_hidden":0,"_bbp_reply_count_hidden":0,"_bbp_forum_subforum_count":0,"site-sidebar-layout":"default","site-content-layout":"","ast-site-content-layout":"","site-content-style":"default","site-sidebar-style":"default","ast-global-header-display":"","ast-banner-title-visibility":"","ast-main-header-display":"","ast-hfb-above-header-display":"","ast-hfb-below-header-display":"","ast-hfb-mobile-header-display":"","site-post-title":"","ast-breadcrumbs-content":"","ast-featured-img":"","footer-sml-layout":"","theme-transparent-header-meta":"","adv-header-id-meta":"","stick-header-meta":"","header-above-stick-meta":"","header-main-stick-meta":"","header-below-stick-meta":"","astra-migrate-meta-layouts":"default","ast-page-background-enabled":"default","ast-page-background-meta":{"desktop":{"background-color":"var(--ast-global-color-4)","background-image":"","background-repeat":"repeat","background-position":"center center","background-size":"auto","background-attachment":"scroll","background-type":"","background-media":"","overlay-type":"","overlay-color":"","overlay-opacity":"","overlay-gradient":""},"tablet":{"background-color":"","background-image":"","background-repeat":"repeat","background-position":"center center","background-size":"auto","background-attachment":"scroll","background-type":"","background-media":"","overlay-type":"","overlay-color":"","overlay-opacity":"","overlay-gradient":""},"mobile":{"background-color":"","background-image":"","background-repeat":"repeat","background-position":"center center","background-size":"auto","background-attachment":"scroll","background-type":"","background-media":"","overlay-type":"","overlay-color":"","overlay-opacity":"","overlay-gradient":""}},"ast-content-background-meta":{"desktop":{"background-color":"var(--ast-global-color-5)","background-image":"","background-repeat":"repeat","background-position":"center center","background-size":"auto","background-attachment":"scroll","background-type":"","background-media":"","overlay-type":"","overlay-color":"","overlay-opacity":"","overlay-gradient":""},"tablet":{"background-color":"var(--ast-global-color-5)","background-image":"","background-repeat":"repeat","background-position":"center center","background-size":"auto","background-attachment":"scroll","background-type":"","background-media":"","overlay-type":"","overlay-color":"","overlay-opacity":"","overlay-gradient":""},"mobile":{"background-color":"var(--ast-global-color-5)","background-image":"","background-repeat":"repeat","background-position":"center center","background-size":"auto","background-attachment":"scroll","background-type":"","background-media":"","overlay-type":"","overlay-color":"","overlay-opacity":"","overlay-gradient":""}},"footnotes":""},"categories":[300],"tags":[],"class_list":["post-21510","post","type-post","status-publish","format-standard","has-post-thumbnail","hentry","category-concursos"],"post_mailing_queue_ids":[],"_links":{"self":[{"href":"https:\/\/serveiseducatius.xtec.cat\/garrigues\/wp-json\/wp\/v2\/posts\/21510","targetHints":{"allow":["GET"]}}],"collection":[{"href":"https:\/\/serveiseducatius.xtec.cat\/garrigues\/wp-json\/wp\/v2\/posts"}],"about":[{"href":"https:\/\/serveiseducatius.xtec.cat\/garrigues\/wp-json\/wp\/v2\/types\/post"}],"author":[{"embeddable":true,"href":"https:\/\/serveiseducatius.xtec.cat\/garrigues\/wp-json\/wp\/v2\/users\/3"}],"replies":[{"embeddable":true,"href":"https:\/\/serveiseducatius.xtec.cat\/garrigues\/wp-json\/wp\/v2\/comments?post=21510"}],"version-history":[{"count":2,"href":"https:\/\/serveiseducatius.xtec.cat\/garrigues\/wp-json\/wp\/v2\/posts\/21510\/revisions"}],"predecessor-version":[{"id":21513,"href":"https:\/\/serveiseducatius.xtec.cat\/garrigues\/wp-json\/wp\/v2\/posts\/21510\/revisions\/21513"}],"wp:featuredmedia":[{"embeddable":true,"href":"https:\/\/serveiseducatius.xtec.cat\/garrigues\/wp-json\/wp\/v2\/media\/21511"}],"wp:attachment":[{"href":"https:\/\/serveiseducatius.xtec.cat\/garrigues\/wp-json\/wp\/v2\/media?parent=21510"}],"wp:term":[{"taxonomy":"category","embeddable":true,"href":"https:\/\/serveiseducatius.xtec.cat\/garrigues\/wp-json\/wp\/v2\/categories?post=21510"},{"taxonomy":"post_tag","embeddable":true,"href":"https:\/\/serveiseducatius.xtec.cat\/garrigues\/wp-json\/wp\/v2\/tags?post=21510"}],"curies":[{"name":"wp","href":"https:\/\/api.w.org\/{rel}","templated":true}]}}