{"id":20635,"date":"2022-07-06T09:35:43","date_gmt":"2022-07-06T07:35:43","guid":{"rendered":"https:\/\/serveiseducatius.xtec.cat\/garrigues\/?p=20635"},"modified":"2023-09-12T13:41:30","modified_gmt":"2023-09-12T11:41:30","slug":"setmana-europea-de-la-mobilitat-sem","status":"publish","type":"post","link":"https:\/\/serveiseducatius.xtec.cat\/garrigues\/projectes\/projectes-europeus\/setmana-europea-de-la-mobilitat-sem\/","title":{"rendered":"Setmana Europea de la Mobilitat (SEM)"},"content":{"rendered":"<p style=\"text-align: justify;\">Com cada any des del 2002, la Uni\u00f3 Europea ha convocat la celebraci\u00f3 de la <strong>Setmana Europea de la Mobilitat (SEM)<\/strong> durant el mes de setembre. Per tal de promoure la celebraci\u00f3 d\u2019aquesta Setmana a Catalunya, el Govern de la Generalitat, amb la col\u00b7laboraci\u00f3 dels principals agents relacionats amb el m\u00f3n de la mobilitat i la sostenibilitat, volem impulsar un conjunt d\u2019accions durant la Setmana Europea de la Mobilitat entre els dies<strong> 16 i 22 de setembre de 2022<\/strong>, igual que la resta d\u2019Europa.<\/p>\n<p style=\"text-align: justify;\">Si sou una ONG, una empresa, una organitzaci\u00f3 de la societat civil, una iniciativa ciutadana, una escola, un centre de salut o una administraci\u00f3 local i feu alguna cosa per promoure la mobilitat sostenible en qualsevol moment de l&#8217;any, us convido a adherir-vos a la Setmana amb el desig d\u2019ajudar-vos a compartir la vostra hist\u00f2ria d&#8217;\u00e8xit.<\/p>\n<p style=\"text-align: justify;\">Com cada any, l\u2019Autoritat Territorial de Mobilitat de l&#8217;\u00c0rea de Lleida col\u00b7laborar\u00e0 amb el Departament de la Vicepresid\u00e8ncia i de Pol\u00edtiques Digitals i Territori en la coordinaci\u00f3 de les adhesions, la comunicaci\u00f3 i el seguiment de les accions dels ajuntaments catalans, els consells comarcals i les entitats relacionades amb aquesta Setmana.<\/p>\n<p style=\"text-align: justify;\">Si necessiteu qualsevol informaci\u00f3 addicional, podeu contactar amb la senyora Desir\u00e9e Yaiza Mart\u00edn, de l\u2019ATM Lleida, a l\u2019adre\u00e7a electr\u00f2nica dmartin@atmlleida.cat o al tel\u00e8fon 973 27 31 15, o b\u00e9, pr\u00f2ximament, consultar la p\u00e0gina web mobilitat.gencat.cat\/setmana.<\/p>\n<p style=\"text-align: justify;\">A banda de la <a href=\"https:\/\/mail.google.com\/mail\/u\/0\/?tab=rm#inbox\/FMfcgzGpGdmqBzHJrGMKXBLtccFHVnnL?projector=1&amp;messagePartId=0.2\">carta d\u2019adhesi\u00f3<\/a> que us demanem per tal de tenir una l\u00ednia directa de comunicaci\u00f3 a Catalunya, us haureu d\u2019inscriure al web <a href=\"https:\/\/mail.google.com\/mail\/u\/0\/?tab=rm#inbox\/FMfcgzGpGdmqBzHJrGMKXBLtccFHVnnL?projector=1&amp;messagePartId=0.3\">mobilityweek.eu.<\/a> En registrar la vostra MOBILITYACTION, la vostra actuaci\u00f3 es mostrar\u00e0 com a part de la llista de MOBILITYACTIONS a tot Europa i m\u00e9s enll\u00e0. Les actuacions m\u00e9s significatives es mostraran a la p\u00e0gina \u201cSpotlight\u201d.<\/p>\n<p style=\"text-align: justify;\">Finalment, cal assenyalar que cada any se seleccionen cinc MOBILITYACTIONS destacades per participar en un concurs de xarxes socials pel t\u00edtol de millor #MobilityAction. Per a la campanya de l\u2019any 2022 comptem amb la col\u00b7laboraci\u00f3 de l\u2019Associaci\u00f3 Bicicleta Club Catalunya-BACC per tal d\u2019assessorar-vos en qualsevol aspecte relacionat amb la inscripci\u00f3 o la realitzaci\u00f3 de les activitats durant la Setmana. A aquest efecte us podeu adre\u00e7ar a la senyora M\u00f2nica Enrich a l\u2019adre\u00e7a electr\u00f2nica sem2022@bacc.cat o semparticipacio@bacc.cat o al tel\u00e8fon 629 34 63 43.<\/p>\n","protected":false},"excerpt":{"rendered":"<p>Conjunt d\u2019accions durant la Setmana Europea de la Mobilitat entre els dies 16 i 22 de setembre de 2022.<\/p>\n","protected":false},"author":3,"featured_media":20636,"comment_status":"open","ping_status":"closed","sticky":false,"template":"","format":"standard","meta":{"_bbp_topic_count":0,"_bbp_reply_count":0,"_bbp_total_topic_count":0,"_bbp_total_reply_count":0,"_bbp_voice_count":0,"_bbp_anonymous_reply_count":0,"_bbp_topic_count_hidden":0,"_bbp_reply_count_hidden":0,"_bbp_forum_subforum_count":0,"site-sidebar-layout":"default","site-content-layout":"","ast-site-content-layout":"","site-content-style":"default","site-sidebar-style":"default","ast-global-header-display":"","ast-banner-title-visibility":"","ast-main-header-display":"","ast-hfb-above-header-display":"","ast-hfb-below-header-display":"","ast-hfb-mobile-header-display":"","site-post-title":"","ast-breadcrumbs-content":"","ast-featured-img":"","footer-sml-layout":"","theme-transparent-header-meta":"","adv-header-id-meta":"","stick-header-meta":"","header-above-stick-meta":"","header-main-stick-meta":"","header-below-stick-meta":"","astra-migrate-meta-layouts":"default","ast-page-background-enabled":"default","ast-page-background-meta":{"desktop":{"background-color":"var(--ast-global-color-4)","background-image":"","background-repeat":"repeat","background-position":"center center","background-size":"auto","background-attachment":"scroll","background-type":"","background-media":"","overlay-type":"","overlay-color":"","overlay-opacity":"","overlay-gradient":""},"tablet":{"background-color":"","background-image":"","background-repeat":"repeat","background-position":"center center","background-size":"auto","background-attachment":"scroll","background-type":"","background-media":"","overlay-type":"","overlay-color":"","overlay-opacity":"","overlay-gradient":""},"mobile":{"background-color":"","background-image":"","background-repeat":"repeat","background-position":"center center","background-size":"auto","background-attachment":"scroll","background-type":"","background-media":"","overlay-type":"","overlay-color":"","overlay-opacity":"","overlay-gradient":""}},"ast-content-background-meta":{"desktop":{"background-color":"var(--ast-global-color-5)","background-image":"","background-repeat":"repeat","background-position":"center center","background-size":"auto","background-attachment":"scroll","background-type":"","background-media":"","overlay-type":"","overlay-color":"","overlay-opacity":"","overlay-gradient":""},"tablet":{"background-color":"var(--ast-global-color-5)","background-image":"","background-repeat":"repeat","background-position":"center center","background-size":"auto","background-attachment":"scroll","background-type":"","background-media":"","overlay-type":"","overlay-color":"","overlay-opacity":"","overlay-gradient":""},"mobile":{"background-color":"var(--ast-global-color-5)","background-image":"","background-repeat":"repeat","background-position":"center center","background-size":"auto","background-attachment":"scroll","background-type":"","background-media":"","overlay-type":"","overlay-color":"","overlay-opacity":"","overlay-gradient":""}},"footnotes":""},"categories":[293],"tags":[],"class_list":["post-20635","post","type-post","status-publish","format-standard","has-post-thumbnail","hentry","category-projectes-europeus"],"post_mailing_queue_ids":[],"_links":{"self":[{"href":"https:\/\/serveiseducatius.xtec.cat\/garrigues\/wp-json\/wp\/v2\/posts\/20635","targetHints":{"allow":["GET"]}}],"collection":[{"href":"https:\/\/serveiseducatius.xtec.cat\/garrigues\/wp-json\/wp\/v2\/posts"}],"about":[{"href":"https:\/\/serveiseducatius.xtec.cat\/garrigues\/wp-json\/wp\/v2\/types\/post"}],"author":[{"embeddable":true,"href":"https:\/\/serveiseducatius.xtec.cat\/garrigues\/wp-json\/wp\/v2\/users\/3"}],"replies":[{"embeddable":true,"href":"https:\/\/serveiseducatius.xtec.cat\/garrigues\/wp-json\/wp\/v2\/comments?post=20635"}],"version-history":[{"count":1,"href":"https:\/\/serveiseducatius.xtec.cat\/garrigues\/wp-json\/wp\/v2\/posts\/20635\/revisions"}],"predecessor-version":[{"id":20637,"href":"https:\/\/serveiseducatius.xtec.cat\/garrigues\/wp-json\/wp\/v2\/posts\/20635\/revisions\/20637"}],"wp:featuredmedia":[{"embeddable":true,"href":"https:\/\/serveiseducatius.xtec.cat\/garrigues\/wp-json\/wp\/v2\/media\/20636"}],"wp:attachment":[{"href":"https:\/\/serveiseducatius.xtec.cat\/garrigues\/wp-json\/wp\/v2\/media?parent=20635"}],"wp:term":[{"taxonomy":"category","embeddable":true,"href":"https:\/\/serveiseducatius.xtec.cat\/garrigues\/wp-json\/wp\/v2\/categories?post=20635"},{"taxonomy":"post_tag","embeddable":true,"href":"https:\/\/serveiseducatius.xtec.cat\/garrigues\/wp-json\/wp\/v2\/tags?post=20635"}],"curies":[{"name":"wp","href":"https:\/\/api.w.org\/{rel}","templated":true}]}}