{"id":20436,"date":"2022-05-04T13:52:40","date_gmt":"2022-05-04T11:52:40","guid":{"rendered":"https:\/\/serveiseducatius.xtec.cat\/garrigues\/?p=20436"},"modified":"2022-09-22T12:29:37","modified_gmt":"2022-09-22T10:29:37","slug":"periode-de-preinscripcio-per-a-realitzar-estades-i-sortides-de-dia-als-camps-i-entorns-daprenentatge-de-catalunya-per-al-curs-2022-2023","status":"publish","type":"post","link":"https:\/\/serveiseducatius.xtec.cat\/garrigues\/general\/periode-de-preinscripcio-per-a-realitzar-estades-i-sortides-de-dia-als-camps-i-entorns-daprenentatge-de-catalunya-per-al-curs-2022-2023\/","title":{"rendered":"Per\u00edode de preinscripci\u00f3 als Camps i Entorns d\u2019Aprenentatge de Catalunya\u00a0per al curs 2022-2023."},"content":{"rendered":"<p><strong>Del dia 2 fins al 31 de maig<\/strong>\u00a0de 2022 romandr\u00e0 obert el\u00a0<a href=\"http:\/\/xtec.gencat.cat\/ca\/serveis\/sesc\/cda\/inscripcio\/\">per\u00edode de preinscripci\u00f3 per a realitzar estades i sortides de dia als Camps i Entorns d\u2019Aprenentatge de Catalunya<\/a>\u00a0per al curs 2022-2023.<\/p>\n<h5><strong>Calendari<\/strong>:<\/h5>\n<ul>\n<li><strong>Sol\u00b7licituds<\/strong>\u00a0d\u2019inscripci\u00f3 en per\u00edode ordinari:\u00a0<strong>del 2 de maig al 31 de maig de 2022<\/strong><\/li>\n<li><strong>Assignaci\u00f3<\/strong>\u00a0de les sol\u00b7licituds:\u00a0<strong>del 7 al 28 de juny de 2022<\/strong><\/li>\n<li><strong>Acceptaci\u00f3<\/strong>\u00a0de l\u2019assignaci\u00f3:\u00a0<strong>del 29 de juny de 2022 al 14 de juliol de 2023<\/strong><\/li>\n<\/ul>\n<p>La inscripci\u00f3 es realitzar\u00e0 mitjan\u00e7ant una<a href=\"https:\/\/aplicacions.gestioeducativa.gencat.cat\/siteminderagent\/forms\/gicar2019edufed\/loginCorp2019v16edu.fcc?TYPE=33554433&amp;REALMOID=06-d341c47b-eb8e-41cd-9f6e-1a94408e02fb&amp;GUID=&amp;SMAUTHREASON=0&amp;METHOD=GET&amp;SMAGENTNAME=-SM-1FMsixKYKBau7gkEG2m1%2brQu7p1EGfrdOo5%2fWj6Qu1TjpJ7k6t3XMhro45XzPnMS&amp;TARGET=-SM-HTTPS%3a%2f%2faplicacions%2eensenyament%2egencat%2ecat%2fpls%2fapex%2fapex_authentication%2ecallback%3fp_session_id%3d102827607150997%26p_app_id%3d151%26p_ajax_identifier%3doi7WM1_Hshd6zV_Z2fcf0fKTtp63KVgMOPslWzGjF34%26p_page_id%3d501\"><strong>\u00a0l\u2019aplicaci\u00f3 de gesti\u00f3 en l\u00ednia CAMP<\/strong>,<\/a>\u00a0 al qual podr\u00e0 accedir les persones de l\u2019equip directiu (pels centres p\u00fablics)\u00a0 i el\/la director\/a (pels centres privats).<\/p>\n<p>Per a m\u00e9s informaci\u00f3 consulteu el\u00a0<strong><a href=\"http:\/\/xtec.gencat.cat\/ca\/serveis\/sesc\/cda\/inscripcio\/\">seg\u00fcent enlla\u00e7.<\/a><\/strong><\/p>\n","protected":false},"excerpt":{"rendered":"<p>Del dia 2 fins al 31 de maig\u00a0de 2022 romandr\u00e0 obert el\u00a0per\u00edode de preinscripci\u00f3 per a realitzar estades i sortides de dia als Camps i Entorns d\u2019Aprenentatge de Catalunya\u00a0per al curs 2022-2023.<\/p>\n","protected":false},"author":3,"featured_media":20437,"comment_status":"open","ping_status":"closed","sticky":false,"template":"","format":"standard","meta":{"_bbp_topic_count":0,"_bbp_reply_count":0,"_bbp_total_topic_count":0,"_bbp_total_reply_count":0,"_bbp_voice_count":0,"_bbp_anonymous_reply_count":0,"_bbp_topic_count_hidden":0,"_bbp_reply_count_hidden":0,"_bbp_forum_subforum_count":0,"site-sidebar-layout":"default","site-content-layout":"","ast-site-content-layout":"","site-content-style":"default","site-sidebar-style":"default","ast-global-header-display":"","ast-banner-title-visibility":"","ast-main-header-display":"","ast-hfb-above-header-display":"","ast-hfb-below-header-display":"","ast-hfb-mobile-header-display":"","site-post-title":"","ast-breadcrumbs-content":"","ast-featured-img":"","footer-sml-layout":"","theme-transparent-header-meta":"","adv-header-id-meta":"","stick-header-meta":"","header-above-stick-meta":"","header-main-stick-meta":"","header-below-stick-meta":"","astra-migrate-meta-layouts":"default","ast-page-background-enabled":"default","ast-page-background-meta":{"desktop":{"background-color":"var(--ast-global-color-4)","background-image":"","background-repeat":"repeat","background-position":"center center","background-size":"auto","background-attachment":"scroll","background-type":"","background-media":"","overlay-type":"","overlay-color":"","overlay-opacity":"","overlay-gradient":""},"tablet":{"background-color":"","background-image":"","background-repeat":"repeat","background-position":"center center","background-size":"auto","background-attachment":"scroll","background-type":"","background-media":"","overlay-type":"","overlay-color":"","overlay-opacity":"","overlay-gradient":""},"mobile":{"background-color":"","background-image":"","background-repeat":"repeat","background-position":"center center","background-size":"auto","background-attachment":"scroll","background-type":"","background-media":"","overlay-type":"","overlay-color":"","overlay-opacity":"","overlay-gradient":""}},"ast-content-background-meta":{"desktop":{"background-color":"var(--ast-global-color-5)","background-image":"","background-repeat":"repeat","background-position":"center center","background-size":"auto","background-attachment":"scroll","background-type":"","background-media":"","overlay-type":"","overlay-color":"","overlay-opacity":"","overlay-gradient":""},"tablet":{"background-color":"var(--ast-global-color-5)","background-image":"","background-repeat":"repeat","background-position":"center center","background-size":"auto","background-attachment":"scroll","background-type":"","background-media":"","overlay-type":"","overlay-color":"","overlay-opacity":"","overlay-gradient":""},"mobile":{"background-color":"var(--ast-global-color-5)","background-image":"","background-repeat":"repeat","background-position":"center center","background-size":"auto","background-attachment":"scroll","background-type":"","background-media":"","overlay-type":"","overlay-color":"","overlay-opacity":"","overlay-gradient":""}},"footnotes":""},"categories":[1],"tags":[],"class_list":["post-20436","post","type-post","status-publish","format-standard","has-post-thumbnail","hentry","category-general"],"post_mailing_queue_ids":[],"_links":{"self":[{"href":"https:\/\/serveiseducatius.xtec.cat\/garrigues\/wp-json\/wp\/v2\/posts\/20436","targetHints":{"allow":["GET"]}}],"collection":[{"href":"https:\/\/serveiseducatius.xtec.cat\/garrigues\/wp-json\/wp\/v2\/posts"}],"about":[{"href":"https:\/\/serveiseducatius.xtec.cat\/garrigues\/wp-json\/wp\/v2\/types\/post"}],"author":[{"embeddable":true,"href":"https:\/\/serveiseducatius.xtec.cat\/garrigues\/wp-json\/wp\/v2\/users\/3"}],"replies":[{"embeddable":true,"href":"https:\/\/serveiseducatius.xtec.cat\/garrigues\/wp-json\/wp\/v2\/comments?post=20436"}],"version-history":[{"count":2,"href":"https:\/\/serveiseducatius.xtec.cat\/garrigues\/wp-json\/wp\/v2\/posts\/20436\/revisions"}],"predecessor-version":[{"id":20441,"href":"https:\/\/serveiseducatius.xtec.cat\/garrigues\/wp-json\/wp\/v2\/posts\/20436\/revisions\/20441"}],"wp:featuredmedia":[{"embeddable":true,"href":"https:\/\/serveiseducatius.xtec.cat\/garrigues\/wp-json\/wp\/v2\/media\/20437"}],"wp:attachment":[{"href":"https:\/\/serveiseducatius.xtec.cat\/garrigues\/wp-json\/wp\/v2\/media?parent=20436"}],"wp:term":[{"taxonomy":"category","embeddable":true,"href":"https:\/\/serveiseducatius.xtec.cat\/garrigues\/wp-json\/wp\/v2\/categories?post=20436"},{"taxonomy":"post_tag","embeddable":true,"href":"https:\/\/serveiseducatius.xtec.cat\/garrigues\/wp-json\/wp\/v2\/tags?post=20436"}],"curies":[{"name":"wp","href":"https:\/\/api.w.org\/{rel}","templated":true}]}}