{"id":19469,"date":"2021-05-14T14:22:56","date_gmt":"2021-05-14T12:22:56","guid":{"rendered":"https:\/\/serveiseducatius.xtec.cat\/garrigues\/?p=19469"},"modified":"2021-05-14T14:22:56","modified_gmt":"2021-05-14T12:22:56","slug":"congres-nacional-deducacio-ambiental","status":"publish","type":"post","link":"https:\/\/serveiseducatius.xtec.cat\/garrigues\/projectes\/escola-verda\/congres-nacional-deducacio-ambiental\/","title":{"rendered":"Congr\u00e9s Nacional d&#8217;Educaci\u00f3 Ambiental\u00a0"},"content":{"rendered":"<p style=\"text-align: justify;\">El 26 de maig, el\u00a0<strong>Congr\u00e9s Nacional d&#8217;Educaci\u00f3 Ambiental<\/strong>\u00a0tractar\u00e0 el tema\u00a0<strong>LA CRISI DE LA BIODIVERSITAT &#8211; Mirades per a l\u00b4emerg\u00e8ncia.<\/strong><\/p>\n<p style=\"text-align: justify;\">En aquesta sessi\u00f3, podreu escoltar la\u00a0<strong>pon\u00e8ncia &#8220;El futur de la humanitat i la seva relaci\u00f3 amb la natura&#8221;\u00a0<\/strong>de l&#8217;Eudald Carbonell, arque\u00f2leg i catedr\u00e0tic de Prehist\u00f2ria de la Universitat Rovira i Virgili de Tarragona i la<strong>\u00a0taula rodona &#8220;<\/strong><strong>Com l\u2019educaci\u00f3 ambiental pot aturar la p\u00e8rdua de la biodiversitat?&#8221;<\/strong>\u00a0moderada pel\u00a0Carles Castell, doctor en ecologia i expert en conservaci\u00f3 d&#8217;espais naturals<\/p>\n<p style=\"text-align: justify;\">La jornada es far\u00e0 mitjan\u00e7ant la plataforma Zoom. Podeu fer la\u00a0<strong>inscripci\u00f3\u00a0<a href=\"https:\/\/escoles.fundesplai.org\/?mailpoet_router&amp;endpoint=track&amp;action=click&amp;data=WyI0MTE5IiwiMzBmdmdmZjJxOHFvb2dzOGdrY2dzazQwMDBrYzB3OG8iLCIxNDUiLCI3OTQ2OTY3M2M3MWUiLGZhbHNlXQ\" target=\"_blank\" rel=\"noopener noreferrer\" data-saferedirecturl=\"https:\/\/www.google.com\/url?q=https:\/\/escoles.fundesplai.org?mailpoet_router%26endpoint%3Dtrack%26action%3Dclick%26data%3DWyI0MTE5IiwiMzBmdmdmZjJxOHFvb2dzOGdrY2dzazQwMDBrYzB3OG8iLCIxNDUiLCI3OTQ2OTY3M2M3MWUiLGZhbHNlXQ&amp;source=gmail&amp;ust=1621078727561000&amp;usg=AFQjCNG2esv7AXJKRQOXu4-M19G8S8omhQ\">AQU\u00cd<\/a><\/strong>.<\/p>\n<p style=\"text-align: justify;\">Podeu trobar tota la\u00a0<strong>informaci\u00f3<\/strong>\u00a0al web el congr\u00e9s:\u00a0<strong><a href=\"https:\/\/escoles.fundesplai.org\/?mailpoet_router&amp;endpoint=track&amp;action=click&amp;data=WyI0MTE5IiwiMzBmdmdmZjJxOHFvb2dzOGdrY2dzazQwMDBrYzB3OG8iLCIxNDUiLCJmODJiMjUzYmExNzkiLGZhbHNlXQ\" target=\"_blank\" rel=\"noopener noreferrer\" data-saferedirecturl=\"https:\/\/www.google.com\/url?q=https:\/\/escoles.fundesplai.org?mailpoet_router%26endpoint%3Dtrack%26action%3Dclick%26data%3DWyI0MTE5IiwiMzBmdmdmZjJxOHFvb2dzOGdrY2dzazQwMDBrYzB3OG8iLCIxNDUiLCJmODJiMjUzYmExNzkiLGZhbHNlXQ&amp;source=gmail&amp;ust=1621078727561000&amp;usg=AFQjCNHDfW2GVHQYzgqKfA7k6R0CvFT5Rw\">https:\/\/www.cnea.cat\/<\/a><\/strong><\/p>\n<p style=\"text-align: justify;\">\n<p>&nbsp;<\/p>\n","protected":false},"excerpt":{"rendered":"<p>El 26 de maig, el\u00a0Congr\u00e9s Nacional d&#8217;Educaci\u00f3 Ambiental\u00a0tractar\u00e0 el tema\u00a0LA CRISI DE LA BIODIVERSITAT &#8211; Mirades per a l\u00b4emerg\u00e8ncia. La jornada es far\u00e0 mitjan\u00e7ant la plataforma Zoom<\/p>\n","protected":false},"author":3,"featured_media":18188,"comment_status":"open","ping_status":"closed","sticky":false,"template":"","format":"standard","meta":{"_bbp_topic_count":0,"_bbp_reply_count":0,"_bbp_total_topic_count":0,"_bbp_total_reply_count":0,"_bbp_voice_count":0,"_bbp_anonymous_reply_count":0,"_bbp_topic_count_hidden":0,"_bbp_reply_count_hidden":0,"_bbp_forum_subforum_count":0,"site-sidebar-layout":"default","site-content-layout":"","ast-site-content-layout":"","site-content-style":"default","site-sidebar-style":"default","ast-global-header-display":"","ast-banner-title-visibility":"","ast-main-header-display":"","ast-hfb-above-header-display":"","ast-hfb-below-header-display":"","ast-hfb-mobile-header-display":"","site-post-title":"","ast-breadcrumbs-content":"","ast-featured-img":"","footer-sml-layout":"","theme-transparent-header-meta":"","adv-header-id-meta":"","stick-header-meta":"","header-above-stick-meta":"","header-main-stick-meta":"","header-below-stick-meta":"","astra-migrate-meta-layouts":"default","ast-page-background-enabled":"default","ast-page-background-meta":{"desktop":{"background-color":"var(--ast-global-color-4)","background-image":"","background-repeat":"repeat","background-position":"center center","background-size":"auto","background-attachment":"scroll","background-type":"","background-media":"","overlay-type":"","overlay-color":"","overlay-opacity":"","overlay-gradient":""},"tablet":{"background-color":"","background-image":"","background-repeat":"repeat","background-position":"center center","background-size":"auto","background-attachment":"scroll","background-type":"","background-media":"","overlay-type":"","overlay-color":"","overlay-opacity":"","overlay-gradient":""},"mobile":{"background-color":"","background-image":"","background-repeat":"repeat","background-position":"center center","background-size":"auto","background-attachment":"scroll","background-type":"","background-media":"","overlay-type":"","overlay-color":"","overlay-opacity":"","overlay-gradient":""}},"ast-content-background-meta":{"desktop":{"background-color":"var(--ast-global-color-5)","background-image":"","background-repeat":"repeat","background-position":"center center","background-size":"auto","background-attachment":"scroll","background-type":"","background-media":"","overlay-type":"","overlay-color":"","overlay-opacity":"","overlay-gradient":""},"tablet":{"background-color":"var(--ast-global-color-5)","background-image":"","background-repeat":"repeat","background-position":"center center","background-size":"auto","background-attachment":"scroll","background-type":"","background-media":"","overlay-type":"","overlay-color":"","overlay-opacity":"","overlay-gradient":""},"mobile":{"background-color":"var(--ast-global-color-5)","background-image":"","background-repeat":"repeat","background-position":"center center","background-size":"auto","background-attachment":"scroll","background-type":"","background-media":"","overlay-type":"","overlay-color":"","overlay-opacity":"","overlay-gradient":""}},"footnotes":""},"categories":[292],"tags":[],"class_list":["post-19469","post","type-post","status-publish","format-standard","has-post-thumbnail","hentry","category-escola-verda"],"post_mailing_queue_ids":[],"_links":{"self":[{"href":"https:\/\/serveiseducatius.xtec.cat\/garrigues\/wp-json\/wp\/v2\/posts\/19469","targetHints":{"allow":["GET"]}}],"collection":[{"href":"https:\/\/serveiseducatius.xtec.cat\/garrigues\/wp-json\/wp\/v2\/posts"}],"about":[{"href":"https:\/\/serveiseducatius.xtec.cat\/garrigues\/wp-json\/wp\/v2\/types\/post"}],"author":[{"embeddable":true,"href":"https:\/\/serveiseducatius.xtec.cat\/garrigues\/wp-json\/wp\/v2\/users\/3"}],"replies":[{"embeddable":true,"href":"https:\/\/serveiseducatius.xtec.cat\/garrigues\/wp-json\/wp\/v2\/comments?post=19469"}],"version-history":[{"count":1,"href":"https:\/\/serveiseducatius.xtec.cat\/garrigues\/wp-json\/wp\/v2\/posts\/19469\/revisions"}],"predecessor-version":[{"id":19470,"href":"https:\/\/serveiseducatius.xtec.cat\/garrigues\/wp-json\/wp\/v2\/posts\/19469\/revisions\/19470"}],"wp:featuredmedia":[{"embeddable":true,"href":"https:\/\/serveiseducatius.xtec.cat\/garrigues\/wp-json\/wp\/v2\/media\/18188"}],"wp:attachment":[{"href":"https:\/\/serveiseducatius.xtec.cat\/garrigues\/wp-json\/wp\/v2\/media?parent=19469"}],"wp:term":[{"taxonomy":"category","embeddable":true,"href":"https:\/\/serveiseducatius.xtec.cat\/garrigues\/wp-json\/wp\/v2\/categories?post=19469"},{"taxonomy":"post_tag","embeddable":true,"href":"https:\/\/serveiseducatius.xtec.cat\/garrigues\/wp-json\/wp\/v2\/tags?post=19469"}],"curies":[{"name":"wp","href":"https:\/\/api.w.org\/{rel}","templated":true}]}}