{"id":18294,"date":"2020-04-03T15:49:39","date_gmt":"2020-04-03T13:49:39","guid":{"rendered":"https:\/\/serveiseducatius.xtec.cat\/garrigues\/?p=18294"},"modified":"2020-09-07T09:37:09","modified_gmt":"2020-09-07T07:37:09","slug":"jornada-pedagogica-joan-perucho","status":"publish","type":"post","link":"https:\/\/serveiseducatius.xtec.cat\/garrigues\/projectes\/biblioteca-escolar\/jornada-pedagogica-joan-perucho\/","title":{"rendered":"Jornada Pedag\u00f2gica Joan Perucho"},"content":{"rendered":"<p>Amb motiu de la commemoraci\u00f3 de l\u2019<a href=\"http:\/\/xtec.gencat.cat\/ca\/centres\/celebracions\/2020\/any-joan-perucho\/\">Any Joan Perucho<\/a>, el Departament d\u2019Educaci\u00f3 organitza la Jornada Pedag\u00f2gica Joan Perucho.<br \/>\nEs tracta d\u2019una jornada oberta al professorat de prim\u00e0ria i secund\u00e0ria (especialment, per\u00f2 no exclusiva, de llengua catalana i literatura) que vulgui participar-hi com a assistent o presentant alguna activitat o experi\u00e8ncia de creaci\u00f3 pr\u00f2pia ja feta o que es prepari per a l\u2019ocasi\u00f3 (representaci\u00f3, lectura, concert, recital, blog, web, audiovisual, unitat did\u00e0ctica, etc.), tant des de l\u2019\u00e0mbit de la llengua i la literatura com des d\u2019una perspectiva interdisciplin\u00e0ria.<br \/>\nL\u2019objectiu principal \u00e9s que al llarg de la Jornada es presentin activitats o experi\u00e8ncies de creaci\u00f3 pr\u00f2pia al voltant de la figura de Joan Perucho o d\u2019alguna de les seves obres en particular.<br \/>\nLa Jornada, que se celebrar\u00e0 el <strong>22 de juny de 2020<\/strong>, constar\u00e0 d\u2019una pon\u00e8ncia marc a c\u00e0rrec de Juli\u00e0 Guillamon, comissari de l\u2019Any Joan Perucho, la presentaci\u00f3 d\u2019experi\u00e8ncies de centres i de materials did\u00e0ctics elaborats per a la commemoraci\u00f3, i d\u2019una cloenda liter\u00e0ria: l\u2019espectacle de Carles Belda \u201cEl roman\u00e7 de les hist\u00f2ries naturals\u201d.<br \/>\nLa Jornada es far\u00e0 de <strong>9 a 14 al poble d\u2019Albinyana<\/strong>, al Baix Pened\u00e8s, on l\u2019escriptor passava molts estius i caps de setmana, i on hi ha, a m\u00e9s, l\u2019Escola Joan Perucho.<br \/>\nPer participar-hi com a ponent o presentant una experi\u00e8ncia d\u2019aula, cal trametre a Laura Rodr\u00edguez (lrodri24@xtec.cat) <a href=\"https:\/\/drive.google.com\/file\/d\/1QGOnDSfAo91sMOH2dNydTuD4SAU-2e5n\/view?usp=sharing\">la fitxa de l\u2019activitat<\/a> <strong>abans del 15 de maig<\/strong>. La Comissi\u00f3 organitzadora valorar\u00e0 les propostes rebudes i les validar\u00e0.<br \/>\nTant a les comunicacions com a les experi\u00e8ncies, si es creu adient, tamb\u00e9 hi poden participar els alumnes.<br \/>\nEl Departament d\u2019Educaci\u00f3 emetr\u00e0, segons el cas, un certificat de pon\u00e8ncia i\/o de participaci\u00f3 a les persones que presentin una comunicaci\u00f3 o una experi\u00e8ncia, i un certificat de 5 hores als assistents.<br \/>\n<a href=\"https:\/\/aplicacions.gestioeducativa.gencat.cat\/pls\/soloas\/pk_for_mod_ins.p_for_pre_cons_activitats?p_any=2019-2020&amp;p_desc=perucho\">Inscripci\u00f3<\/a><\/p>\n","protected":false},"excerpt":{"rendered":"<p>Amb motiu de la commemoraci\u00f3 de l\u2019Any Joan Perucho, el Departament d\u2019Educaci\u00f3 organitza la Jornada Pedag\u00f2gica Joan Perucho. Es celebrar\u00e0 el 22 de juny a Albinyana, Baix Pened\u00e8s.<\/p>\n","protected":false},"author":3,"featured_media":18295,"comment_status":"open","ping_status":"closed","sticky":false,"template":"","format":"standard","meta":{"_bbp_topic_count":0,"_bbp_reply_count":0,"_bbp_total_topic_count":0,"_bbp_total_reply_count":0,"_bbp_voice_count":0,"_bbp_anonymous_reply_count":0,"_bbp_topic_count_hidden":0,"_bbp_reply_count_hidden":0,"_bbp_forum_subforum_count":0,"site-sidebar-layout":"default","site-content-layout":"","ast-site-content-layout":"","site-content-style":"default","site-sidebar-style":"default","ast-global-header-display":"","ast-banner-title-visibility":"","ast-main-header-display":"","ast-hfb-above-header-display":"","ast-hfb-below-header-display":"","ast-hfb-mobile-header-display":"","site-post-title":"","ast-breadcrumbs-content":"","ast-featured-img":"","footer-sml-layout":"","theme-transparent-header-meta":"","adv-header-id-meta":"","stick-header-meta":"","header-above-stick-meta":"","header-main-stick-meta":"","header-below-stick-meta":"","astra-migrate-meta-layouts":"default","ast-page-background-enabled":"default","ast-page-background-meta":{"desktop":{"background-color":"var(--ast-global-color-4)","background-image":"","background-repeat":"repeat","background-position":"center center","background-size":"auto","background-attachment":"scroll","background-type":"","background-media":"","overlay-type":"","overlay-color":"","overlay-opacity":"","overlay-gradient":""},"tablet":{"background-color":"","background-image":"","background-repeat":"repeat","background-position":"center center","background-size":"auto","background-attachment":"scroll","background-type":"","background-media":"","overlay-type":"","overlay-color":"","overlay-opacity":"","overlay-gradient":""},"mobile":{"background-color":"","background-image":"","background-repeat":"repeat","background-position":"center center","background-size":"auto","background-attachment":"scroll","background-type":"","background-media":"","overlay-type":"","overlay-color":"","overlay-opacity":"","overlay-gradient":""}},"ast-content-background-meta":{"desktop":{"background-color":"var(--ast-global-color-5)","background-image":"","background-repeat":"repeat","background-position":"center center","background-size":"auto","background-attachment":"scroll","background-type":"","background-media":"","overlay-type":"","overlay-color":"","overlay-opacity":"","overlay-gradient":""},"tablet":{"background-color":"var(--ast-global-color-5)","background-image":"","background-repeat":"repeat","background-position":"center center","background-size":"auto","background-attachment":"scroll","background-type":"","background-media":"","overlay-type":"","overlay-color":"","overlay-opacity":"","overlay-gradient":""},"mobile":{"background-color":"var(--ast-global-color-5)","background-image":"","background-repeat":"repeat","background-position":"center center","background-size":"auto","background-attachment":"scroll","background-type":"","background-media":"","overlay-type":"","overlay-color":"","overlay-opacity":"","overlay-gradient":""}},"footnotes":""},"categories":[81,294,153],"tags":[],"class_list":["post-18294","post","type-post","status-publish","format-standard","has-post-thumbnail","hentry","category-biblioteca-escolar","category-jornades","category-pfz"],"post_mailing_queue_ids":[],"_links":{"self":[{"href":"https:\/\/serveiseducatius.xtec.cat\/garrigues\/wp-json\/wp\/v2\/posts\/18294","targetHints":{"allow":["GET"]}}],"collection":[{"href":"https:\/\/serveiseducatius.xtec.cat\/garrigues\/wp-json\/wp\/v2\/posts"}],"about":[{"href":"https:\/\/serveiseducatius.xtec.cat\/garrigues\/wp-json\/wp\/v2\/types\/post"}],"author":[{"embeddable":true,"href":"https:\/\/serveiseducatius.xtec.cat\/garrigues\/wp-json\/wp\/v2\/users\/3"}],"replies":[{"embeddable":true,"href":"https:\/\/serveiseducatius.xtec.cat\/garrigues\/wp-json\/wp\/v2\/comments?post=18294"}],"version-history":[{"count":1,"href":"https:\/\/serveiseducatius.xtec.cat\/garrigues\/wp-json\/wp\/v2\/posts\/18294\/revisions"}],"predecessor-version":[{"id":18296,"href":"https:\/\/serveiseducatius.xtec.cat\/garrigues\/wp-json\/wp\/v2\/posts\/18294\/revisions\/18296"}],"wp:featuredmedia":[{"embeddable":true,"href":"https:\/\/serveiseducatius.xtec.cat\/garrigues\/wp-json\/wp\/v2\/media\/18295"}],"wp:attachment":[{"href":"https:\/\/serveiseducatius.xtec.cat\/garrigues\/wp-json\/wp\/v2\/media?parent=18294"}],"wp:term":[{"taxonomy":"category","embeddable":true,"href":"https:\/\/serveiseducatius.xtec.cat\/garrigues\/wp-json\/wp\/v2\/categories?post=18294"},{"taxonomy":"post_tag","embeddable":true,"href":"https:\/\/serveiseducatius.xtec.cat\/garrigues\/wp-json\/wp\/v2\/tags?post=18294"}],"curies":[{"name":"wp","href":"https:\/\/api.w.org\/{rel}","templated":true}]}}