{"id":10767,"date":"2019-01-23T13:23:31","date_gmt":"2019-01-23T12:23:31","guid":{"rendered":"http:\/\/serveiseducatius.xtec.cat\/garrigues\/?p=10767"},"modified":"2019-09-04T11:03:46","modified_gmt":"2019-09-04T09:03:46","slug":"celebra-el-dia-de-la-pau","status":"publish","type":"post","link":"https:\/\/serveiseducatius.xtec.cat\/garrigues\/general\/celebra-el-dia-de-la-pau\/","title":{"rendered":"Celebra el dia de la Pau"},"content":{"rendered":"<p><strong>La darrera setmana de gener celebrem el dia de la pau.<\/strong> Una oportunitat per educar en la resoluci\u00f3 de conflictes des d&#8217;un enfocament en drets d&#8217;inf\u00e0ncia.<\/p>\n<p>Celebrar el dia de la pau pot constituir una oportunitat per solidaritzar-nos amb els nens i les nenes que pateixen per culpa de la guerra i la viol\u00e8ncia i, alhora, per\u00a0<strong>adquirir aprenentatges clau que ens ajudin a construir la pau en el nostre entorn.<\/strong><\/p>\n<p><a>No et perdis:<\/a><\/p>\n<p><a href=\"https:\/\/s.unicef.es\/optiext\/optiextension.dll?ID=pAspDi1xNaESkYXMh2ej50sLe85sWyFDVOu2LO64HqNXQzR6PI_ifjUy_T0sLMy72ARUzqesGnwm83FxDJBZ6IKsYp\" target=\"_blank\" rel=\"noopener noreferrer\" data-saferedirecturl=\"https:\/\/www.google.com\/url?q=https:\/\/s.unicef.es\/optiext\/optiextension.dll?ID%3DpAspDi1xNaESkYXMh2ej50sLe85sWyFDVOu2LO64HqNXQzR6PI_ifjUy_T0sLMy72ARUzqesGnwm83FxDJBZ6IKsYp&amp;source=gmail&amp;ust=1548760473982000&amp;usg=AFQjCNFBrzdvYYbliZkyBAmdeywo9i4l3Q\"><strong>Vacuna del bon tracte:\u00a0<\/strong><\/a><strong>aquest curs et proposem una mobilitzaci\u00f3 escolar en qu\u00e8 elaborarem entre tots una vacuna de pau i bon tracte<\/strong>\u00a0amb la qual intentarem protegir tot el nostre entorn<\/p>\n<p><a href=\"https:\/\/s.unicef.es\/optiext\/optiextension.dll?ID=pAsplrFYezz%2BJyqYs_K2%2Bf2zJneWeMDeUTL5tU%2BJnHd5Ja%2BaJ5SVpmxYhZS_U3YwucGBxy6CT5v%2BSaWWTg0A40Mw1r\" target=\"_blank\" rel=\"noopener noreferrer\" data-saferedirecturl=\"https:\/\/www.google.com\/url?q=https:\/\/s.unicef.es\/optiext\/optiextension.dll?ID%3DpAsplrFYezz%252BJyqYs_K2%252Bf2zJneWeMDeUTL5tU%252BJnHd5Ja%252BaJ5SVpmxYhZS_U3YwucGBxy6CT5v%252BSaWWTg0A40Mw1r&amp;source=gmail&amp;ust=1548760473982000&amp;usg=AFQjCNGtWorVKnB-49aeYUqMBXPf--pYGw\"><strong>A l&#8217;escola, fora de perill:\u00a0<\/strong><\/a>a la guia per a docents\u00a0<strong>&#8220;A l&#8217;escola, fora de perill&#8221;<\/strong>, oferim idees i eines per poder abordar a l&#8217;aula temes relacionats amb la pau, la no-viol\u00e8ncia i el bon tracte des d&#8217;una perspectiva de participaci\u00f3 infantil i juvenil i de drets d&#8217;inf\u00e0ncia.<\/p>\n<p><a href=\"https:\/\/s.unicef.es\/optiext\/optiextension.dll?ID=pAspG4Zlponv1RxQY85P_ORDPbgjXPtKO99jlxjdrbta9jR6Rojs4m82Hi4n3S1eV0cA99aS9_vAf4ppInakkEpD0p\" target=\"_blank\" rel=\"noopener noreferrer\" data-saferedirecturl=\"https:\/\/www.google.com\/url?q=https:\/\/s.unicef.es\/optiext\/optiextension.dll?ID%3DpAspG4Zlponv1RxQY85P_ORDPbgjXPtKO99jlxjdrbta9jR6Rojs4m82Hi4n3S1eV0cA99aS9_vAf4ppInakkEpD0p&amp;source=gmail&amp;ust=1548760473982000&amp;usg=AFQjCNEh3tmMPIVDDShw-MXZl5dDPc6rkg\"><strong>Activitats per el dia de la pau\u00a0<\/strong><\/a>les activitats que et proposem per aquest dia inclouen aprenentatges importants sobre uns quants\u00a0<strong>fonaments essencials de la pau, la no viol\u00e8ncia i la resoluci\u00f3 de conflictes<\/strong>: la no discriminaci\u00f3, valorar qu\u00e8 ens uneix i la import\u00e0ncia de buscar un di\u00e0leg com\u00fa.<\/p>\n<p><a href=\"https:\/\/s.unicef.es\/optiext\/optiextension.dll?ID=pAsrVa_exDdXvd3W_2_RL00I3OD6rUuLhVdgKWNOax8vWgR6kTjja8ESJYjV3NKauW8p8wvxMQ17%2BMSjsG3DOfttvK\" target=\"_blank\" rel=\"noopener noreferrer\" data-saferedirecturl=\"https:\/\/www.google.com\/url?q=https:\/\/s.unicef.es\/optiext\/optiextension.dll?ID%3DpAsrVa_exDdXvd3W_2_RL00I3OD6rUuLhVdgKWNOax8vWgR6kTjja8ESJYjV3NKauW8p8wvxMQ17%252BMSjsG3DOfttvK&amp;source=gmail&amp;ust=1548760473982000&amp;usg=AFQjCNGQ16Md0IpTE6B8WgEorg9wfMZBNQ\"><strong>S\u00edmbols de la pau:\u00a0<\/strong><\/a>aquests s\u00edmbols mostren el valor que t\u00e9 la pau per a la humanitat i tenen diferents hist\u00f2ries i or\u00edgens que val la pena con\u00e8ixer.\u00a0<strong>Utilitza&#8217;ls per celebrar la pau i la no viol\u00e8ncia a l&#8217;aula!<\/strong><\/p>\n","protected":false},"excerpt":{"rendered":"<p>La darrera setmana de gener celebrem el dia de la pau. Una oportunitat per educar en la resoluci\u00f3 de conflictes des d&#8217;un enfocament en drets d&#8217;inf\u00e0ncia.<\/p>\n","protected":false},"author":3,"featured_media":10768,"comment_status":"open","ping_status":"closed","sticky":false,"template":"","format":"standard","meta":{"_bbp_topic_count":0,"_bbp_reply_count":0,"_bbp_total_topic_count":0,"_bbp_total_reply_count":0,"_bbp_voice_count":0,"_bbp_anonymous_reply_count":0,"_bbp_topic_count_hidden":0,"_bbp_reply_count_hidden":0,"_bbp_forum_subforum_count":0,"site-sidebar-layout":"default","site-content-layout":"","ast-site-content-layout":"","site-content-style":"default","site-sidebar-style":"default","ast-global-header-display":"","ast-banner-title-visibility":"","ast-main-header-display":"","ast-hfb-above-header-display":"","ast-hfb-below-header-display":"","ast-hfb-mobile-header-display":"","site-post-title":"","ast-breadcrumbs-content":"","ast-featured-img":"","footer-sml-layout":"","theme-transparent-header-meta":"","adv-header-id-meta":"","stick-header-meta":"","header-above-stick-meta":"","header-main-stick-meta":"","header-below-stick-meta":"","astra-migrate-meta-layouts":"default","ast-page-background-enabled":"default","ast-page-background-meta":{"desktop":{"background-color":"var(--ast-global-color-4)","background-image":"","background-repeat":"repeat","background-position":"center center","background-size":"auto","background-attachment":"scroll","background-type":"","background-media":"","overlay-type":"","overlay-color":"","overlay-opacity":"","overlay-gradient":""},"tablet":{"background-color":"","background-image":"","background-repeat":"repeat","background-position":"center center","background-size":"auto","background-attachment":"scroll","background-type":"","background-media":"","overlay-type":"","overlay-color":"","overlay-opacity":"","overlay-gradient":""},"mobile":{"background-color":"","background-image":"","background-repeat":"repeat","background-position":"center center","background-size":"auto","background-attachment":"scroll","background-type":"","background-media":"","overlay-type":"","overlay-color":"","overlay-opacity":"","overlay-gradient":""}},"ast-content-background-meta":{"desktop":{"background-color":"var(--ast-global-color-5)","background-image":"","background-repeat":"repeat","background-position":"center center","background-size":"auto","background-attachment":"scroll","background-type":"","background-media":"","overlay-type":"","overlay-color":"","overlay-opacity":"","overlay-gradient":""},"tablet":{"background-color":"var(--ast-global-color-5)","background-image":"","background-repeat":"repeat","background-position":"center center","background-size":"auto","background-attachment":"scroll","background-type":"","background-media":"","overlay-type":"","overlay-color":"","overlay-opacity":"","overlay-gradient":""},"mobile":{"background-color":"var(--ast-global-color-5)","background-image":"","background-repeat":"repeat","background-position":"center center","background-size":"auto","background-attachment":"scroll","background-type":"","background-media":"","overlay-type":"","overlay-color":"","overlay-opacity":"","overlay-gradient":""}},"footnotes":""},"categories":[1],"tags":[],"class_list":["post-10767","post","type-post","status-publish","format-standard","has-post-thumbnail","hentry","category-general"],"post_mailing_queue_ids":[],"_links":{"self":[{"href":"https:\/\/serveiseducatius.xtec.cat\/garrigues\/wp-json\/wp\/v2\/posts\/10767","targetHints":{"allow":["GET"]}}],"collection":[{"href":"https:\/\/serveiseducatius.xtec.cat\/garrigues\/wp-json\/wp\/v2\/posts"}],"about":[{"href":"https:\/\/serveiseducatius.xtec.cat\/garrigues\/wp-json\/wp\/v2\/types\/post"}],"author":[{"embeddable":true,"href":"https:\/\/serveiseducatius.xtec.cat\/garrigues\/wp-json\/wp\/v2\/users\/3"}],"replies":[{"embeddable":true,"href":"https:\/\/serveiseducatius.xtec.cat\/garrigues\/wp-json\/wp\/v2\/comments?post=10767"}],"version-history":[{"count":2,"href":"https:\/\/serveiseducatius.xtec.cat\/garrigues\/wp-json\/wp\/v2\/posts\/10767\/revisions"}],"predecessor-version":[{"id":17754,"href":"https:\/\/serveiseducatius.xtec.cat\/garrigues\/wp-json\/wp\/v2\/posts\/10767\/revisions\/17754"}],"wp:featuredmedia":[{"embeddable":true,"href":"https:\/\/serveiseducatius.xtec.cat\/garrigues\/wp-json\/wp\/v2\/media\/10768"}],"wp:attachment":[{"href":"https:\/\/serveiseducatius.xtec.cat\/garrigues\/wp-json\/wp\/v2\/media?parent=10767"}],"wp:term":[{"taxonomy":"category","embeddable":true,"href":"https:\/\/serveiseducatius.xtec.cat\/garrigues\/wp-json\/wp\/v2\/categories?post=10767"},{"taxonomy":"post_tag","embeddable":true,"href":"https:\/\/serveiseducatius.xtec.cat\/garrigues\/wp-json\/wp\/v2\/tags?post=10767"}],"curies":[{"name":"wp","href":"https:\/\/api.w.org\/{rel}","templated":true}]}}