{"id":10348,"date":"2018-09-27T12:33:33","date_gmt":"2018-09-27T10:33:33","guid":{"rendered":"http:\/\/serveiseducatius.xtec.cat\/garrigues\/?p=10348"},"modified":"2019-01-25T13:43:25","modified_gmt":"2019-01-25T12:43:25","slug":"propostes-per-treballar-el-projecte-comu-lectura","status":"publish","type":"post","link":"https:\/\/serveiseducatius.xtec.cat\/garrigues\/dinamitzacio\/propostes-per-treballar-el-projecte-comu-lectura\/","title":{"rendered":"Propostes per treballar el Projecte Com\u00fa Lectura"},"content":{"rendered":"<ul class=\"n8H08c UVNKR\">\n<li id=\"h.p_HGX4XmzSA4we\" class=\"zfr3Q TYR86d\">\n<blockquote><p><a class=\"dhtgD\" href=\"http:\/\/www.google.com\/url?q=http%3A%2F%2Fwww.super3.cat%2Funamadecontes%2Fconte%2Faladi-i-la-llantia-meravellosa%2Fcatala%2F1071&amp;sa=D&amp;sntz=1&amp;usg=AFQjCNHqfIJubyCBClQpr-tNiyMo4w-J2Q\" target=\"_blank\" rel=\"noopener\">Alad\u00ed i la ll\u00e0ntia meravellosa | Els contes | Una m\u00e0 de contes \u2013 Super3<\/a><\/p><\/blockquote>\n<\/li>\n<li id=\"h.p_x0h4_jQsCp8H\" class=\"zfr3Q TYR86d\">\n<blockquote><p><a class=\"dhtgD\" href=\"http:\/\/www.google.com\/url?q=http%3A%2F%2Fwww.super3.cat%2Fmultimedia%2Fpdf%2F9%2F6%2F1314094381569.pdf&amp;sa=D&amp;sntz=1&amp;usg=AFQjCNHLXAq0w8590Rko0tAlaQI40kP1nA\" target=\"_blank\" rel=\"noopener\">Alad\u00ed i la ll\u00e0ntia meravellosa. pdf<\/a><\/p><\/blockquote>\n<\/li>\n<li id=\"h.p_Ie8m_P0tCPn3\" class=\"zfr3Q TYR86d\">\n<blockquote><p><a href=\"http:\/\/www.super3.cat\/unamadecontes\/conte\/sindbad-el-mari\/catala\/1072\">Sindbad el mar\u00ed<\/a><\/p><\/blockquote>\n<\/li>\n<li id=\"h.p_XzJbSH8eD5GH\" class=\"zfr3Q TYR86d\">\n<blockquote><p><a href=\"http:\/\/www.super3.cat\/unamadecontes\/conte\/xahrazad\/catala\/1090\">Xahrazad<\/a><\/p><\/blockquote>\n<\/li>\n<li id=\"h.p_XBCrC7dpFmnR\" class=\"zfr3Q TYR86d\">\n<blockquote><p><a class=\"dhtgD\" href=\"http:\/\/www.google.com\/url?q=http%3A%2F%2Fwww.lecturafacil.net%2Fmedia%2Fresources%2F140414_Sarazad_definitiu_nivell_alt_6KVM20N.pdf&amp;sa=D&amp;sntz=1&amp;usg=AFQjCNEd-eDpPGHuI41XsAUen0B37FWPdw\" target=\"_blank\" rel=\"noopener\">Sarazad i les mil i una nits. Versi\u00f3 de M. Carme Bernal<\/a> .<\/p><\/blockquote>\n<\/li>\n<li id=\"h.p_3Eofeml-EBw_\" class=\"zfr3Q TYR86d\">\n<blockquote><p><a href=\"http:\/\/www.super3.cat\/unamadecontes\/conte\/jaudar-i-els-seus-germans\/catala\/1110\">Jaudar i els seus germans<\/a><\/p><\/blockquote>\n<\/li>\n<li>\n<blockquote><p><a href=\"http:\/\/paresinens.cat\/revistainfantil-jp\/xharazad-les-mil-i-una-nits\/\">El conte de Xharazad<\/a><\/p><\/blockquote>\n<\/li>\n<li id=\"h.p_-nct0iZy_Ip1\" class=\"zfr3Q TYR86d\">\n<blockquote><p><a class=\"dhtgD\" href=\"https:\/\/www.google.com\/url?q=https%3A%2F%2Fwww.clijcat.cat%2Ffaristol%2Fcritica%2FLes-mil-i-una-nits&amp;sa=D&amp;sntz=1&amp;usg=AFQjCNH75TOyo67TwOdbcyCZTKPmWwV38w\" target=\"_blank\" rel=\"noopener\">https:\/\/www.clijcat.cat\/faristol\/\/Les-mil-i-una-nits<\/a><\/p><\/blockquote>\n<\/li>\n<li id=\"h.p_2OauXmBs_Ip2\" class=\"zfr3Q TYR86d\">\n<blockquote><p><a class=\"dhtgD\" href=\"http:\/\/www.google.com\/url?q=http%3A%2F%2Fsilviacantos.blogspot.com%2F2015%2F04%2Fressenya-el-darrer-conte-de-les-mil-i.html&amp;sa=D&amp;sntz=1&amp;usg=AFQjCNGJrqb2aTFuAe1O5s9Zb8FNX414wg\" target=\"_blank\" rel=\"noopener\">El darrer conte de Les mil i una nits<\/a><\/p><\/blockquote>\n<\/li>\n<li id=\"h.p_IPkPzRVw-4NC\" class=\"zfr3Q TYR86d\">\n<blockquote><p><a class=\"dhtgD\" href=\"https:\/\/www.google.com\/url?q=https%3A%2F%2Fwww.biografiasyvidas.com%2Fbiografia%2Fz%2Fziryab.htm&amp;sa=D&amp;sntz=1&amp;usg=AFQjCNEHixCydqsAEiYIB1q8RuJCOggctA\" target=\"_blank\" rel=\"noopener\">Biografia: Ziryab<\/a> (conegut com <a class=\"dhtgD\" href=\"http:\/\/www.google.com\/url?q=http%3A%2F%2Fwww.xtec.cat%2F~fturmo%2Fd108%2Focells%2Fmerla.htm&amp;sa=D&amp;sntz=1&amp;usg=AFQjCNEpBnGQAH5aJAOmfKF8zKjA27WLHg\" target=\"_blank\" rel=\"noopener\">la merla negra<\/a>)<\/p><\/blockquote>\n<\/li>\n<li>\n<blockquote>\n<p id=\"h.p_3FaaiPR6Vad6\" class=\"zfr3Q\"><a class=\"dhtgD\" href=\"http:\/\/www.google.com\/url?q=http%3A%2F%2Fparesinens.cat%2Frevistainfantil-jp%2Fxharazad-les-mil-i-una-nits%2F&amp;sa=D&amp;sntz=1&amp;usg=AFQjCNGERnUq-B1oq_rFBwf-IjhhQGSRHw\" target=\"_blank\" rel=\"noopener\">Revista infantil. Xahrazad<\/a><\/p>\n<\/blockquote>\n<\/li>\n<li>\n<blockquote>\n<p id=\"h.p_3FaaiPR6Vad6\" class=\"zfr3Q\"><a class=\"dhtgD\" href=\"http:\/\/www.google.com\/url?q=http%3A%2F%2Fwww.lecturafacil.net%2Fmedia%2Fresources%2F140414_Sarazad_definitiu_nivell_alt_6KVM20N.pdf&amp;sa=D&amp;sntz=1&amp;usg=AFQjCNEd-eDpPGHuI41XsAUen0B37FWPdw\" target=\"_blank\" rel=\"noopener\">Dossier activitats- Lectura f\u00e0cil: Sarazad i les Mil i una nits<\/a><\/p>\n<\/blockquote>\n<\/li>\n<li>\n<blockquote>\n<p id=\"h.p_AVjOYE3DVQg6\" class=\"zfr3Q\">\u00a0<a class=\"dhtgD\" href=\"https:\/\/drive.google.com\/open?id=13Mf8DJbjbgC-K8uNf48A_OIdG_7nnrmc\" target=\"_blank\" rel=\"noopener\">Activitats lectura &#8220;Las mil y una noches&#8221;<\/a><\/p>\n<\/blockquote>\n<\/li>\n<li>\n<blockquote>\n<p id=\"h.p_AVjOYE3DVQg6\" class=\"zfr3Q\"><a class=\"dhtgD\" href=\"https:\/\/drive.google.com\/open?id=1IoBbe_nZA4C0NZVBPyshfAvK9Tkmxio0\" target=\"_blank\" rel=\"noopener\">Activitats lectura (abans, durant, despr\u00e9s): Al\u00ed Baba y los cuarenta ladrones, Las tres manzanas&#8230;<\/a><\/p>\n<\/blockquote>\n<\/li>\n<li>\n<blockquote>\n<p id=\"h.p_xaSnAsDUhKfx\" class=\"zfr3Q\"><a class=\"dhtgD\" href=\"http:\/\/www.google.com\/url?q=http%3A%2F%2Fmuseudelleida.cat%2Fmaterials-didactics%2Fles-mil-i-una-nits%2F&amp;sa=D&amp;sntz=1&amp;usg=AFQjCNGdY35IHhreyrjAYeRoR2z6Xnmslw\" target=\"_blank\" rel=\"noopener\">Col\u00b7lecci\u00f3 permanent al museu de Lleida<\/a><\/p>\n<\/blockquote>\n<\/li>\n<li>\n<blockquote>\n<p id=\"h.p_xaSnAsDUhKfx\" class=\"zfr3Q\"><a class=\"dhtgD\" href=\"https:\/\/www.google.com\/url?q=https%3A%2F%2Fwww.slideshare.net%2FCLAUDIAPAULINACASTRO%2Fproyecto-de-segundo-ciclo-las-mil-y-una-noche&amp;sa=D&amp;sntz=1&amp;usg=AFQjCNFRX-SqY_Oj0GdE6pjlUkOXA6zvFw\" target=\"_blank\" rel=\"noopener\">Projecte &#8220;Les Mil i una Nits&#8221;<\/a><\/p>\n<\/blockquote>\n<\/li>\n<li>\n<blockquote>\n<p id=\"h.p_xaSnAsDUhKfx\" class=\"zfr3Q\"><a class=\"dhtgD\" href=\"https:\/\/www.youtube.com\/watch?v=RS46pbmD-Ug\" target=\"_blank\" rel=\"noopener\">Al\u00ed Bab\u00e1 y los Cuarenta Ladrones<\/a> (conte audiovisual)<\/p>\n<\/blockquote>\n<\/li>\n<li>\n<blockquote>\n<p id=\"h.p_xaSnAsDUhKfx\" class=\"zfr3Q\">Il\u00b7lustracions realitzades per Dal\u00ed sobre &#8220;<a class=\"dhtgD\" href=\"https:\/\/www.youtube.com\/watch?v=ipKuFLm7EPA\" target=\"_blank\" rel=\"noopener\">Les mil i una nits&#8221;<\/a><\/p>\n<\/blockquote>\n<\/li>\n<\/ul>\n","protected":false},"excerpt":{"rendered":"<p>En el seg\u00fcent article podeu trobar diferents propostes per treballar el Projecte Com\u00fa de Lesctura &#8220;Les mil i una nits&#8221;<\/p>\n","protected":false},"author":3,"featured_media":10318,"comment_status":"open","ping_status":"closed","sticky":false,"template":"","format":"standard","meta":{"_bbp_topic_count":0,"_bbp_reply_count":0,"_bbp_total_topic_count":0,"_bbp_total_reply_count":0,"_bbp_voice_count":0,"_bbp_anonymous_reply_count":0,"_bbp_topic_count_hidden":0,"_bbp_reply_count_hidden":0,"_bbp_forum_subforum_count":0,"site-sidebar-layout":"default","site-content-layout":"","ast-site-content-layout":"","site-content-style":"default","site-sidebar-style":"default","ast-global-header-display":"","ast-banner-title-visibility":"","ast-main-header-display":"","ast-hfb-above-header-display":"","ast-hfb-below-header-display":"","ast-hfb-mobile-header-display":"","site-post-title":"","ast-breadcrumbs-content":"","ast-featured-img":"","footer-sml-layout":"","theme-transparent-header-meta":"","adv-header-id-meta":"","stick-header-meta":"","header-above-stick-meta":"","header-main-stick-meta":"","header-below-stick-meta":"","astra-migrate-meta-layouts":"default","ast-page-background-enabled":"default","ast-page-background-meta":{"desktop":{"background-color":"var(--ast-global-color-4)","background-image":"","background-repeat":"repeat","background-position":"center center","background-size":"auto","background-attachment":"scroll","background-type":"","background-media":"","overlay-type":"","overlay-color":"","overlay-opacity":"","overlay-gradient":""},"tablet":{"background-color":"","background-image":"","background-repeat":"repeat","background-position":"center center","background-size":"auto","background-attachment":"scroll","background-type":"","background-media":"","overlay-type":"","overlay-color":"","overlay-opacity":"","overlay-gradient":""},"mobile":{"background-color":"","background-image":"","background-repeat":"repeat","background-position":"center center","background-size":"auto","background-attachment":"scroll","background-type":"","background-media":"","overlay-type":"","overlay-color":"","overlay-opacity":"","overlay-gradient":""}},"ast-content-background-meta":{"desktop":{"background-color":"var(--ast-global-color-5)","background-image":"","background-repeat":"repeat","background-position":"center center","background-size":"auto","background-attachment":"scroll","background-type":"","background-media":"","overlay-type":"","overlay-color":"","overlay-opacity":"","overlay-gradient":""},"tablet":{"background-color":"var(--ast-global-color-5)","background-image":"","background-repeat":"repeat","background-position":"center center","background-size":"auto","background-attachment":"scroll","background-type":"","background-media":"","overlay-type":"","overlay-color":"","overlay-opacity":"","overlay-gradient":""},"mobile":{"background-color":"var(--ast-global-color-5)","background-image":"","background-repeat":"repeat","background-position":"center center","background-size":"auto","background-attachment":"scroll","background-type":"","background-media":"","overlay-type":"","overlay-color":"","overlay-opacity":"","overlay-gradient":""}},"footnotes":""},"categories":[81,66],"tags":[],"class_list":["post-10348","post","type-post","status-publish","format-standard","has-post-thumbnail","hentry","category-biblioteca-escolar","category-dinamitzacio"],"post_mailing_queue_ids":[],"_links":{"self":[{"href":"https:\/\/serveiseducatius.xtec.cat\/garrigues\/wp-json\/wp\/v2\/posts\/10348","targetHints":{"allow":["GET"]}}],"collection":[{"href":"https:\/\/serveiseducatius.xtec.cat\/garrigues\/wp-json\/wp\/v2\/posts"}],"about":[{"href":"https:\/\/serveiseducatius.xtec.cat\/garrigues\/wp-json\/wp\/v2\/types\/post"}],"author":[{"embeddable":true,"href":"https:\/\/serveiseducatius.xtec.cat\/garrigues\/wp-json\/wp\/v2\/users\/3"}],"replies":[{"embeddable":true,"href":"https:\/\/serveiseducatius.xtec.cat\/garrigues\/wp-json\/wp\/v2\/comments?post=10348"}],"version-history":[{"count":3,"href":"https:\/\/serveiseducatius.xtec.cat\/garrigues\/wp-json\/wp\/v2\/posts\/10348\/revisions"}],"predecessor-version":[{"id":10742,"href":"https:\/\/serveiseducatius.xtec.cat\/garrigues\/wp-json\/wp\/v2\/posts\/10348\/revisions\/10742"}],"wp:featuredmedia":[{"embeddable":true,"href":"https:\/\/serveiseducatius.xtec.cat\/garrigues\/wp-json\/wp\/v2\/media\/10318"}],"wp:attachment":[{"href":"https:\/\/serveiseducatius.xtec.cat\/garrigues\/wp-json\/wp\/v2\/media?parent=10348"}],"wp:term":[{"taxonomy":"category","embeddable":true,"href":"https:\/\/serveiseducatius.xtec.cat\/garrigues\/wp-json\/wp\/v2\/categories?post=10348"},{"taxonomy":"post_tag","embeddable":true,"href":"https:\/\/serveiseducatius.xtec.cat\/garrigues\/wp-json\/wp\/v2\/tags?post=10348"}],"curies":[{"name":"wp","href":"https:\/\/api.w.org\/{rel}","templated":true}]}}