{"id":10340,"date":"2018-09-20T12:19:32","date_gmt":"2018-09-20T10:19:32","guid":{"rendered":"http:\/\/serveiseducatius.xtec.cat\/garrigues\/?p=10340"},"modified":"2025-11-10T11:50:20","modified_gmt":"2025-11-10T10:50:20","slug":"maleta-de-musica","status":"publish","type":"post","link":"https:\/\/serveiseducatius.xtec.cat\/garrigues\/recursos\/prestec-artistica\/maleta-de-musica\/","title":{"rendered":"Maleta de m\u00fasica"},"content":{"rendered":"<p><a href=\"https:\/\/serveiseducatius.xtec.cat\/garrigues\/wp-content\/uploads\/usu142\/2018\/09\/musica.png\"><img loading=\"lazy\" decoding=\"async\" class=\"size-full wp-image-10341 alignleft\" src=\"https:\/\/serveiseducatius.xtec.cat\/garrigues\/wp-content\/uploads\/usu142\/2018\/09\/musica.png\" alt=\"\" width=\"150\" height=\"150\" \/><\/a><\/p>\n<p>&nbsp;<\/p>\n<p>Adre\u00e7ada a l\u2019alumnat de <strong>Llars d&#8217;infants, E. infantil i Cicle inicial de prim\u00e0ria. <\/strong><\/p>\n<p>Consta de <strong>8 llibres musicals amb CD i partitures i 18 CD<\/strong><\/p>\n<p style=\"text-align: center;\">\n<table style=\"width: 794px; height: 1016px;\" width=\"881\">\n<tbody>\n<tr>\n<td style=\"width: 348.469px; text-align: left;\"><strong>LLIBRE<\/strong><\/td>\n<td style=\"width: 201.172px; text-align: left;\"><strong>AUTOR<\/strong><\/td>\n<td style=\"width: 147.297px; text-align: left;\"><strong>EDITORIAL<\/strong><\/td>\n<td style=\"width: 85.0625px; text-align: left;\"><strong>Recursos<\/strong><\/td>\n<\/tr>\n<tr>\n<td style=\"width: 348.469px; text-align: left;\">Aigua. La m\u00fasica que corre<\/td>\n<td style=\"width: 201.172px; text-align: left;\">Vila, Mariona (Selecci\u00f3 musical)<\/td>\n<td style=\"width: 147.297px; text-align: left;\">Escola l&#8217;Auditori<\/td>\n<td style=\"width: 85.0625px; text-align: left;\">Llibre<\/td>\n<\/tr>\n<tr>\n<td style=\"width: 348.469px; text-align: left;\">Ara va de bo i amics. Un m\u00f3n de can\u00e7ons<\/td>\n<td style=\"width: 201.172px; text-align: left;\"><\/td>\n<td style=\"width: 147.297px; text-align: left;\">Discmedia blau<\/td>\n<td style=\"width: 85.0625px; text-align: left;\">CD<\/td>\n<\/tr>\n<tr>\n<td style=\"width: 348.469px; text-align: left;\">Baby einstein. Baby Bach<\/td>\n<td style=\"width: 201.172px; text-align: left;\"><\/td>\n<td style=\"width: 147.297px; text-align: left;\">Julieclarkmusic<\/td>\n<td style=\"width: 85.0625px; text-align: left;\">CD<\/td>\n<\/tr>\n<tr>\n<td style=\"width: 348.469px; text-align: left;\">Baby einstein. Baby Beethoven<\/td>\n<td style=\"width: 201.172px; text-align: left;\"><\/td>\n<td style=\"width: 147.297px; text-align: left;\">Julieclarkmusic<\/td>\n<td style=\"width: 85.0625px; text-align: left;\">CD<\/td>\n<\/tr>\n<tr>\n<td style=\"width: 348.469px; text-align: left;\">Baby einstein. Baby Mozart<\/td>\n<td style=\"width: 201.172px; text-align: left;\"><\/td>\n<td style=\"width: 147.297px; text-align: left;\">Julieclarkmusic<\/td>\n<td style=\"width: 85.0625px; text-align: left;\">CD<\/td>\n<\/tr>\n<tr>\n<td style=\"width: 348.469px; text-align: left;\">Beatles para beb\u00e9s<\/td>\n<td style=\"width: 201.172px; text-align: left;\"><\/td>\n<td style=\"width: 147.297px; text-align: left;\">Dm<\/td>\n<td style=\"width: 85.0625px; text-align: left;\">CD<\/td>\n<\/tr>\n<tr>\n<td style=\"width: 348.469px; text-align: left;\">Cada festa, una can\u00e7\u00f3<\/td>\n<td style=\"width: 201.172px; text-align: left;\">Rivas, No\u00e8<\/td>\n<td style=\"width: 147.297px; text-align: left;\">Baula<\/td>\n<td style=\"width: 85.0625px; text-align: left;\">Llibre<\/td>\n<\/tr>\n<tr>\n<td style=\"width: 348.469px; text-align: left;\">Canciones infantiles. Rosa Le\u00f3n<\/td>\n<td style=\"width: 201.172px; text-align: left;\">Elena Walsh, Mar\u00eda<\/td>\n<td style=\"width: 147.297px; text-align: left;\"><a href=\"mailto:fon@music\">fon@music<\/a><\/td>\n<td style=\"width: 85.0625px; text-align: left;\">CD<\/td>\n<\/tr>\n<tr>\n<td style=\"width: 348.469px; text-align: left;\">Can\u00e7ons per aprendre. 0 a 3 anys. Vol. 1<\/td>\n<td style=\"width: 201.172px; text-align: left;\">Gelabert, D\u00e0maris<\/td>\n<td style=\"width: 147.297px; text-align: left;\">Tot sona records<\/td>\n<td style=\"width: 85.0625px; text-align: left;\">CD<\/td>\n<\/tr>\n<tr>\n<td style=\"width: 348.469px; text-align: left;\">Can\u00e7ons per aprendre. 0 a 3 anys. Vol. 2<\/td>\n<td style=\"width: 201.172px; text-align: left;\">Gelabert, D\u00e0maris<\/td>\n<td style=\"width: 147.297px; text-align: left;\">Tot sona records<\/td>\n<td style=\"width: 85.0625px; text-align: left;\">CD<\/td>\n<\/tr>\n<tr>\n<td style=\"width: 348.469px; text-align: left;\">Can\u00e7ons per aprendre. 3 a 7 anys. Vol. 1<\/td>\n<td style=\"width: 201.172px; text-align: left;\">Gelabert, D\u00e0maris<\/td>\n<td style=\"width: 147.297px; text-align: left;\">Tot sona records<\/td>\n<td style=\"width: 85.0625px; text-align: left;\">CD<\/td>\n<\/tr>\n<tr>\n<td style=\"width: 348.469px; text-align: left;\">Can\u00e7ons per aprendre. 3 a 7 anys. Vol. 2<\/td>\n<td style=\"width: 201.172px; text-align: left;\">Gelabert, D\u00e0maris<\/td>\n<td style=\"width: 147.297px; text-align: left;\">Tot sona records<\/td>\n<td style=\"width: 85.0625px; text-align: left;\">CD<\/td>\n<\/tr>\n<tr>\n<td style=\"width: 348.469px; text-align: left;\">Can\u00e7ons per aprendre. 7 a 9 anys. Vol. 1<\/td>\n<td style=\"width: 201.172px; text-align: left;\">Gelabert, D\u00e0maris<\/td>\n<td style=\"width: 147.297px; text-align: left;\">Tot sona records<\/td>\n<td style=\"width: 85.0625px; text-align: left;\">CD<\/td>\n<\/tr>\n<tr>\n<td style=\"width: 348.469px; text-align: left;\">Can\u00e7ons Populars + noves<\/td>\n<td style=\"width: 201.172px; text-align: left;\">Gelabert, D\u00e0maris<\/td>\n<td style=\"width: 147.297px; text-align: left;\">Tot sona records<\/td>\n<td style=\"width: 85.0625px; text-align: left;\">CD<\/td>\n<\/tr>\n<tr>\n<td style=\"width: 348.469px; text-align: left;\">El poble de vent i de fusta<\/td>\n<td style=\"width: 201.172px; text-align: left;\"><\/td>\n<td style=\"width: 147.297px; text-align: left;\">Escola l&#8217;Auditori<\/td>\n<td style=\"width: 85.0625px; text-align: left;\">Llibre<\/td>\n<\/tr>\n<tr>\n<td style=\"width: 348.469px; text-align: left;\">Els colors del metall<\/td>\n<td style=\"width: 201.172px; text-align: left;\">Gol, Pep (Selecci\u00f3 musical)<\/td>\n<td style=\"width: 147.297px; text-align: left;\">Escola l&#8217;Auditori<\/td>\n<td style=\"width: 85.0625px; text-align: left;\">Llibre<\/td>\n<\/tr>\n<tr>\n<td style=\"width: 348.469px; text-align: left;\">Emocions i Sentiments. Contes i can\u00e7ons<\/td>\n<td style=\"width: 201.172px; text-align: left;\"><\/td>\n<td style=\"width: 147.297px; text-align: left;\">Tot sona records<\/td>\n<td style=\"width: 85.0625px; text-align: left;\">CD<\/td>\n<\/tr>\n<tr>\n<td style=\"width: 348.469px; text-align: left;\">Jocs de falda<\/td>\n<td style=\"width: 201.172px; text-align: left;\"><\/td>\n<td style=\"width: 147.297px; text-align: left;\">Discmedia, S.A.<\/td>\n<td style=\"width: 85.0625px; text-align: left;\">CD<\/td>\n<\/tr>\n<tr>\n<td style=\"width: 348.469px; text-align: left;\">La Caixa de Joguines. Conte Musical per a nens<\/td>\n<td style=\"width: 201.172px; text-align: left;\"><\/td>\n<td style=\"width: 147.297px; text-align: left;\"><\/td>\n<td style=\"width: 85.0625px; text-align: left;\">CD<\/td>\n<\/tr>\n<tr>\n<td style=\"width: 348.469px; text-align: left;\">La volta al m\u00f3n en 25 can\u00e7ons<\/td>\n<td style=\"width: 201.172px; text-align: left;\">Gim\u00e9nez, Toni<\/td>\n<td style=\"width: 147.297px; text-align: left;\">La Galera<\/td>\n<td style=\"width: 85.0625px; text-align: left;\">Llibre<\/td>\n<\/tr>\n<tr>\n<td style=\"width: 348.469px; text-align: left;\">Nanas del Mundo<\/td>\n<td style=\"width: 201.172px; text-align: left;\">Varis<\/td>\n<td style=\"width: 147.297px; text-align: left;\">Harmonia mundi<\/td>\n<td style=\"width: 85.0625px; text-align: left;\">CD<\/td>\n<\/tr>\n<tr>\n<td style=\"width: 348.469px; text-align: left;\">Petites peces de sucre. De 0 a 3 anys<\/td>\n<td style=\"width: 201.172px; text-align: left;\"><\/td>\n<td style=\"width: 147.297px; text-align: left;\">Picap<\/td>\n<td style=\"width: 85.0625px; text-align: left;\">CD<\/td>\n<\/tr>\n<tr>\n<td style=\"width: 348.469px; text-align: left;\">Superm\u00fasics. Els infants componen can\u00e7ons<\/td>\n<td style=\"width: 201.172px; text-align: left;\"><\/td>\n<td style=\"width: 147.297px; text-align: left;\">CMdeMC<\/td>\n<td style=\"width: 85.0625px; text-align: left;\">Llibre<\/td>\n<\/tr>\n<tr>\n<td style=\"width: 348.469px; text-align: left;\">Tat! Recull de moixaines, jocs i can\u00e7ons per a infants<\/td>\n<td style=\"width: 201.172px; text-align: left;\">Badia Sol\u00e9, Marta; Vidal Monbr\u00fa, \u00c0ngels<\/td>\n<td style=\"width: 147.297px; text-align: left;\">Arola Editors<\/td>\n<td style=\"width: 85.0625px; text-align: left;\">Llibre<\/td>\n<\/tr>\n<tr>\n<td style=\"width: 348.469px; text-align: left;\">Un tren de can\u00e7ons<\/td>\n<td style=\"width: 201.172px; text-align: left;\">Jordi Tonietti<\/td>\n<td style=\"width: 147.297px; text-align: left;\">Bolet Records<\/td>\n<td style=\"width: 85.0625px; text-align: left;\">CD<\/td>\n<\/tr>\n<tr>\n<td style=\"width: 348.469px; text-align: left;\">Wimoweh. Els camins de la veu<\/td>\n<td style=\"width: 201.172px; text-align: left;\"><\/td>\n<td style=\"width: 147.297px; text-align: left;\">Escola l&#8217;Auditori<\/td>\n<td style=\"width: 85.0625px; text-align: center;\">Llibre<\/td>\n<\/tr>\n<\/tbody>\n<\/table>\n","protected":false},"excerpt":{"rendered":"<p>Adre\u00e7ada a l\u2019alumnat de llars d&#8217;infants , E. infantil i Cicle inicial de prim\u00e0ria.<br \/>\nConsta de 8 llibres musicals amb CD i partitures i 18 CD <\/p>\n","protected":false},"author":3,"featured_media":10341,"comment_status":"open","ping_status":"closed","sticky":false,"template":"","format":"standard","meta":{"_bbp_topic_count":0,"_bbp_reply_count":0,"_bbp_total_topic_count":0,"_bbp_total_reply_count":0,"_bbp_voice_count":0,"_bbp_anonymous_reply_count":0,"_bbp_topic_count_hidden":0,"_bbp_reply_count_hidden":0,"_bbp_forum_subforum_count":0,"site-sidebar-layout":"default","site-content-layout":"","ast-site-content-layout":"","site-content-style":"default","site-sidebar-style":"default","ast-global-header-display":"","ast-banner-title-visibility":"","ast-main-header-display":"","ast-hfb-above-header-display":"","ast-hfb-below-header-display":"","ast-hfb-mobile-header-display":"","site-post-title":"","ast-breadcrumbs-content":"","ast-featured-img":"","footer-sml-layout":"","theme-transparent-header-meta":"","adv-header-id-meta":"","stick-header-meta":"","header-above-stick-meta":"","header-main-stick-meta":"","header-below-stick-meta":"","astra-migrate-meta-layouts":"default","ast-page-background-enabled":"default","ast-page-background-meta":{"desktop":{"background-color":"var(--ast-global-color-4)","background-image":"","background-repeat":"repeat","background-position":"center center","background-size":"auto","background-attachment":"scroll","background-type":"","background-media":"","overlay-type":"","overlay-color":"","overlay-opacity":"","overlay-gradient":""},"tablet":{"background-color":"","background-image":"","background-repeat":"repeat","background-position":"center center","background-size":"auto","background-attachment":"scroll","background-type":"","background-media":"","overlay-type":"","overlay-color":"","overlay-opacity":"","overlay-gradient":""},"mobile":{"background-color":"","background-image":"","background-repeat":"repeat","background-position":"center center","background-size":"auto","background-attachment":"scroll","background-type":"","background-media":"","overlay-type":"","overlay-color":"","overlay-opacity":"","overlay-gradient":""}},"ast-content-background-meta":{"desktop":{"background-color":"var(--ast-global-color-5)","background-image":"","background-repeat":"repeat","background-position":"center center","background-size":"auto","background-attachment":"scroll","background-type":"","background-media":"","overlay-type":"","overlay-color":"","overlay-opacity":"","overlay-gradient":""},"tablet":{"background-color":"var(--ast-global-color-5)","background-image":"","background-repeat":"repeat","background-position":"center center","background-size":"auto","background-attachment":"scroll","background-type":"","background-media":"","overlay-type":"","overlay-color":"","overlay-opacity":"","overlay-gradient":""},"mobile":{"background-color":"var(--ast-global-color-5)","background-image":"","background-repeat":"repeat","background-position":"center center","background-size":"auto","background-attachment":"scroll","background-type":"","background-media":"","overlay-type":"","overlay-color":"","overlay-opacity":"","overlay-gradient":""}},"footnotes":""},"categories":[343],"tags":[305],"class_list":["post-10340","post","type-post","status-publish","format-standard","has-post-thumbnail","hentry","category-prestec-artistica","tag-crp-maletapedagogica"],"post_mailing_queue_ids":[],"_links":{"self":[{"href":"https:\/\/serveiseducatius.xtec.cat\/garrigues\/wp-json\/wp\/v2\/posts\/10340","targetHints":{"allow":["GET"]}}],"collection":[{"href":"https:\/\/serveiseducatius.xtec.cat\/garrigues\/wp-json\/wp\/v2\/posts"}],"about":[{"href":"https:\/\/serveiseducatius.xtec.cat\/garrigues\/wp-json\/wp\/v2\/types\/post"}],"author":[{"embeddable":true,"href":"https:\/\/serveiseducatius.xtec.cat\/garrigues\/wp-json\/wp\/v2\/users\/3"}],"replies":[{"embeddable":true,"href":"https:\/\/serveiseducatius.xtec.cat\/garrigues\/wp-json\/wp\/v2\/comments?post=10340"}],"version-history":[{"count":3,"href":"https:\/\/serveiseducatius.xtec.cat\/garrigues\/wp-json\/wp\/v2\/posts\/10340\/revisions"}],"predecessor-version":[{"id":22951,"href":"https:\/\/serveiseducatius.xtec.cat\/garrigues\/wp-json\/wp\/v2\/posts\/10340\/revisions\/22951"}],"wp:featuredmedia":[{"embeddable":true,"href":"https:\/\/serveiseducatius.xtec.cat\/garrigues\/wp-json\/wp\/v2\/media\/10341"}],"wp:attachment":[{"href":"https:\/\/serveiseducatius.xtec.cat\/garrigues\/wp-json\/wp\/v2\/media?parent=10340"}],"wp:term":[{"taxonomy":"category","embeddable":true,"href":"https:\/\/serveiseducatius.xtec.cat\/garrigues\/wp-json\/wp\/v2\/categories?post=10340"},{"taxonomy":"post_tag","embeddable":true,"href":"https:\/\/serveiseducatius.xtec.cat\/garrigues\/wp-json\/wp\/v2\/tags?post=10340"}],"curies":[{"name":"wp","href":"https:\/\/api.w.org\/{rel}","templated":true}]}}