{"id":10315,"date":"2018-09-13T17:06:17","date_gmt":"2018-09-13T15:06:17","guid":{"rendered":"http:\/\/serveiseducatius.xtec.cat\/garrigues\/?p=10315"},"modified":"2019-09-04T10:47:30","modified_gmt":"2019-09-04T08:47:30","slug":"setmana-bio-a-lescola-2018","status":"publish","type":"post","link":"https:\/\/serveiseducatius.xtec.cat\/garrigues\/projectes\/escola-verda\/setmana-bio-a-lescola-2018\/","title":{"rendered":"Setmana Bio a l&#8217;escola 2018"},"content":{"rendered":"<p class=\"p1\"><span class=\"s1\">La\u00a0<\/span><strong><span class=\"s2\">Setmana Bio a l\u2019escola<\/span><\/strong><span class=\"s1\"> \u00e9s l\u2019apartat de la <strong>Setmana Bio per l\u2019alimentaci\u00f3 ecol\u00f2gica<\/strong> dedicat a la comunitat educativa. <\/span><\/p>\n<p class=\"p1\"><span class=\"s1\">Aquest any, es celebrar\u00e0 la Setmana Bio a l\u2019escola del <strong>20 al 28 d&#8217;octubre<\/strong>.<\/span><\/p>\n<p class=\"p1\"><span class=\"s1\">El seu objectiu \u00e9s donar a con\u00e8ixer la producci\u00f3 agr\u00e0ria i l\u2019alimentaci\u00f3 ecol\u00f2giques en l\u2019entorn educatiu, tant a l\u2019alumnat com a les fam\u00edlies, mitjan\u00e7ant un programa d\u2019activitats espec\u00edfiques. Al llarg d\u2019aquesta setmana tamb\u00e9 es lliurar\u00e0n els guardons del <strong>Premi Escola, Agricultura i Alimentaci\u00f3 Ecol\u00f2gica<\/strong><\/span><\/p>\n<p>\u00a0<span class=\"s1\">Les activitats de <strong>Setmana Bio a l\u2019escola<\/strong> les pot organitzar qualsevol centre educatiu de Catalunya que tingui inter\u00e8s, ja sigui centre d\u2019educaci\u00f3 infantil, prim\u00e0ria, secund\u00e0ria, batxillerat, educaci\u00f3 professional, educaci\u00f3 especial o llar d\u2019infants. Tamb\u00e9 poden organitzar activitats les associacions i entitats relacionades amb la comunitat educativa, com per exemple les AMPAs, biblioteques, entitats locals o qualsevol altra que tingui inter\u00e8s en fer-ho.<\/span><\/p>\n<p><span class=\"s1\">Totes les activitats de la <strong>Setmana Bio a l\u2019escola<\/strong> han d\u2019estar orientades a desenvolupar les compet\u00e8ncies curriculars b\u00e0siques pr\u00f2pies de cada etapa, pel que fa a l\u2019alumnat, aprofitant les oportunitats que planteja treballar i reflexionar al voltant dels diferents models de producci\u00f3 agr\u00e0ria i de consum alimentari, aix\u00ed com les seves implicacions socials i ambientals.<\/span><\/p>\n<p>Per m\u00e9s <a href=\"http:\/\/setmanabio.cat\/setmana-bio-escola\/\">informaci\u00f3<\/a><\/p>\n","protected":false},"excerpt":{"rendered":"<p>La Setmana Bio a l\u2019escola \u00e9s l\u2019apartat de la Setmana Bio per l\u2019alimentaci\u00f3 ecol\u00f2gica dedicat a la comunitat educativa.  Aquest any es celebrar\u00e0 a l&#8217;escola del 20 al 28 d&#8217;octubre<\/p>\n","protected":false},"author":3,"featured_media":9594,"comment_status":"open","ping_status":"closed","sticky":false,"template":"","format":"standard","meta":{"_bbp_topic_count":0,"_bbp_reply_count":0,"_bbp_total_topic_count":0,"_bbp_total_reply_count":0,"_bbp_voice_count":0,"_bbp_anonymous_reply_count":0,"_bbp_topic_count_hidden":0,"_bbp_reply_count_hidden":0,"_bbp_forum_subforum_count":0,"site-sidebar-layout":"default","site-content-layout":"","ast-site-content-layout":"","site-content-style":"default","site-sidebar-style":"default","ast-global-header-display":"","ast-banner-title-visibility":"","ast-main-header-display":"","ast-hfb-above-header-display":"","ast-hfb-below-header-display":"","ast-hfb-mobile-header-display":"","site-post-title":"","ast-breadcrumbs-content":"","ast-featured-img":"","footer-sml-layout":"","theme-transparent-header-meta":"","adv-header-id-meta":"","stick-header-meta":"","header-above-stick-meta":"","header-main-stick-meta":"","header-below-stick-meta":"","astra-migrate-meta-layouts":"default","ast-page-background-enabled":"default","ast-page-background-meta":{"desktop":{"background-color":"var(--ast-global-color-4)","background-image":"","background-repeat":"repeat","background-position":"center center","background-size":"auto","background-attachment":"scroll","background-type":"","background-media":"","overlay-type":"","overlay-color":"","overlay-opacity":"","overlay-gradient":""},"tablet":{"background-color":"","background-image":"","background-repeat":"repeat","background-position":"center center","background-size":"auto","background-attachment":"scroll","background-type":"","background-media":"","overlay-type":"","overlay-color":"","overlay-opacity":"","overlay-gradient":""},"mobile":{"background-color":"","background-image":"","background-repeat":"repeat","background-position":"center center","background-size":"auto","background-attachment":"scroll","background-type":"","background-media":"","overlay-type":"","overlay-color":"","overlay-opacity":"","overlay-gradient":""}},"ast-content-background-meta":{"desktop":{"background-color":"var(--ast-global-color-5)","background-image":"","background-repeat":"repeat","background-position":"center center","background-size":"auto","background-attachment":"scroll","background-type":"","background-media":"","overlay-type":"","overlay-color":"","overlay-opacity":"","overlay-gradient":""},"tablet":{"background-color":"var(--ast-global-color-5)","background-image":"","background-repeat":"repeat","background-position":"center center","background-size":"auto","background-attachment":"scroll","background-type":"","background-media":"","overlay-type":"","overlay-color":"","overlay-opacity":"","overlay-gradient":""},"mobile":{"background-color":"var(--ast-global-color-5)","background-image":"","background-repeat":"repeat","background-position":"center center","background-size":"auto","background-attachment":"scroll","background-type":"","background-media":"","overlay-type":"","overlay-color":"","overlay-opacity":"","overlay-gradient":""}},"footnotes":""},"categories":[292],"tags":[],"class_list":["post-10315","post","type-post","status-publish","format-standard","has-post-thumbnail","hentry","category-escola-verda"],"post_mailing_queue_ids":[],"_links":{"self":[{"href":"https:\/\/serveiseducatius.xtec.cat\/garrigues\/wp-json\/wp\/v2\/posts\/10315","targetHints":{"allow":["GET"]}}],"collection":[{"href":"https:\/\/serveiseducatius.xtec.cat\/garrigues\/wp-json\/wp\/v2\/posts"}],"about":[{"href":"https:\/\/serveiseducatius.xtec.cat\/garrigues\/wp-json\/wp\/v2\/types\/post"}],"author":[{"embeddable":true,"href":"https:\/\/serveiseducatius.xtec.cat\/garrigues\/wp-json\/wp\/v2\/users\/3"}],"replies":[{"embeddable":true,"href":"https:\/\/serveiseducatius.xtec.cat\/garrigues\/wp-json\/wp\/v2\/comments?post=10315"}],"version-history":[{"count":1,"href":"https:\/\/serveiseducatius.xtec.cat\/garrigues\/wp-json\/wp\/v2\/posts\/10315\/revisions"}],"predecessor-version":[{"id":10316,"href":"https:\/\/serveiseducatius.xtec.cat\/garrigues\/wp-json\/wp\/v2\/posts\/10315\/revisions\/10316"}],"wp:featuredmedia":[{"embeddable":true,"href":"https:\/\/serveiseducatius.xtec.cat\/garrigues\/wp-json\/wp\/v2\/media\/9594"}],"wp:attachment":[{"href":"https:\/\/serveiseducatius.xtec.cat\/garrigues\/wp-json\/wp\/v2\/media?parent=10315"}],"wp:term":[{"taxonomy":"category","embeddable":true,"href":"https:\/\/serveiseducatius.xtec.cat\/garrigues\/wp-json\/wp\/v2\/categories?post=10315"},{"taxonomy":"post_tag","embeddable":true,"href":"https:\/\/serveiseducatius.xtec.cat\/garrigues\/wp-json\/wp\/v2\/tags?post=10315"}],"curies":[{"name":"wp","href":"https:\/\/api.w.org\/{rel}","templated":true}]}}