{"id":10311,"date":"2018-09-13T16:53:58","date_gmt":"2018-09-13T14:53:58","guid":{"rendered":"http:\/\/serveiseducatius.xtec.cat\/garrigues\/?p=10311"},"modified":"2019-09-04T10:47:22","modified_gmt":"2019-09-04T08:47:22","slug":"setmana-de-la-mobilitat-2018","status":"publish","type":"post","link":"https:\/\/serveiseducatius.xtec.cat\/garrigues\/projectes\/escola-verda\/setmana-de-la-mobilitat-2018\/","title":{"rendered":"Setmana de la mobilitat 2018"},"content":{"rendered":"<p>Enguany la Setmana de la Mobilitat Sostenible i Segura que se celebra del 16 al 22 de setembre canvia de nom i es dir\u00e0 <b>Setmana Europea de la Mobilitat<\/b>.<\/p>\n<p>La celebraci\u00f3 de la nova edici\u00f3 es far\u00e0 sota el lema<b> &#8220;Combina i mou-te&#8221; <\/b>i a m\u00e9s de vetllar per una vida saludable, sostenible i segura, tamb\u00e9 refor\u00e7a el potencial de la mobilitat intel\u00b7ligent a l&#8217;hora de contribuir al desenvolupament econ\u00f2mic.<b> Des de l\u2019ATM s&#8217;impulsa accions per promoure i sensibilitzar aquest tipus de mobilitat. <\/b><b>Recordeu que l\u2019adhesi\u00f3 \u00e9s gratu\u00efta.<\/b><\/p>\n<p>D\u2019altra banda, si ho desitgeu (opcional) podeu organitzar alguna activitat (caminada, pedalada, dia sense cotxes, cursa de transports, etc.) \u00a0i emmarcar-la dins l\u2019agenda d\u2019activitats de la setmana, de la qual comen\u00e7arem a fer-ne difusi\u00f3 a partir del setembre. <b>Tenen una proposta d\u2019activitats qu\u00e8 podeu dur a terme si us interessa <\/b>disponible a trav\u00e9s d\u2019<a href=\"http:\/\/territori.gencat.cat\/web\/.content\/home\/03_infraestructures_i_mobilitat\/sem\/recursos\/cataleg\/2018_SMSS_Cataleg_ajuntaments.pdf\" target=\"_blank\" rel=\"noopener noreferrer\" data-saferedirecturl=\"https:\/\/www.google.com\/url?hl=ca&amp;q=http:\/\/territori.gencat.cat\/web\/.content\/home\/03_infraestructures_i_mobilitat\/sem\/recursos\/cataleg\/2018_SMSS_Cataleg_ajuntaments.pdf&amp;source=gmail&amp;ust=1536933144134000&amp;usg=AFQjCNFTOTrsDmJ33fi71mzczni8WgUQqw\">aquest cat\u00e0leg d\u2019activitats<\/a>. Les activitats poden fer-se o no aquella setmana.<\/p>\n<p><strong>Qu\u00e8 cal fer per adherir-se?<\/strong><\/p>\n<ol>\n<li>Omplir el <a href=\"http:\/\/territori.gencat.cat\/ca\/03_infraestructures_i_mobilitat\/sem\/adhesions\/entitats\/formulari-dadhesio\/\" data-saferedirecturl=\"https:\/\/www.google.com\/url?hl=ca&amp;q=http:\/\/territori.gencat.cat\/ca\/03_infraestructures_i_mobilitat\/sem\/adhesions\/entitats\/formulari-dadhesio\/&amp;source=gmail&amp;ust=1536933144134000&amp;usg=AFQjCNE0Uoei2VewVhqHie4PFwFO9Xdqcw\">formulari que trobareu al web de la Setmana<\/a>. Cal adjuntar la <a href=\"http:\/\/territori.gencat.cat\/web\/.content\/home\/03_infraestructures_i_mobilitat\/sem\/adhesions\/2018-SMSS_carta_adhesio_entitats.zip\" data-saferedirecturl=\"https:\/\/www.google.com\/url?hl=ca&amp;q=http:\/\/territori.gencat.cat\/web\/.content\/home\/03_infraestructures_i_mobilitat\/sem\/adhesions\/2018-SMSS_carta_adhesio_entitats.zip&amp;source=gmail&amp;ust=1536933144134000&amp;usg=AFQjCNELorkBCIwC-veKKckg862fu353FA\">Carta d\u2019adhesi\u00f3<\/a> a la Setmana signada pel director o president de l\u2019entitat. No \u00e9s obligatori realitzar una activitat o bona pr\u00e0ctica.<\/li>\n<li>En el cas que feu una bona pr\u00e0ctica o activitat per celebrar la Setmana de la Mobilitat cal incloure-la a l&#8217;agenda d&#8217;activitats de la Setmana, omplint <a href=\"http:\/\/territori.gencat.cat\/ca\/03_infraestructures_i_mobilitat\/sem\/activitats\/formulari-dactivitats\/\" data-saferedirecturl=\"https:\/\/www.google.com\/url?hl=ca&amp;q=http:\/\/territori.gencat.cat\/ca\/03_infraestructures_i_mobilitat\/sem\/activitats\/formulari-dactivitats\/&amp;source=gmail&amp;ust=1536933144134000&amp;usg=AFQjCNGk1lpZedJMd9MzRxOQl2azVTQmJQ\">aquest formulari<\/a> abans del\u00a07 de setembre.\u00a0Podeu veure totes les activitats que es fan a Catalunya a trav\u00e9s d\u2019<a href=\"http:\/\/territori.gencat.cat\/ca\/03_infraestructures_i_mobilitat\/sem\/activitats\/\" data-saferedirecturl=\"https:\/\/www.google.com\/url?hl=ca&amp;q=http:\/\/territori.gencat.cat\/ca\/03_infraestructures_i_mobilitat\/sem\/activitats\/&amp;source=gmail&amp;ust=1536933144134000&amp;usg=AFQjCNFK5SaoAK0OCZ3yMNiBw85Ldt06Pg\">aquest mapa interactiu<\/a>.<\/li>\n<li>Si voleu que la vostra activitat s&#8217;informi dins del web europeu de la Setmana de la Mobilitat, heu d&#8217;entrar al\u00a0<a href=\"http:\/\/www.mobilityweek.eu\/about-mobilityactions\/\" data-saferedirecturl=\"https:\/\/www.google.com\/url?hl=ca&amp;q=http:\/\/www.mobilityweek.eu\/about-mobilityactions\/&amp;source=gmail&amp;ust=1536933144134000&amp;usg=AFQjCNFFBWl0Sc9BHHxnUT3vr1X6CJEi0g\">MOBILITYACTIONS<\/a>.<\/li>\n<\/ol>\n<p>&nbsp;<\/p>\n<p><strong>Teniu m\u00e9s informaci\u00f3 a la documentaci\u00f3 adjuntada i al seg\u00fcent web:<\/strong><br \/>\n<a href=\"http:\/\/mobilitat.gencat.cat\/setmana\" data-saferedirecturl=\"https:\/\/www.google.com\/url?hl=ca&amp;q=http:\/\/mobilitat.gencat.cat\/setmana&amp;source=gmail&amp;ust=1536933144134000&amp;usg=AFQjCNHrRd506oSFMKmVUWTRBbqH-JwPcw\">http:\/\/mobilitat.gencat.cat\/setmana<\/a><\/p>\n","protected":false},"excerpt":{"rendered":"<p>La Setmana Europea de la Mobilitat es celebra del 16 al 22 de setembre de 2018. a celebraci\u00f3 de la nova edici\u00f3 es far\u00e0 sota el lema &#8220;Combina i mou-te&#8221;.<\/p>\n","protected":false},"author":3,"featured_media":10312,"comment_status":"open","ping_status":"closed","sticky":false,"template":"","format":"standard","meta":{"_bbp_topic_count":0,"_bbp_reply_count":0,"_bbp_total_topic_count":0,"_bbp_total_reply_count":0,"_bbp_voice_count":0,"_bbp_anonymous_reply_count":0,"_bbp_topic_count_hidden":0,"_bbp_reply_count_hidden":0,"_bbp_forum_subforum_count":0,"site-sidebar-layout":"default","site-content-layout":"","ast-site-content-layout":"","site-content-style":"default","site-sidebar-style":"default","ast-global-header-display":"","ast-banner-title-visibility":"","ast-main-header-display":"","ast-hfb-above-header-display":"","ast-hfb-below-header-display":"","ast-hfb-mobile-header-display":"","site-post-title":"","ast-breadcrumbs-content":"","ast-featured-img":"","footer-sml-layout":"","theme-transparent-header-meta":"","adv-header-id-meta":"","stick-header-meta":"","header-above-stick-meta":"","header-main-stick-meta":"","header-below-stick-meta":"","astra-migrate-meta-layouts":"default","ast-page-background-enabled":"default","ast-page-background-meta":{"desktop":{"background-color":"var(--ast-global-color-4)","background-image":"","background-repeat":"repeat","background-position":"center center","background-size":"auto","background-attachment":"scroll","background-type":"","background-media":"","overlay-type":"","overlay-color":"","overlay-opacity":"","overlay-gradient":""},"tablet":{"background-color":"","background-image":"","background-repeat":"repeat","background-position":"center center","background-size":"auto","background-attachment":"scroll","background-type":"","background-media":"","overlay-type":"","overlay-color":"","overlay-opacity":"","overlay-gradient":""},"mobile":{"background-color":"","background-image":"","background-repeat":"repeat","background-position":"center center","background-size":"auto","background-attachment":"scroll","background-type":"","background-media":"","overlay-type":"","overlay-color":"","overlay-opacity":"","overlay-gradient":""}},"ast-content-background-meta":{"desktop":{"background-color":"var(--ast-global-color-5)","background-image":"","background-repeat":"repeat","background-position":"center center","background-size":"auto","background-attachment":"scroll","background-type":"","background-media":"","overlay-type":"","overlay-color":"","overlay-opacity":"","overlay-gradient":""},"tablet":{"background-color":"var(--ast-global-color-5)","background-image":"","background-repeat":"repeat","background-position":"center center","background-size":"auto","background-attachment":"scroll","background-type":"","background-media":"","overlay-type":"","overlay-color":"","overlay-opacity":"","overlay-gradient":""},"mobile":{"background-color":"var(--ast-global-color-5)","background-image":"","background-repeat":"repeat","background-position":"center center","background-size":"auto","background-attachment":"scroll","background-type":"","background-media":"","overlay-type":"","overlay-color":"","overlay-opacity":"","overlay-gradient":""}},"footnotes":""},"categories":[292],"tags":[],"class_list":["post-10311","post","type-post","status-publish","format-standard","has-post-thumbnail","hentry","category-escola-verda"],"post_mailing_queue_ids":[],"_links":{"self":[{"href":"https:\/\/serveiseducatius.xtec.cat\/garrigues\/wp-json\/wp\/v2\/posts\/10311","targetHints":{"allow":["GET"]}}],"collection":[{"href":"https:\/\/serveiseducatius.xtec.cat\/garrigues\/wp-json\/wp\/v2\/posts"}],"about":[{"href":"https:\/\/serveiseducatius.xtec.cat\/garrigues\/wp-json\/wp\/v2\/types\/post"}],"author":[{"embeddable":true,"href":"https:\/\/serveiseducatius.xtec.cat\/garrigues\/wp-json\/wp\/v2\/users\/3"}],"replies":[{"embeddable":true,"href":"https:\/\/serveiseducatius.xtec.cat\/garrigues\/wp-json\/wp\/v2\/comments?post=10311"}],"version-history":[{"count":3,"href":"https:\/\/serveiseducatius.xtec.cat\/garrigues\/wp-json\/wp\/v2\/posts\/10311\/revisions"}],"predecessor-version":[{"id":17751,"href":"https:\/\/serveiseducatius.xtec.cat\/garrigues\/wp-json\/wp\/v2\/posts\/10311\/revisions\/17751"}],"wp:featuredmedia":[{"embeddable":true,"href":"https:\/\/serveiseducatius.xtec.cat\/garrigues\/wp-json\/wp\/v2\/media\/10312"}],"wp:attachment":[{"href":"https:\/\/serveiseducatius.xtec.cat\/garrigues\/wp-json\/wp\/v2\/media?parent=10311"}],"wp:term":[{"taxonomy":"category","embeddable":true,"href":"https:\/\/serveiseducatius.xtec.cat\/garrigues\/wp-json\/wp\/v2\/categories?post=10311"},{"taxonomy":"post_tag","embeddable":true,"href":"https:\/\/serveiseducatius.xtec.cat\/garrigues\/wp-json\/wp\/v2\/tags?post=10311"}],"curies":[{"name":"wp","href":"https:\/\/api.w.org\/{rel}","templated":true}]}}