{"id":9857,"date":"2018-11-22T12:41:33","date_gmt":"2018-11-22T11:41:33","guid":{"rendered":"http:\/\/serveiseducatius.xtec.cat\/garraf\/?p=9857"},"modified":"2018-11-22T13:22:18","modified_gmt":"2018-11-22T12:22:18","slug":"seminari-de-trastorn-del-llenguatge-i-la-lectoescriptura","status":"publish","type":"post","link":"https:\/\/serveiseducatius.xtec.cat\/garraf\/general\/seminari-de-trastorn-del-llenguatge-i-la-lectoescriptura\/","title":{"rendered":"Seminari de Trastorn del Llenguatge i la Lectoescriptura"},"content":{"rendered":"<p style=\"padding-left: 30px;\"><span style=\"color: #333399;\">Els dies 15 de gener, 5 \u00a0i 12 de febrer del 2019, des de les 17 a les 19h, tindr\u00e0 lloc a l&#8217;aula de Formaci\u00f3 de l&#8217;Escola Canig\u00f3, <img loading=\"lazy\" decoding=\"async\" class=\"size-medium wp-image-9859 alignright\" src=\"https:\/\/serveiseducatius.xtec.cat\/garraf\/wp-content\/uploads\/usu1185\/2018\/11\/logop\u00e8dia-300x180.jpg\" alt=\"\" width=\"300\" height=\"180\" srcset=\"https:\/\/serveiseducatius.xtec.cat\/garraf\/wp-content\/uploads\/usu1185\/2018\/11\/logop\u00e8dia-300x180.jpg 300w, https:\/\/serveiseducatius.xtec.cat\/garraf\/wp-content\/uploads\/usu1185\/2018\/11\/logop\u00e8dia.jpg 640w\" sizes=\"auto, (max-width: 300px) 100vw, 300px\" \/>\u00a0 \u00a0 \u00a0 \u00a0 \u00a0 \u00a0 \u00a0 \u00a0 \u00a0 \u00a0 \u00a0 \u00a0 \u00a0 \u00a0 \u00a0 \u00a0 \u00a0 \u00a0 \u00a0 \u00a0 \u00a0 \u00a0 \u00a0 \u00a0 \u00a0 \u00a0 \u00a0 \u00a0 organizat per l&#8217;EAP del Garraf i dins de les activitats del Pla de Formaci\u00f3 de Zona, el<\/span><\/p>\n<h4 style=\"padding-left: 180px;\"><span style=\"color: #333399;\"><strong>SEMINARI DE TRASTORN DEL LLENGUATGE <\/strong><\/span><\/h4>\n<h4 style=\"text-align: center;\"><span style=\"color: #333399;\"><strong>I LA LECTOESCRIPTURA,\u00a0 <\/strong><\/span><\/h4>\n<h5 style=\"text-align: center;\"><span style=\"color: #333399;\"><strong>\u00a0a c\u00e0rrec de la Dra. L\u00eddia Rigual<\/strong>,<\/span><\/h5>\n<h6 style=\"text-align: center;\"><span style=\"color: #333399;\">\u00a0professora de Logop\u00e8dia\u00a0i Psicologia de la Universitat Ramon Llull.<\/span><\/h6>\n<p style=\"text-align: left;\"><span style=\"color: #333399;\">\u00a0 \u00a0 \u00a0 \u00a0 \u00a0 \u00a0 \u00a0 \u00a0 \u00a0 \u00a0 \u00a0 \u00a0 \u00a0 \u00a0 \u00a0 \u00a0 \u00a0 \u00a0 \u00a0 \u00a0 \u00a0 \u00a0 \u00a0 \u00a0 \u00a0 \u00a0 <em>Inscripcions tancades per limitaci\u00f3 en l&#8217;aforament,<\/em><\/span><\/p>\n<p>&nbsp;<\/p>\n","protected":false},"excerpt":{"rendered":"<p>Seminari de Trastorn del Llenguatge i la Lectoescriptura, a c\u00e0rrec de la Dra. L\u00eddia Rigual, els dies 15 de gener, 5 i 12 de febrer a la sala de formaci\u00f3.<\/p>\n","protected":false},"author":10,"featured_media":9859,"comment_status":"open","ping_status":"closed","sticky":false,"template":"","format":"standard","meta":{"_bbp_topic_count":0,"_bbp_reply_count":0,"_bbp_total_topic_count":0,"_bbp_total_reply_count":0,"_bbp_voice_count":0,"_bbp_anonymous_reply_count":0,"_bbp_topic_count_hidden":0,"_bbp_reply_count_hidden":0,"_bbp_forum_subforum_count":0,"site-sidebar-layout":"default","site-content-layout":"","ast-site-content-layout":"","site-content-style":"default","site-sidebar-style":"default","ast-global-header-display":"","ast-banner-title-visibility":"","ast-main-header-display":"","ast-hfb-above-header-display":"","ast-hfb-below-header-display":"","ast-hfb-mobile-header-display":"","site-post-title":"","ast-breadcrumbs-content":"","ast-featured-img":"","footer-sml-layout":"","theme-transparent-header-meta":"","adv-header-id-meta":"","stick-header-meta":"","header-above-stick-meta":"","header-main-stick-meta":"","header-below-stick-meta":"","astra-migrate-meta-layouts":"default","ast-page-background-enabled":"default","ast-page-background-meta":{"desktop":{"background-color":"var(--ast-global-color-4)","background-image":"","background-repeat":"repeat","background-position":"center center","background-size":"auto","background-attachment":"scroll","background-type":"","background-media":"","overlay-type":"","overlay-color":"","overlay-opacity":"","overlay-gradient":""},"tablet":{"background-color":"","background-image":"","background-repeat":"repeat","background-position":"center center","background-size":"auto","background-attachment":"scroll","background-type":"","background-media":"","overlay-type":"","overlay-color":"","overlay-opacity":"","overlay-gradient":""},"mobile":{"background-color":"","background-image":"","background-repeat":"repeat","background-position":"center center","background-size":"auto","background-attachment":"scroll","background-type":"","background-media":"","overlay-type":"","overlay-color":"","overlay-opacity":"","overlay-gradient":""}},"ast-content-background-meta":{"desktop":{"background-color":"var(--ast-global-color-5)","background-image":"","background-repeat":"repeat","background-position":"center center","background-size":"auto","background-attachment":"scroll","background-type":"","background-media":"","overlay-type":"","overlay-color":"","overlay-opacity":"","overlay-gradient":""},"tablet":{"background-color":"var(--ast-global-color-5)","background-image":"","background-repeat":"repeat","background-position":"center center","background-size":"auto","background-attachment":"scroll","background-type":"","background-media":"","overlay-type":"","overlay-color":"","overlay-opacity":"","overlay-gradient":""},"mobile":{"background-color":"var(--ast-global-color-5)","background-image":"","background-repeat":"repeat","background-position":"center center","background-size":"auto","background-attachment":"scroll","background-type":"","background-media":"","overlay-type":"","overlay-color":"","overlay-opacity":"","overlay-gradient":""}},"footnotes":""},"categories":[67,1,29],"tags":[],"class_list":["post-9857","post","type-post","status-publish","format-standard","has-post-thumbnail","hentry","category-eap","category-general","category-portada"],"post_mailing_queue_ids":[],"_links":{"self":[{"href":"https:\/\/serveiseducatius.xtec.cat\/garraf\/wp-json\/wp\/v2\/posts\/9857","targetHints":{"allow":["GET"]}}],"collection":[{"href":"https:\/\/serveiseducatius.xtec.cat\/garraf\/wp-json\/wp\/v2\/posts"}],"about":[{"href":"https:\/\/serveiseducatius.xtec.cat\/garraf\/wp-json\/wp\/v2\/types\/post"}],"author":[{"embeddable":true,"href":"https:\/\/serveiseducatius.xtec.cat\/garraf\/wp-json\/wp\/v2\/users\/10"}],"replies":[{"embeddable":true,"href":"https:\/\/serveiseducatius.xtec.cat\/garraf\/wp-json\/wp\/v2\/comments?post=9857"}],"version-history":[{"count":3,"href":"https:\/\/serveiseducatius.xtec.cat\/garraf\/wp-json\/wp\/v2\/posts\/9857\/revisions"}],"predecessor-version":[{"id":9874,"href":"https:\/\/serveiseducatius.xtec.cat\/garraf\/wp-json\/wp\/v2\/posts\/9857\/revisions\/9874"}],"wp:featuredmedia":[{"embeddable":true,"href":"https:\/\/serveiseducatius.xtec.cat\/garraf\/wp-json\/wp\/v2\/media\/9859"}],"wp:attachment":[{"href":"https:\/\/serveiseducatius.xtec.cat\/garraf\/wp-json\/wp\/v2\/media?parent=9857"}],"wp:term":[{"taxonomy":"category","embeddable":true,"href":"https:\/\/serveiseducatius.xtec.cat\/garraf\/wp-json\/wp\/v2\/categories?post=9857"},{"taxonomy":"post_tag","embeddable":true,"href":"https:\/\/serveiseducatius.xtec.cat\/garraf\/wp-json\/wp\/v2\/tags?post=9857"}],"curies":[{"name":"wp","href":"https:\/\/api.w.org\/{rel}","templated":true}]}}