{"id":9209,"date":"2018-10-14T12:34:47","date_gmt":"2018-10-14T10:34:47","guid":{"rendered":"http:\/\/serveiseducatius.xtec.cat\/garraf\/?p=9209"},"modified":"2018-11-08T09:30:11","modified_gmt":"2018-11-08T08:30:11","slug":"jornada-sobre-la-biblioteca-museu-victor-balaguer-de-la-xarxa-del-patrimoni-literari-catala-el-1-de-desembre-del-2018","status":"publish","type":"post","link":"https:\/\/serveiseducatius.xtec.cat\/garraf\/portada\/jornada-sobre-la-biblioteca-museu-victor-balaguer-de-la-xarxa-del-patrimoni-literari-catala-el-1-de-desembre-del-2018\/","title":{"rendered":"Jornada sobre la Biblioteca Museu Victor Balaguer de la Xarxa del Patrimoni Literari catal\u00e0 el 1 de desembre del 2018"},"content":{"rendered":"<p><a href=\"https:\/\/serveiseducatius.xtec.cat\/garraf\/wp-content\/uploads\/usu1185\/2018\/10\/Museu-Balalguer.jpg\"><img loading=\"lazy\" decoding=\"async\" class=\"alignright size-thumbnail wp-image-9210\" src=\"https:\/\/serveiseducatius.xtec.cat\/garraf\/wp-content\/uploads\/usu1185\/2018\/10\/Museu-Balalguer-150x150.jpg\" alt=\"\" width=\"150\" height=\"150\" \/><\/a><\/p>\n<p>Des dels Serveis Territorials a Barcelona Comarques volem promoure enguany la Biblioteca-Museu V\u00edctor Balaguer, de Vilanova i la Geltr\u00fa en una jornada el proper dissabte 1 de desembre de 2018, de 9.30 a 14.30h a la seu de la Biblioteca-museu V\u00edctor Balaguer, avinguda de V\u00edctor Balaguer s\/n, de Vilanova i la Geltr\u00fa.<\/p>\n<p>La jornada permetr\u00e0 acostar els autors literaris a l\u2019ensenyament i inclour\u00e0 una visita al centre i el seu fons bibliogr\u00e0fic <em>Joaquim Molas<\/em>, una confer\u00e8ncia sobre els centres de patrimoni literari com a recurs educatiu i l\u2019espectacle \u201cEspais Enll\u00e0, els cl\u00e0ssics de la literatura en un clic\u201d.<\/p>\n<p>Us podeu inscriure en aquesta activitat clicant aquest\u00a0<em> <a href=\"https:\/\/aplicacions.gestioeducativa.gencat.cat\/pls\/soloas\/pk_for_mod_ins.p_for_detall_activitat?p_header=Llista%20d%27activitats^pk_for_mod_ins.p_for_cons_activitats?p_poblacio=08015%26p_any=2018-2019%26p_totes=s%26p_inici=51%26p_excloure_crp_rec=F&amp;p_codi=2006120555&amp;p_curs=2018-2019&amp;p_excloure_crp_rec=F\">enlla\u00e7.<\/a><\/em><\/p>\n<p>La jornada t\u00e9 com a objectius:<\/p>\n<ul>\n<li>Oferir eines per acostar el patrimoni literari catal\u00e0 a l\u2019ensenyament.<\/li>\n<li>Incentivar la literatura a les aules i despertar el gust per la lectura.<\/li>\n<li>Mostrar les potencialitats educatives dels centres de patrimoni literari.<\/li>\n<li>Promoure les visites i les rutes liter\u00e0ries com a recurs educatiu.<\/li>\n<li>Fomentar el desenvolupament d\u2019una mirada cr\u00edtica i activa.<\/li>\n<\/ul>\n<p><a href=\"https:\/\/serveiseducatius.xtec.cat\/garraf\/wp-content\/uploads\/usu1185\/2018\/10\/Programa_Biblioteca-museu-V\u00edctor-Balaguer.pdf\">Programa_Biblioteca-museu-V\u00edctor-Balaguer<\/a><\/p>\n","protected":false},"excerpt":{"rendered":"<p>El Departament d\u2019Ensenyament i Espais Escrits \u2013 Xarxa del Patrimoni Literari Catal\u00e0 organitza una jornada d\u2019espais literaris per donar a con\u00e8ixer els principals centres del patrimoni literari catal\u00e0.L&#8217;u de sembr\u00e9 es far\u00e0 una jornada sobre la Biblioteca Museu Victor Ballaguer de Vilanova i la Geltr\u00fa<\/p>\n","protected":false},"author":10,"featured_media":9211,"comment_status":"open","ping_status":"closed","sticky":false,"template":"","format":"standard","meta":{"_bbp_topic_count":0,"_bbp_reply_count":0,"_bbp_total_topic_count":0,"_bbp_total_reply_count":0,"_bbp_voice_count":0,"_bbp_anonymous_reply_count":0,"_bbp_topic_count_hidden":0,"_bbp_reply_count_hidden":0,"_bbp_forum_subforum_count":0,"site-sidebar-layout":"default","site-content-layout":"","ast-site-content-layout":"","site-content-style":"default","site-sidebar-style":"default","ast-global-header-display":"","ast-banner-title-visibility":"","ast-main-header-display":"","ast-hfb-above-header-display":"","ast-hfb-below-header-display":"","ast-hfb-mobile-header-display":"","site-post-title":"","ast-breadcrumbs-content":"","ast-featured-img":"","footer-sml-layout":"","theme-transparent-header-meta":"","adv-header-id-meta":"","stick-header-meta":"","header-above-stick-meta":"","header-main-stick-meta":"","header-below-stick-meta":"","astra-migrate-meta-layouts":"default","ast-page-background-enabled":"default","ast-page-background-meta":{"desktop":{"background-color":"var(--ast-global-color-4)","background-image":"","background-repeat":"repeat","background-position":"center center","background-size":"auto","background-attachment":"scroll","background-type":"","background-media":"","overlay-type":"","overlay-color":"","overlay-opacity":"","overlay-gradient":""},"tablet":{"background-color":"","background-image":"","background-repeat":"repeat","background-position":"center center","background-size":"auto","background-attachment":"scroll","background-type":"","background-media":"","overlay-type":"","overlay-color":"","overlay-opacity":"","overlay-gradient":""},"mobile":{"background-color":"","background-image":"","background-repeat":"repeat","background-position":"center center","background-size":"auto","background-attachment":"scroll","background-type":"","background-media":"","overlay-type":"","overlay-color":"","overlay-opacity":"","overlay-gradient":""}},"ast-content-background-meta":{"desktop":{"background-color":"var(--ast-global-color-5)","background-image":"","background-repeat":"repeat","background-position":"center center","background-size":"auto","background-attachment":"scroll","background-type":"","background-media":"","overlay-type":"","overlay-color":"","overlay-opacity":"","overlay-gradient":""},"tablet":{"background-color":"var(--ast-global-color-5)","background-image":"","background-repeat":"repeat","background-position":"center center","background-size":"auto","background-attachment":"scroll","background-type":"","background-media":"","overlay-type":"","overlay-color":"","overlay-opacity":"","overlay-gradient":""},"mobile":{"background-color":"var(--ast-global-color-5)","background-image":"","background-repeat":"repeat","background-position":"center center","background-size":"auto","background-attachment":"scroll","background-type":"","background-media":"","overlay-type":"","overlay-color":"","overlay-opacity":"","overlay-gradient":""}},"footnotes":""},"categories":[68,29],"tags":[],"class_list":["post-9209","post","type-post","status-publish","format-standard","has-post-thumbnail","hentry","category-elic","category-portada"],"post_mailing_queue_ids":[],"_links":{"self":[{"href":"https:\/\/serveiseducatius.xtec.cat\/garraf\/wp-json\/wp\/v2\/posts\/9209","targetHints":{"allow":["GET"]}}],"collection":[{"href":"https:\/\/serveiseducatius.xtec.cat\/garraf\/wp-json\/wp\/v2\/posts"}],"about":[{"href":"https:\/\/serveiseducatius.xtec.cat\/garraf\/wp-json\/wp\/v2\/types\/post"}],"author":[{"embeddable":true,"href":"https:\/\/serveiseducatius.xtec.cat\/garraf\/wp-json\/wp\/v2\/users\/10"}],"replies":[{"embeddable":true,"href":"https:\/\/serveiseducatius.xtec.cat\/garraf\/wp-json\/wp\/v2\/comments?post=9209"}],"version-history":[{"count":2,"href":"https:\/\/serveiseducatius.xtec.cat\/garraf\/wp-json\/wp\/v2\/posts\/9209\/revisions"}],"predecessor-version":[{"id":9214,"href":"https:\/\/serveiseducatius.xtec.cat\/garraf\/wp-json\/wp\/v2\/posts\/9209\/revisions\/9214"}],"wp:featuredmedia":[{"embeddable":true,"href":"https:\/\/serveiseducatius.xtec.cat\/garraf\/wp-json\/wp\/v2\/media\/9211"}],"wp:attachment":[{"href":"https:\/\/serveiseducatius.xtec.cat\/garraf\/wp-json\/wp\/v2\/media?parent=9209"}],"wp:term":[{"taxonomy":"category","embeddable":true,"href":"https:\/\/serveiseducatius.xtec.cat\/garraf\/wp-json\/wp\/v2\/categories?post=9209"},{"taxonomy":"post_tag","embeddable":true,"href":"https:\/\/serveiseducatius.xtec.cat\/garraf\/wp-json\/wp\/v2\/tags?post=9209"}],"curies":[{"name":"wp","href":"https:\/\/api.w.org\/{rel}","templated":true}]}}