{"id":20085,"date":"2026-05-27T09:03:59","date_gmt":"2026-05-27T07:03:59","guid":{"rendered":"https:\/\/serveiseducatius.xtec.cat\/garraf\/?p=20085"},"modified":"2026-07-14T13:21:40","modified_gmt":"2026-07-14T11:21:40","slug":"convocatoria-ulls-de-la-historia-lexperiencia-didactica","status":"publish","type":"post","link":"https:\/\/serveiseducatius.xtec.cat\/garraf\/general\/convocatoria-ulls-de-la-historia-lexperiencia-didactica\/","title":{"rendered":"Convocat\u00f2ria: Ulls de la Hist\u00f2ria. L&#8217;experi\u00e8ncia did\u00e0ctica"},"content":{"rendered":"\n<p>l\u2019Ag\u00e8ncia Catalana del Patrimoni Cultural obre la convocat\u00f2ria per participar a&nbsp;<a href=\"https:\/\/patrimoni.gencat.cat\/ca\/lexperiencia-didactica-0\" target=\"_blank\" rel=\"noreferrer noopener\"><strong><em>Els Ulls de la Hist\u00f2ria. L\u2019experi\u00e8ncia did\u00e0ctica<\/em><\/strong><\/a>&nbsp;durant el curs 2026-2027. Es tracta d\u2019un recurs educatiu gratu\u00eft per a centres de secund\u00e0ria que es basa en Situacions d&#8217;Aprenentatge i que combina activitats a l\u2019aula amb una experi\u00e8ncia immersiva de realitat virtual vinculada al patrimoni cultural catal\u00e0.<\/p>\n\n\n\n<p>Durant una setmana, el projecte instal\u00b7la una Sala Immersiva de Realitat Virtual al centre educatiu (o en un espai municipal acordat),&nbsp;complementada amb materials i propostes did\u00e0ctiques per treballar abans i despr\u00e9s de l\u2019experi\u00e8ncia.<\/p>\n\n\n\n<p>La convocat\u00f2ria estar\u00e0 oberta del&nbsp;<strong><u>18 de maig al 19 de juny de 2026<\/u><\/strong>.<\/p>\n\n\n\n<div class=\"wp-block-buttons is-content-justification-center is-layout-flex wp-container-core-buttons-is-layout-1 wp-block-buttons-is-layout-flex\">\n<div class=\"wp-block-button\"><a class=\"wp-block-button__link wp-element-button\" href=\"https:\/\/drive.google.com\/file\/d\/1LG5lWJcfOBwJEyV1S63Y8pRu4FJkqMLS\/view?usp=sharing\"><strong>Dossier de presentaci\u00f3 del projecte<\/strong><\/a><\/div>\n\n\n\n<div class=\"wp-block-button\"><a class=\"wp-block-button__link wp-element-button\" href=\"https:\/\/drive.google.com\/file\/d\/1hNL7ey9C5S_726bGQKuNXHKawPRmz6yU\/view?usp=drive_link\"><strong>Bases de la convocat\u00f2ria<\/strong><\/a><\/div>\n<\/div>\n","protected":false},"excerpt":{"rendered":"<p>l\u2019Ag\u00e8ncia Catalana del Patrimoni Cultural obre la convocat\u00f2ria per participar a&nbsp;Els Ulls de la Hist\u00f2ria. L\u2019experi\u00e8ncia did\u00e0ctica&nbsp;durant el curs 2026-2027. Es tracta d\u2019un recurs educatiu gratu\u00eft per a centres de secund\u00e0ria que es basa en Situacions d&#8217;Aprenentatge i que combina activitats a l\u2019aula amb una experi\u00e8ncia immersiva de realitat virtual vinculada al patrimoni cultural catal\u00e0. [&hellip;]<\/p>\n","protected":false},"author":10,"featured_media":20086,"comment_status":"closed","ping_status":"open","sticky":true,"template":"","format":"standard","meta":{"_bbp_topic_count":0,"_bbp_reply_count":0,"_bbp_total_topic_count":0,"_bbp_total_reply_count":0,"_bbp_voice_count":0,"_bbp_anonymous_reply_count":0,"_bbp_topic_count_hidden":0,"_bbp_reply_count_hidden":0,"_bbp_forum_subforum_count":0,"site-sidebar-layout":"default","site-content-layout":"","ast-site-content-layout":"default","site-content-style":"default","site-sidebar-style":"default","ast-global-header-display":"","ast-banner-title-visibility":"","ast-main-header-display":"","ast-hfb-above-header-display":"","ast-hfb-below-header-display":"","ast-hfb-mobile-header-display":"","site-post-title":"","ast-breadcrumbs-content":"","ast-featured-img":"","footer-sml-layout":"","theme-transparent-header-meta":"","adv-header-id-meta":"","stick-header-meta":"","header-above-stick-meta":"","header-main-stick-meta":"","header-below-stick-meta":"","astra-migrate-meta-layouts":"set","ast-page-background-enabled":"default","ast-page-background-meta":{"desktop":{"background-color":"var(--ast-global-color-4)","background-image":"","background-repeat":"repeat","background-position":"center center","background-size":"auto","background-attachment":"scroll","background-type":"","background-media":"","overlay-type":"","overlay-color":"","overlay-opacity":"","overlay-gradient":""},"tablet":{"background-color":"","background-image":"","background-repeat":"repeat","background-position":"center center","background-size":"auto","background-attachment":"scroll","background-type":"","background-media":"","overlay-type":"","overlay-color":"","overlay-opacity":"","overlay-gradient":""},"mobile":{"background-color":"","background-image":"","background-repeat":"repeat","background-position":"center center","background-size":"auto","background-attachment":"scroll","background-type":"","background-media":"","overlay-type":"","overlay-color":"","overlay-opacity":"","overlay-gradient":""}},"ast-content-background-meta":{"desktop":{"background-color":"var(--ast-global-color-5)","background-image":"","background-repeat":"repeat","background-position":"center center","background-size":"auto","background-attachment":"scroll","background-type":"","background-media":"","overlay-type":"","overlay-color":"","overlay-opacity":"","overlay-gradient":""},"tablet":{"background-color":"var(--ast-global-color-5)","background-image":"","background-repeat":"repeat","background-position":"center center","background-size":"auto","background-attachment":"scroll","background-type":"","background-media":"","overlay-type":"","overlay-color":"","overlay-opacity":"","overlay-gradient":""},"mobile":{"background-color":"var(--ast-global-color-5)","background-image":"","background-repeat":"repeat","background-position":"center center","background-size":"auto","background-attachment":"scroll","background-type":"","background-media":"","overlay-type":"","overlay-color":"","overlay-opacity":"","overlay-gradient":""}},"footnotes":""},"categories":[619,1,29],"tags":[664,585],"class_list":["post-20085","post","type-post","status-publish","format-standard","has-post-thumbnail","hentry","category-cur","category-general","category-portada","tag-els-ulls-de-la-historia","tag-memoria-historica"],"post_mailing_queue_ids":[],"_links":{"self":[{"href":"https:\/\/serveiseducatius.xtec.cat\/garraf\/wp-json\/wp\/v2\/posts\/20085","targetHints":{"allow":["GET"]}}],"collection":[{"href":"https:\/\/serveiseducatius.xtec.cat\/garraf\/wp-json\/wp\/v2\/posts"}],"about":[{"href":"https:\/\/serveiseducatius.xtec.cat\/garraf\/wp-json\/wp\/v2\/types\/post"}],"author":[{"embeddable":true,"href":"https:\/\/serveiseducatius.xtec.cat\/garraf\/wp-json\/wp\/v2\/users\/10"}],"replies":[{"embeddable":true,"href":"https:\/\/serveiseducatius.xtec.cat\/garraf\/wp-json\/wp\/v2\/comments?post=20085"}],"version-history":[{"count":1,"href":"https:\/\/serveiseducatius.xtec.cat\/garraf\/wp-json\/wp\/v2\/posts\/20085\/revisions"}],"predecessor-version":[{"id":20087,"href":"https:\/\/serveiseducatius.xtec.cat\/garraf\/wp-json\/wp\/v2\/posts\/20085\/revisions\/20087"}],"wp:featuredmedia":[{"embeddable":true,"href":"https:\/\/serveiseducatius.xtec.cat\/garraf\/wp-json\/wp\/v2\/media\/20086"}],"wp:attachment":[{"href":"https:\/\/serveiseducatius.xtec.cat\/garraf\/wp-json\/wp\/v2\/media?parent=20085"}],"wp:term":[{"taxonomy":"category","embeddable":true,"href":"https:\/\/serveiseducatius.xtec.cat\/garraf\/wp-json\/wp\/v2\/categories?post=20085"},{"taxonomy":"post_tag","embeddable":true,"href":"https:\/\/serveiseducatius.xtec.cat\/garraf\/wp-json\/wp\/v2\/tags?post=20085"}],"curies":[{"name":"wp","href":"https:\/\/api.w.org\/{rel}","templated":true}]}}