{"id":19991,"date":"2026-04-29T14:11:09","date_gmt":"2026-04-29T12:11:09","guid":{"rendered":"https:\/\/serveiseducatius.xtec.cat\/garraf\/?p=19991"},"modified":"2026-04-29T14:12:24","modified_gmt":"2026-04-29T12:12:24","slug":"el-penedes-celebra-la-final-territorial-del-certamen-de-lectura-en-veu-alta","status":"publish","type":"post","link":"https:\/\/serveiseducatius.xtec.cat\/garraf\/general\/el-penedes-celebra-la-final-territorial-del-certamen-de-lectura-en-veu-alta\/","title":{"rendered":"El Pened\u00e8s celebra la final territorial del Certamen de Lectura en Veu Alta"},"content":{"rendered":"\n<p>Dimarts 28 d\u2019abril, a l\u2019auditori del T\u00edvoli del Vendrell, es va celebrar la final del Servei Territorial al Pened\u00e8s, en el marc del XXII Certamen Escolar de Lectura en Veu Alta organitzat per la Fundaci\u00f3 Enciclop\u00e8dia Catalana i el Departament d\u2019Educaci\u00f3 i Formaci\u00f3 Professional.<\/p>\n\n\n\n<p>Els lectors i lectores classificats a la Semifinal del Garraf, junt amb els finalistes de les altres comarques de la Vegueria del Pened\u00e8s, van llegir fragments de llibres escollits lliurement davant del jurat i de prop de 300 espectadors que omplien l\u2019auditori. El jurat va anunciar els lectors i lectores finalistes que assistiran a la Festa de la Lectura, l\u2019acte de lliurament de premis als guanyadors i guanyadores territorials i una mostra de lectura no competitiva que tindr\u00e0 lloc durant el mes de juny a Barcelona.&nbsp;<\/p>\n\n\n\n<p>Els nostres representants del Garraf van fer unes lectures plenes d\u2019expressivitat, emoci\u00f3 i domini de la paraula, i des del Servei Educatiu volem felicitar-los per la gran feina feta, aix\u00ed com a les seves fam\u00edlies i centres educatius.\u00a0<\/p>\n\n\n\n<p>La jornada va posar de manifest, un cop m\u00e9s, la import\u00e0ncia de la lectura en veu alta com a eina pedag\u00f2gica que fomenta la compet\u00e8ncia comunicativa, la confian\u00e7a personal i el gust per la lectura.<\/p>\n\n\n\n<p>Si voleu reviure la final podeu fer-ho <a href=\"https:\/\/www.youtube.com\/watch?v=N9fkj_yH2E4\">aqu\u00ed<\/a>!<\/p>\n\n\n\n<p>Ens retrobem el curs vinent!<\/p>\n\n\n\n<div class=\"wp-block-getwid-images-slider has-arrows-inside has-dots-inside has-images-center\"><div class=\"wp-block-getwid-images-slider__wrapper\" data-effect=\"slide\" data-slides-show=\"1\" data-slides-show-laptop=\"1\" data-slides-show-tablet=\"1\" data-slides-show-mobile=\"1\" data-slides-scroll=\"1\" data-autoplay=\"false\" data-pause-hover=\"false\" data-autoplay-speed=\"6000\" data-infinite=\"true\" data-animation-speed=\"800\" data-center-mode=\"false\" data-variable-width=\"false\" data-arrows=\"inside\" data-dots=\"inside\" data-spacing=\"none\"><div class=\"wp-block-getwid-images-slider__item\"><figure><img loading=\"lazy\" decoding=\"async\" width=\"225\" height=\"300\" src=\"https:\/\/serveiseducatius.xtec.cat\/garraf\/wp-content\/uploads\/usu1185\/2026\/04\/IMG-20260429-WA0007-2-225x300.jpg\" alt=\"\" data-id=\"20006\" data-link=\"https:\/\/serveiseducatius.xtec.cat\/garraf\/?attachment_id=20006\" data-original-link=\"https:\/\/serveiseducatius.xtec.cat\/garraf\/wp-content\/uploads\/usu1185\/2026\/04\/IMG-20260429-WA0007-2.jpg\" class=\"wp-block-getwid-images-slider__image wp-image-20006\" srcset=\"https:\/\/serveiseducatius.xtec.cat\/garraf\/wp-content\/uploads\/usu1185\/2026\/04\/IMG-20260429-WA0007-2-225x300.jpg 225w, https:\/\/serveiseducatius.xtec.cat\/garraf\/wp-content\/uploads\/usu1185\/2026\/04\/IMG-20260429-WA0007-2-768x1024.jpg 768w, https:\/\/serveiseducatius.xtec.cat\/garraf\/wp-content\/uploads\/usu1185\/2026\/04\/IMG-20260429-WA0007-2-1152x1536.jpg 1152w, https:\/\/serveiseducatius.xtec.cat\/garraf\/wp-content\/uploads\/usu1185\/2026\/04\/IMG-20260429-WA0007-2.jpg 1536w\" sizes=\"auto, (max-width: 225px) 100vw, 225px\" \/><\/figure><\/div><div class=\"wp-block-getwid-images-slider__item\"><figure><img loading=\"lazy\" decoding=\"async\" width=\"300\" height=\"225\" src=\"https:\/\/serveiseducatius.xtec.cat\/garraf\/wp-content\/uploads\/usu1185\/2026\/04\/IMG-20260429-WA0008-2-300x225.jpg\" alt=\"\" data-id=\"20007\" data-link=\"https:\/\/serveiseducatius.xtec.cat\/garraf\/?attachment_id=20007\" data-original-link=\"https:\/\/serveiseducatius.xtec.cat\/garraf\/wp-content\/uploads\/usu1185\/2026\/04\/IMG-20260429-WA0008-2.jpg\" class=\"wp-block-getwid-images-slider__image wp-image-20007\" srcset=\"https:\/\/serveiseducatius.xtec.cat\/garraf\/wp-content\/uploads\/usu1185\/2026\/04\/IMG-20260429-WA0008-2-300x225.jpg 300w, https:\/\/serveiseducatius.xtec.cat\/garraf\/wp-content\/uploads\/usu1185\/2026\/04\/IMG-20260429-WA0008-2-1024x768.jpg 1024w, https:\/\/serveiseducatius.xtec.cat\/garraf\/wp-content\/uploads\/usu1185\/2026\/04\/IMG-20260429-WA0008-2-768x576.jpg 768w, https:\/\/serveiseducatius.xtec.cat\/garraf\/wp-content\/uploads\/usu1185\/2026\/04\/IMG-20260429-WA0008-2-1536x1152.jpg 1536w, https:\/\/serveiseducatius.xtec.cat\/garraf\/wp-content\/uploads\/usu1185\/2026\/04\/IMG-20260429-WA0008-2.jpg 2048w\" sizes=\"auto, (max-width: 300px) 100vw, 300px\" \/><\/figure><\/div><div class=\"wp-block-getwid-images-slider__item\"><figure><img loading=\"lazy\" decoding=\"async\" width=\"225\" height=\"300\" src=\"https:\/\/serveiseducatius.xtec.cat\/garraf\/wp-content\/uploads\/usu1185\/2026\/04\/IMG-20260429-WA0010-1-225x300.jpg\" alt=\"\" data-id=\"20008\" data-link=\"https:\/\/serveiseducatius.xtec.cat\/garraf\/?attachment_id=20008\" data-original-link=\"https:\/\/serveiseducatius.xtec.cat\/garraf\/wp-content\/uploads\/usu1185\/2026\/04\/IMG-20260429-WA0010-1.jpg\" class=\"wp-block-getwid-images-slider__image wp-image-20008\" srcset=\"https:\/\/serveiseducatius.xtec.cat\/garraf\/wp-content\/uploads\/usu1185\/2026\/04\/IMG-20260429-WA0010-1-225x300.jpg 225w, https:\/\/serveiseducatius.xtec.cat\/garraf\/wp-content\/uploads\/usu1185\/2026\/04\/IMG-20260429-WA0010-1-768x1024.jpg 768w, https:\/\/serveiseducatius.xtec.cat\/garraf\/wp-content\/uploads\/usu1185\/2026\/04\/IMG-20260429-WA0010-1-1152x1536.jpg 1152w, https:\/\/serveiseducatius.xtec.cat\/garraf\/wp-content\/uploads\/usu1185\/2026\/04\/IMG-20260429-WA0010-1.jpg 1536w\" sizes=\"auto, (max-width: 225px) 100vw, 225px\" \/><\/figure><\/div><div class=\"wp-block-getwid-images-slider__item\"><figure><img loading=\"lazy\" decoding=\"async\" width=\"300\" height=\"225\" src=\"https:\/\/serveiseducatius.xtec.cat\/garraf\/wp-content\/uploads\/usu1185\/2026\/04\/IMG-20260429-WA0006-2-300x225.jpg\" alt=\"\" data-id=\"20009\" data-link=\"https:\/\/serveiseducatius.xtec.cat\/garraf\/?attachment_id=20009\" data-original-link=\"https:\/\/serveiseducatius.xtec.cat\/garraf\/wp-content\/uploads\/usu1185\/2026\/04\/IMG-20260429-WA0006-2.jpg\" class=\"wp-block-getwid-images-slider__image wp-image-20009\" srcset=\"https:\/\/serveiseducatius.xtec.cat\/garraf\/wp-content\/uploads\/usu1185\/2026\/04\/IMG-20260429-WA0006-2-300x225.jpg 300w, https:\/\/serveiseducatius.xtec.cat\/garraf\/wp-content\/uploads\/usu1185\/2026\/04\/IMG-20260429-WA0006-2-1024x768.jpg 1024w, https:\/\/serveiseducatius.xtec.cat\/garraf\/wp-content\/uploads\/usu1185\/2026\/04\/IMG-20260429-WA0006-2-768x576.jpg 768w, https:\/\/serveiseducatius.xtec.cat\/garraf\/wp-content\/uploads\/usu1185\/2026\/04\/IMG-20260429-WA0006-2-1536x1152.jpg 1536w, https:\/\/serveiseducatius.xtec.cat\/garraf\/wp-content\/uploads\/usu1185\/2026\/04\/IMG-20260429-WA0006-2.jpg 2048w\" sizes=\"auto, (max-width: 300px) 100vw, 300px\" \/><\/figure><\/div><div class=\"wp-block-getwid-images-slider__item\"><figure><img loading=\"lazy\" decoding=\"async\" width=\"225\" height=\"300\" src=\"https:\/\/serveiseducatius.xtec.cat\/garraf\/wp-content\/uploads\/usu1185\/2026\/04\/IMG-20260429-WA0005-2-225x300.jpg\" alt=\"\" data-id=\"20010\" data-link=\"https:\/\/serveiseducatius.xtec.cat\/garraf\/?attachment_id=20010\" data-original-link=\"https:\/\/serveiseducatius.xtec.cat\/garraf\/wp-content\/uploads\/usu1185\/2026\/04\/IMG-20260429-WA0005-2.jpg\" class=\"wp-block-getwid-images-slider__image wp-image-20010\" srcset=\"https:\/\/serveiseducatius.xtec.cat\/garraf\/wp-content\/uploads\/usu1185\/2026\/04\/IMG-20260429-WA0005-2-225x300.jpg 225w, https:\/\/serveiseducatius.xtec.cat\/garraf\/wp-content\/uploads\/usu1185\/2026\/04\/IMG-20260429-WA0005-2-768x1024.jpg 768w, https:\/\/serveiseducatius.xtec.cat\/garraf\/wp-content\/uploads\/usu1185\/2026\/04\/IMG-20260429-WA0005-2-1152x1536.jpg 1152w, https:\/\/serveiseducatius.xtec.cat\/garraf\/wp-content\/uploads\/usu1185\/2026\/04\/IMG-20260429-WA0005-2.jpg 1536w\" sizes=\"auto, (max-width: 225px) 100vw, 225px\" \/><\/figure><\/div><div class=\"wp-block-getwid-images-slider__item\"><figure><img loading=\"lazy\" decoding=\"async\" width=\"300\" height=\"225\" src=\"https:\/\/serveiseducatius.xtec.cat\/garraf\/wp-content\/uploads\/usu1185\/2026\/04\/IMG-20260429-WA0004-2-300x225.jpg\" alt=\"\" data-id=\"20011\" data-link=\"https:\/\/serveiseducatius.xtec.cat\/garraf\/?attachment_id=20011\" data-original-link=\"https:\/\/serveiseducatius.xtec.cat\/garraf\/wp-content\/uploads\/usu1185\/2026\/04\/IMG-20260429-WA0004-2.jpg\" class=\"wp-block-getwid-images-slider__image wp-image-20011\" srcset=\"https:\/\/serveiseducatius.xtec.cat\/garraf\/wp-content\/uploads\/usu1185\/2026\/04\/IMG-20260429-WA0004-2-300x225.jpg 300w, https:\/\/serveiseducatius.xtec.cat\/garraf\/wp-content\/uploads\/usu1185\/2026\/04\/IMG-20260429-WA0004-2-1024x768.jpg 1024w, https:\/\/serveiseducatius.xtec.cat\/garraf\/wp-content\/uploads\/usu1185\/2026\/04\/IMG-20260429-WA0004-2-768x576.jpg 768w, https:\/\/serveiseducatius.xtec.cat\/garraf\/wp-content\/uploads\/usu1185\/2026\/04\/IMG-20260429-WA0004-2-1536x1152.jpg 1536w, https:\/\/serveiseducatius.xtec.cat\/garraf\/wp-content\/uploads\/usu1185\/2026\/04\/IMG-20260429-WA0004-2.jpg 2048w\" sizes=\"auto, (max-width: 300px) 100vw, 300px\" \/><\/figure><\/div><div class=\"wp-block-getwid-images-slider__item\"><figure><img loading=\"lazy\" decoding=\"async\" width=\"300\" height=\"225\" src=\"https:\/\/serveiseducatius.xtec.cat\/garraf\/wp-content\/uploads\/usu1185\/2026\/04\/IMG-20260429-WA0003-2-300x225.jpg\" alt=\"\" data-id=\"20012\" data-link=\"https:\/\/serveiseducatius.xtec.cat\/garraf\/?attachment_id=20012\" data-original-link=\"https:\/\/serveiseducatius.xtec.cat\/garraf\/wp-content\/uploads\/usu1185\/2026\/04\/IMG-20260429-WA0003-2.jpg\" class=\"wp-block-getwid-images-slider__image wp-image-20012\" srcset=\"https:\/\/serveiseducatius.xtec.cat\/garraf\/wp-content\/uploads\/usu1185\/2026\/04\/IMG-20260429-WA0003-2-300x225.jpg 300w, https:\/\/serveiseducatius.xtec.cat\/garraf\/wp-content\/uploads\/usu1185\/2026\/04\/IMG-20260429-WA0003-2-1024x768.jpg 1024w, https:\/\/serveiseducatius.xtec.cat\/garraf\/wp-content\/uploads\/usu1185\/2026\/04\/IMG-20260429-WA0003-2-768x576.jpg 768w, https:\/\/serveiseducatius.xtec.cat\/garraf\/wp-content\/uploads\/usu1185\/2026\/04\/IMG-20260429-WA0003-2-1536x1152.jpg 1536w, https:\/\/serveiseducatius.xtec.cat\/garraf\/wp-content\/uploads\/usu1185\/2026\/04\/IMG-20260429-WA0003-2.jpg 2048w\" sizes=\"auto, (max-width: 300px) 100vw, 300px\" \/><\/figure><\/div><\/div><\/div>\n\n\n\n<p><\/p>\n","protected":false},"excerpt":{"rendered":"<p>Dimarts 28 d\u2019abril, a l\u2019auditori del T\u00edvoli del Vendrell, es va celebrar la final del Servei Territorial al Pened\u00e8s, en el marc del XXII Certamen Escolar de Lectura en Veu Alta organitzat per la Fundaci\u00f3 Enciclop\u00e8dia Catalana i el Departament d\u2019Educaci\u00f3 i Formaci\u00f3 Professional. Els lectors i lectores classificats a la Semifinal del Garraf, junt [&hellip;]<\/p>\n","protected":false},"author":43,"featured_media":20012,"comment_status":"closed","ping_status":"open","sticky":false,"template":"","format":"standard","meta":{"_bbp_topic_count":0,"_bbp_reply_count":0,"_bbp_total_topic_count":0,"_bbp_total_reply_count":0,"_bbp_voice_count":0,"_bbp_anonymous_reply_count":0,"_bbp_topic_count_hidden":0,"_bbp_reply_count_hidden":0,"_bbp_forum_subforum_count":0,"site-sidebar-layout":"default","site-content-layout":"","ast-site-content-layout":"default","site-content-style":"default","site-sidebar-style":"default","ast-global-header-display":"","ast-banner-title-visibility":"","ast-main-header-display":"","ast-hfb-above-header-display":"","ast-hfb-below-header-display":"","ast-hfb-mobile-header-display":"","site-post-title":"","ast-breadcrumbs-content":"","ast-featured-img":"disabled","footer-sml-layout":"","theme-transparent-header-meta":"","adv-header-id-meta":"","stick-header-meta":"","header-above-stick-meta":"","header-main-stick-meta":"","header-below-stick-meta":"","astra-migrate-meta-layouts":"set","ast-page-background-enabled":"default","ast-page-background-meta":{"desktop":{"background-color":"var(--ast-global-color-4)","background-image":"","background-repeat":"repeat","background-position":"center center","background-size":"auto","background-attachment":"scroll","background-type":"","background-media":"","overlay-type":"","overlay-color":"","overlay-opacity":"","overlay-gradient":""},"tablet":{"background-color":"","background-image":"","background-repeat":"repeat","background-position":"center center","background-size":"auto","background-attachment":"scroll","background-type":"","background-media":"","overlay-type":"","overlay-color":"","overlay-opacity":"","overlay-gradient":""},"mobile":{"background-color":"","background-image":"","background-repeat":"repeat","background-position":"center center","background-size":"auto","background-attachment":"scroll","background-type":"","background-media":"","overlay-type":"","overlay-color":"","overlay-opacity":"","overlay-gradient":""}},"ast-content-background-meta":{"desktop":{"background-color":"var(--ast-global-color-5)","background-image":"","background-repeat":"repeat","background-position":"center center","background-size":"auto","background-attachment":"scroll","background-type":"","background-media":"","overlay-type":"","overlay-color":"","overlay-opacity":"","overlay-gradient":""},"tablet":{"background-color":"var(--ast-global-color-5)","background-image":"","background-repeat":"repeat","background-position":"center center","background-size":"auto","background-attachment":"scroll","background-type":"","background-media":"","overlay-type":"","overlay-color":"","overlay-opacity":"","overlay-gradient":""},"mobile":{"background-color":"var(--ast-global-color-5)","background-image":"","background-repeat":"repeat","background-position":"center center","background-size":"auto","background-attachment":"scroll","background-type":"","background-media":"","overlay-type":"","overlay-color":"","overlay-opacity":"","overlay-gradient":""}},"footnotes":""},"categories":[68,1,29],"tags":[337,458,172,179],"class_list":["post-19991","post","type-post","status-publish","format-standard","has-post-thumbnail","hentry","category-elic","category-general","category-portada","tag-aula-acollida","tag-clva","tag-educacio-primaria","tag-educacio-secundaria"],"post_mailing_queue_ids":[],"_links":{"self":[{"href":"https:\/\/serveiseducatius.xtec.cat\/garraf\/wp-json\/wp\/v2\/posts\/19991","targetHints":{"allow":["GET"]}}],"collection":[{"href":"https:\/\/serveiseducatius.xtec.cat\/garraf\/wp-json\/wp\/v2\/posts"}],"about":[{"href":"https:\/\/serveiseducatius.xtec.cat\/garraf\/wp-json\/wp\/v2\/types\/post"}],"author":[{"embeddable":true,"href":"https:\/\/serveiseducatius.xtec.cat\/garraf\/wp-json\/wp\/v2\/users\/43"}],"replies":[{"embeddable":true,"href":"https:\/\/serveiseducatius.xtec.cat\/garraf\/wp-json\/wp\/v2\/comments?post=19991"}],"version-history":[{"count":6,"href":"https:\/\/serveiseducatius.xtec.cat\/garraf\/wp-json\/wp\/v2\/posts\/19991\/revisions"}],"predecessor-version":[{"id":20018,"href":"https:\/\/serveiseducatius.xtec.cat\/garraf\/wp-json\/wp\/v2\/posts\/19991\/revisions\/20018"}],"wp:featuredmedia":[{"embeddable":true,"href":"https:\/\/serveiseducatius.xtec.cat\/garraf\/wp-json\/wp\/v2\/media\/20012"}],"wp:attachment":[{"href":"https:\/\/serveiseducatius.xtec.cat\/garraf\/wp-json\/wp\/v2\/media?parent=19991"}],"wp:term":[{"taxonomy":"category","embeddable":true,"href":"https:\/\/serveiseducatius.xtec.cat\/garraf\/wp-json\/wp\/v2\/categories?post=19991"},{"taxonomy":"post_tag","embeddable":true,"href":"https:\/\/serveiseducatius.xtec.cat\/garraf\/wp-json\/wp\/v2\/tags?post=19991"}],"curies":[{"name":"wp","href":"https:\/\/api.w.org\/{rel}","templated":true}]}}