{"id":18176,"date":"2025-09-04T13:58:02","date_gmt":"2025-09-04T11:58:02","guid":{"rendered":"https:\/\/serveiseducatius.xtec.cat\/garraf\/?p=18176"},"modified":"2025-09-04T13:58:02","modified_gmt":"2025-09-04T11:58:02","slug":"inici-termini-dinscripcio-per-al-primer-torn-de-loferta-formativa-del-garraf-per-al-curs-2025-2026","status":"publish","type":"post","link":"https:\/\/serveiseducatius.xtec.cat\/garraf\/general\/inici-termini-dinscripcio-per-al-primer-torn-de-loferta-formativa-del-garraf-per-al-curs-2025-2026\/","title":{"rendered":"Inici termini d&#8217;inscripci\u00f3 per al primer torn de l&#8217;oferta formativa del Garraf per al curs 2025-2026"},"content":{"rendered":"<p><img loading=\"lazy\" decoding=\"async\" class=\"aligncenter  wp-image-18174\" src=\"https:\/\/serveiseducatius.xtec.cat\/garraf\/wp-content\/uploads\/usu1185\/2025\/09\/Banner-inscripcio-PFZ.png\" alt=\"\" width=\"824\" height=\"206\" srcset=\"https:\/\/serveiseducatius.xtec.cat\/garraf\/wp-content\/uploads\/usu1185\/2025\/09\/Banner-inscripcio-PFZ.png 1600w, https:\/\/serveiseducatius.xtec.cat\/garraf\/wp-content\/uploads\/usu1185\/2025\/09\/Banner-inscripcio-PFZ-300x75.png 300w, https:\/\/serveiseducatius.xtec.cat\/garraf\/wp-content\/uploads\/usu1185\/2025\/09\/Banner-inscripcio-PFZ-1024x256.png 1024w, https:\/\/serveiseducatius.xtec.cat\/garraf\/wp-content\/uploads\/usu1185\/2025\/09\/Banner-inscripcio-PFZ-768x192.png 768w, https:\/\/serveiseducatius.xtec.cat\/garraf\/wp-content\/uploads\/usu1185\/2025\/09\/Banner-inscripcio-PFZ-1536x384.png 1536w\" sizes=\"auto, (max-width: 824px) 100vw, 824px\" \/><\/p>\n<p>Des del Servei Educatiu del Garraf us recordem que, a partir del<strong> 5 de setembre de 2025, i fins al 21 de setembre de 2025<\/strong>, estar\u00e0 obert el per\u00edode d&#8217;inscripci\u00f3 per al primer torn de l&#8217;<a href=\"https:\/\/serveiseducatius.xtec.cat\/garraf\/activitats\/\" target=\"_blank\" rel=\"noopener\">oferta formativa del Garraf per al curs 2025-2026<\/a>. Us agrair\u00edem enormement que feu arribar aquesta informaci\u00f3 a tots els membres del vostre equip docent.<\/p>\n<p>Podeu consultar l&#8217;oferta formativa completa a trav\u00e9s de l&#8217;<a href=\"https:\/\/serveiseducatius.xtec.cat\/garraf\/activitats\/\" target=\"_blank\" rel=\"noopener\">enlla\u00e7<\/a>\u00a0i tamb\u00e9 al\u00a0<a href=\"https:\/\/xtec.gencat.cat\/ca\/formacio\/info-general\/cercador-activitats\" target=\"_blank\" rel=\"noopener\">cercador d&#8217;activitats de la XTEC<\/a>.<\/p>\n<p>Us recordem tamb\u00e9 que les\u00a0<strong>adjudicacions es publicaran a partir del 7 d&#8217;octubre<\/strong>, accessibles a l&#8217;apartat \u201c<a href=\"http:\/\/xtec.gencat.cat\/ca\/formacio\/la-meva-formacio\/les-meves-activitats\" target=\"_blank\" rel=\"noopener\">Les meves activitats<\/a>\u201d a l&#8217;XTEC. L<strong>&#8216;inici de la majoria d&#8217;activitats est\u00e0 previst a partir del 13 d&#8217;octubre<\/strong>. Cal tenir present que, per a les activitats del PFZ, es prioritzar\u00e0 el professorat que exerceix la doc\u00e8ncia en centres de la mateixa zona per a la inscripci\u00f3.<\/p>\n","protected":false},"excerpt":{"rendered":"<p>Des del Servei Educatiu del Garraf us recordem que, a partir del 5 de setembre de 2025, i fins al 21 de setembre de 2025, estar\u00e0 obert el per\u00edode d&#8217;inscripci\u00f3 per al primer torn de l&#8217;oferta formativa del Garraf per al curs 2025-2026. Us agrair\u00edem enormement que feu arribar aquesta informaci\u00f3 a tots els membres [&hellip;]<\/p>\n","protected":false},"author":10,"featured_media":18177,"comment_status":"closed","ping_status":"open","sticky":true,"template":"","format":"standard","meta":{"_bbp_topic_count":0,"_bbp_reply_count":0,"_bbp_total_topic_count":0,"_bbp_total_reply_count":0,"_bbp_voice_count":0,"_bbp_anonymous_reply_count":0,"_bbp_topic_count_hidden":0,"_bbp_reply_count_hidden":0,"_bbp_forum_subforum_count":0,"site-sidebar-layout":"default","site-content-layout":"","ast-site-content-layout":"","site-content-style":"default","site-sidebar-style":"default","ast-global-header-display":"","ast-banner-title-visibility":"","ast-main-header-display":"","ast-hfb-above-header-display":"","ast-hfb-below-header-display":"","ast-hfb-mobile-header-display":"","site-post-title":"","ast-breadcrumbs-content":"","ast-featured-img":"","footer-sml-layout":"","theme-transparent-header-meta":"","adv-header-id-meta":"","stick-header-meta":"","header-above-stick-meta":"","header-main-stick-meta":"","header-below-stick-meta":"","astra-migrate-meta-layouts":"default","ast-page-background-enabled":"default","ast-page-background-meta":{"desktop":{"background-color":"var(--ast-global-color-4)","background-image":"","background-repeat":"repeat","background-position":"center center","background-size":"auto","background-attachment":"scroll","background-type":"","background-media":"","overlay-type":"","overlay-color":"","overlay-opacity":"","overlay-gradient":""},"tablet":{"background-color":"","background-image":"","background-repeat":"repeat","background-position":"center center","background-size":"auto","background-attachment":"scroll","background-type":"","background-media":"","overlay-type":"","overlay-color":"","overlay-opacity":"","overlay-gradient":""},"mobile":{"background-color":"","background-image":"","background-repeat":"repeat","background-position":"center center","background-size":"auto","background-attachment":"scroll","background-type":"","background-media":"","overlay-type":"","overlay-color":"","overlay-opacity":"","overlay-gradient":""}},"ast-content-background-meta":{"desktop":{"background-color":"var(--ast-global-color-5)","background-image":"","background-repeat":"repeat","background-position":"center center","background-size":"auto","background-attachment":"scroll","background-type":"","background-media":"","overlay-type":"","overlay-color":"","overlay-opacity":"","overlay-gradient":""},"tablet":{"background-color":"var(--ast-global-color-5)","background-image":"","background-repeat":"repeat","background-position":"center center","background-size":"auto","background-attachment":"scroll","background-type":"","background-media":"","overlay-type":"","overlay-color":"","overlay-opacity":"","overlay-gradient":""},"mobile":{"background-color":"var(--ast-global-color-5)","background-image":"","background-repeat":"repeat","background-position":"center center","background-size":"auto","background-attachment":"scroll","background-type":"","background-media":"","overlay-type":"","overlay-color":"","overlay-opacity":"","overlay-gradient":""}},"footnotes":""},"categories":[456,1,29],"tags":[225],"class_list":["post-18176","post","type-post","status-publish","format-standard","has-post-thumbnail","hentry","category-formacio","category-general","category-portada","tag-pfz"],"post_mailing_queue_ids":[],"_links":{"self":[{"href":"https:\/\/serveiseducatius.xtec.cat\/garraf\/wp-json\/wp\/v2\/posts\/18176","targetHints":{"allow":["GET"]}}],"collection":[{"href":"https:\/\/serveiseducatius.xtec.cat\/garraf\/wp-json\/wp\/v2\/posts"}],"about":[{"href":"https:\/\/serveiseducatius.xtec.cat\/garraf\/wp-json\/wp\/v2\/types\/post"}],"author":[{"embeddable":true,"href":"https:\/\/serveiseducatius.xtec.cat\/garraf\/wp-json\/wp\/v2\/users\/10"}],"replies":[{"embeddable":true,"href":"https:\/\/serveiseducatius.xtec.cat\/garraf\/wp-json\/wp\/v2\/comments?post=18176"}],"version-history":[{"count":1,"href":"https:\/\/serveiseducatius.xtec.cat\/garraf\/wp-json\/wp\/v2\/posts\/18176\/revisions"}],"predecessor-version":[{"id":18178,"href":"https:\/\/serveiseducatius.xtec.cat\/garraf\/wp-json\/wp\/v2\/posts\/18176\/revisions\/18178"}],"wp:featuredmedia":[{"embeddable":true,"href":"https:\/\/serveiseducatius.xtec.cat\/garraf\/wp-json\/wp\/v2\/media\/18177"}],"wp:attachment":[{"href":"https:\/\/serveiseducatius.xtec.cat\/garraf\/wp-json\/wp\/v2\/media?parent=18176"}],"wp:term":[{"taxonomy":"category","embeddable":true,"href":"https:\/\/serveiseducatius.xtec.cat\/garraf\/wp-json\/wp\/v2\/categories?post=18176"},{"taxonomy":"post_tag","embeddable":true,"href":"https:\/\/serveiseducatius.xtec.cat\/garraf\/wp-json\/wp\/v2\/tags?post=18176"}],"curies":[{"name":"wp","href":"https:\/\/api.w.org\/{rel}","templated":true}]}}