{"id":18095,"date":"2025-06-03T09:37:43","date_gmt":"2025-06-03T07:37:43","guid":{"rendered":"https:\/\/serveiseducatius.xtec.cat\/garraf\/?p=18095"},"modified":"2025-06-03T09:37:59","modified_gmt":"2025-06-03T07:37:59","slug":"potencia-les-teves-habilitats-docents-aquest-estiu-amb-lice-de-la-upc","status":"publish","type":"post","link":"https:\/\/serveiseducatius.xtec.cat\/garraf\/portada\/potencia-les-teves-habilitats-docents-aquest-estiu-amb-lice-de-la-upc\/","title":{"rendered":"Potencia les teves habilitats docents aquest estiu amb l&#8217;ICE de la UPC!"},"content":{"rendered":"<p data-sourcepos=\"29:1-29:256\">L&#8217;Institut de Ci\u00e8ncies de l&#8217;Educaci\u00f3 (ICE) de la Universitat Polit\u00e8cnica de Catalunya (UPC) ha presentat la seva proposta de formacions d&#8217;estiu per al professorat, una oportunitat excel\u00b7lent per actualitzar coneixements i adquirir noves eines pedag\u00f2giques.<\/p>\n<p data-sourcepos=\"31:1-31:77\">L&#8217;oferta \u00e9s \u00e0mplia i abasta \u00e0rees crucials per a la doc\u00e8ncia actual, com ara:<\/p>\n<ul data-sourcepos=\"32:1-36:0\">\n<li data-sourcepos=\"32:1-32:98\"><strong>Avaluaci\u00f3 formativa<\/strong>: Millora els teus m\u00e8todes d&#8217;avaluaci\u00f3 per a un aprenentatge m\u00e9s efectiu.<\/li>\n<li data-sourcepos=\"33:1-33:77\"><strong>Programaci\u00f3 amb Python<\/strong>: Introdueix el pensament computacional a l&#8217;aula.<\/li>\n<li data-sourcepos=\"34:1-34:70\"><strong>Matem\u00e0tiques<\/strong>: Noves perspectives i recursos per a l&#8217;ensenyament.<\/li>\n<li data-sourcepos=\"35:1-36:0\"><strong>Experiments a l&#8217;aula<\/strong>: Fomenta l&#8217;aprenentatge actiu i la curiositat cient\u00edfica.<\/li>\n<\/ul>\n<p data-sourcepos=\"37:1-37:296\">Aquests cursos, dissenyats amb un equilibri entre la teoria i la pr\u00e0ctica, busquen oferir una formaci\u00f3 de qualitat que tingui un impacte real a l&#8217;aula. A m\u00e9s, s\u00f3n part del <strong>Pla de formaci\u00f3 permanent del Departament d&#8217;Educaci\u00f3 i Formaci\u00f3 Professional<\/strong>, assegurant el reconeixement i la qualitat.<\/p>\n<p data-sourcepos=\"39:1-39:153\">Us animem a explorar aquesta oportunitat per al vostre desenvolupament professional i a compartir-la amb altres companys i companyes del sector educatiu.<\/p>\n<p data-sourcepos=\"41:1-41:106\">Descobreix totes les formacions i inscriu-te al web de l&#8217;ICE de la UPC: <a href=\"https:\/\/ice.upc.edu\/ca\/secretaria-virtual\/formacio-docents-secundaria-i-fp\">M\u00e9s informaci\u00f3<\/a><\/p>\n","protected":false},"excerpt":{"rendered":"<p>L&#8217;Institut de Ci\u00e8ncies de l&#8217;Educaci\u00f3 (ICE) de la Universitat Polit\u00e8cnica de Catalunya (UPC) ha presentat la seva proposta de formacions d&#8217;estiu per al professorat, una oportunitat excel\u00b7lent per actualitzar coneixements i adquirir noves eines pedag\u00f2giques. L&#8217;oferta \u00e9s \u00e0mplia i abasta \u00e0rees crucials per a la doc\u00e8ncia actual, com ara: Avaluaci\u00f3 formativa: Millora els teus m\u00e8todes [&hellip;]<\/p>\n","protected":false},"author":10,"featured_media":18096,"comment_status":"closed","ping_status":"closed","sticky":true,"template":"","format":"standard","meta":{"_bbp_topic_count":0,"_bbp_reply_count":0,"_bbp_total_topic_count":0,"_bbp_total_reply_count":0,"_bbp_voice_count":0,"_bbp_anonymous_reply_count":0,"_bbp_topic_count_hidden":0,"_bbp_reply_count_hidden":0,"_bbp_forum_subforum_count":0,"site-sidebar-layout":"default","site-content-layout":"","ast-site-content-layout":"","site-content-style":"default","site-sidebar-style":"default","ast-global-header-display":"","ast-banner-title-visibility":"","ast-main-header-display":"","ast-hfb-above-header-display":"","ast-hfb-below-header-display":"","ast-hfb-mobile-header-display":"","site-post-title":"","ast-breadcrumbs-content":"","ast-featured-img":"","footer-sml-layout":"","theme-transparent-header-meta":"","adv-header-id-meta":"","stick-header-meta":"","header-above-stick-meta":"","header-main-stick-meta":"","header-below-stick-meta":"","astra-migrate-meta-layouts":"default","ast-page-background-enabled":"default","ast-page-background-meta":{"desktop":{"background-color":"var(--ast-global-color-4)","background-image":"","background-repeat":"repeat","background-position":"center center","background-size":"auto","background-attachment":"scroll","background-type":"","background-media":"","overlay-type":"","overlay-color":"","overlay-opacity":"","overlay-gradient":""},"tablet":{"background-color":"","background-image":"","background-repeat":"repeat","background-position":"center center","background-size":"auto","background-attachment":"scroll","background-type":"","background-media":"","overlay-type":"","overlay-color":"","overlay-opacity":"","overlay-gradient":""},"mobile":{"background-color":"","background-image":"","background-repeat":"repeat","background-position":"center center","background-size":"auto","background-attachment":"scroll","background-type":"","background-media":"","overlay-type":"","overlay-color":"","overlay-opacity":"","overlay-gradient":""}},"ast-content-background-meta":{"desktop":{"background-color":"var(--ast-global-color-5)","background-image":"","background-repeat":"repeat","background-position":"center center","background-size":"auto","background-attachment":"scroll","background-type":"","background-media":"","overlay-type":"","overlay-color":"","overlay-opacity":"","overlay-gradient":""},"tablet":{"background-color":"var(--ast-global-color-5)","background-image":"","background-repeat":"repeat","background-position":"center center","background-size":"auto","background-attachment":"scroll","background-type":"","background-media":"","overlay-type":"","overlay-color":"","overlay-opacity":"","overlay-gradient":""},"mobile":{"background-color":"var(--ast-global-color-5)","background-image":"","background-repeat":"repeat","background-position":"center center","background-size":"auto","background-attachment":"scroll","background-type":"","background-media":"","overlay-type":"","overlay-color":"","overlay-opacity":"","overlay-gradient":""}},"footnotes":""},"categories":[367,456,29],"tags":[],"class_list":["post-18095","post","type-post","status-publish","format-standard","has-post-thumbnail","hentry","category-cultura-digital","category-formacio","category-portada"],"post_mailing_queue_ids":[],"_links":{"self":[{"href":"https:\/\/serveiseducatius.xtec.cat\/garraf\/wp-json\/wp\/v2\/posts\/18095","targetHints":{"allow":["GET"]}}],"collection":[{"href":"https:\/\/serveiseducatius.xtec.cat\/garraf\/wp-json\/wp\/v2\/posts"}],"about":[{"href":"https:\/\/serveiseducatius.xtec.cat\/garraf\/wp-json\/wp\/v2\/types\/post"}],"author":[{"embeddable":true,"href":"https:\/\/serveiseducatius.xtec.cat\/garraf\/wp-json\/wp\/v2\/users\/10"}],"replies":[{"embeddable":true,"href":"https:\/\/serveiseducatius.xtec.cat\/garraf\/wp-json\/wp\/v2\/comments?post=18095"}],"version-history":[{"count":1,"href":"https:\/\/serveiseducatius.xtec.cat\/garraf\/wp-json\/wp\/v2\/posts\/18095\/revisions"}],"predecessor-version":[{"id":18097,"href":"https:\/\/serveiseducatius.xtec.cat\/garraf\/wp-json\/wp\/v2\/posts\/18095\/revisions\/18097"}],"wp:featuredmedia":[{"embeddable":true,"href":"https:\/\/serveiseducatius.xtec.cat\/garraf\/wp-json\/wp\/v2\/media\/18096"}],"wp:attachment":[{"href":"https:\/\/serveiseducatius.xtec.cat\/garraf\/wp-json\/wp\/v2\/media?parent=18095"}],"wp:term":[{"taxonomy":"category","embeddable":true,"href":"https:\/\/serveiseducatius.xtec.cat\/garraf\/wp-json\/wp\/v2\/categories?post=18095"},{"taxonomy":"post_tag","embeddable":true,"href":"https:\/\/serveiseducatius.xtec.cat\/garraf\/wp-json\/wp\/v2\/tags?post=18095"}],"curies":[{"name":"wp","href":"https:\/\/api.w.org\/{rel}","templated":true}]}}