{"id":17883,"date":"2025-02-10T13:22:25","date_gmt":"2025-02-10T12:22:25","guid":{"rendered":"https:\/\/serveiseducatius.xtec.cat\/garraf\/?p=17883"},"modified":"2025-02-10T13:22:29","modified_gmt":"2025-02-10T12:22:29","slug":"premis-dinnovacio-i-foment-de-bones-practiques-tributaries","status":"publish","type":"post","link":"https:\/\/serveiseducatius.xtec.cat\/garraf\/portada\/premis-dinnovacio-i-foment-de-bones-practiques-tributaries\/","title":{"rendered":"Premis d\u2019Innovaci\u00f3 i Foment de Bones Pr\u00e0ctiques Tribut\u00e0ries"},"content":{"rendered":"<p style=\"font-weight: 400;\">L\u2019Ag\u00e8ncia Tribut\u00e0ria de Catalunya convoca la\u00a0<a href=\"https:\/\/atc.gencat.cat\/ca\/agencia\/frau-fiscal\/premis\/\" data-saferedirecturl=\"https:\/\/www.google.com\/url?q=https:\/\/atc.gencat.cat\/ca\/agencia\/frau-fiscal\/premis\/&amp;source=gmail&amp;ust=1739275538043000&amp;usg=AOvVaw2GSk-qkAm5N2Bo02isT-TZ\">1a edici\u00f3 dels Premis d\u2019Innovaci\u00f3 i Foment de Bones Pr\u00e0ctiques Tribut\u00e0ries\u00a0<\/a>per a l&#8217;alumnat de secund\u00e0ria, batxillerat i de cicles formatius de formaci\u00f3 professional dels centres educatius de Catalunya.<\/p>\n<p style=\"font-weight: 400;\">Aquesta convocat\u00f2ria, que s&#8217;emmarca dins del Pla de prevenci\u00f3 i reducci\u00f3 del frau fiscal i bones pr\u00e0ctiques tribut\u00e0ries, t\u00e9 l&#8217;objectiu de difondre la conscienciaci\u00f3 fiscal i la pedagogia tribut\u00e0ria entre les persones m\u00e9s joves, mitjan\u00e7ant el foment de la creativitat i el talent entre l&#8217;alumnat en relaci\u00f3 amb el compliment voluntari de les obligacions tribut\u00e0ries i la lluita contra el frau fiscal.<\/p>\n<p style=\"font-weight: 400;\">Per a qualsevol consulta podeu contactar al correu:\u00a0<a href=\"mailto:csecundariabatxillerat.educacio@gencat.cat\">csecundariabatxillerat.educacio@gencat.cat<\/a><\/p>\n","protected":false},"excerpt":{"rendered":"<p>L\u2019Ag\u00e8ncia Tribut\u00e0ria de Catalunya convoca la\u00a01a edici\u00f3 dels Premis d\u2019Innovaci\u00f3 i Foment de Bones Pr\u00e0ctiques Tribut\u00e0ries\u00a0per a l&#8217;alumnat de secund\u00e0ria, batxillerat i de cicles formatius de formaci\u00f3 professional dels centres educatius de Catalunya. Aquesta convocat\u00f2ria, que s&#8217;emmarca dins del Pla de prevenci\u00f3 i reducci\u00f3 del frau fiscal i bones pr\u00e0ctiques tribut\u00e0ries, t\u00e9 l&#8217;objectiu de difondre [&hellip;]<\/p>\n","protected":false},"author":10,"featured_media":17884,"comment_status":"closed","ping_status":"closed","sticky":true,"template":"","format":"standard","meta":{"_bbp_topic_count":0,"_bbp_reply_count":0,"_bbp_total_topic_count":0,"_bbp_total_reply_count":0,"_bbp_voice_count":0,"_bbp_anonymous_reply_count":0,"_bbp_topic_count_hidden":0,"_bbp_reply_count_hidden":0,"_bbp_forum_subforum_count":0,"site-sidebar-layout":"default","site-content-layout":"","ast-site-content-layout":"","site-content-style":"default","site-sidebar-style":"default","ast-global-header-display":"","ast-banner-title-visibility":"","ast-main-header-display":"","ast-hfb-above-header-display":"","ast-hfb-below-header-display":"","ast-hfb-mobile-header-display":"","site-post-title":"","ast-breadcrumbs-content":"","ast-featured-img":"","footer-sml-layout":"","theme-transparent-header-meta":"","adv-header-id-meta":"","stick-header-meta":"","header-above-stick-meta":"","header-main-stick-meta":"","header-below-stick-meta":"","astra-migrate-meta-layouts":"default","ast-page-background-enabled":"default","ast-page-background-meta":{"desktop":{"background-color":"var(--ast-global-color-4)","background-image":"","background-repeat":"repeat","background-position":"center center","background-size":"auto","background-attachment":"scroll","background-type":"","background-media":"","overlay-type":"","overlay-color":"","overlay-opacity":"","overlay-gradient":""},"tablet":{"background-color":"","background-image":"","background-repeat":"repeat","background-position":"center center","background-size":"auto","background-attachment":"scroll","background-type":"","background-media":"","overlay-type":"","overlay-color":"","overlay-opacity":"","overlay-gradient":""},"mobile":{"background-color":"","background-image":"","background-repeat":"repeat","background-position":"center center","background-size":"auto","background-attachment":"scroll","background-type":"","background-media":"","overlay-type":"","overlay-color":"","overlay-opacity":"","overlay-gradient":""}},"ast-content-background-meta":{"desktop":{"background-color":"var(--ast-global-color-5)","background-image":"","background-repeat":"repeat","background-position":"center center","background-size":"auto","background-attachment":"scroll","background-type":"","background-media":"","overlay-type":"","overlay-color":"","overlay-opacity":"","overlay-gradient":""},"tablet":{"background-color":"var(--ast-global-color-5)","background-image":"","background-repeat":"repeat","background-position":"center center","background-size":"auto","background-attachment":"scroll","background-type":"","background-media":"","overlay-type":"","overlay-color":"","overlay-opacity":"","overlay-gradient":""},"mobile":{"background-color":"var(--ast-global-color-5)","background-image":"","background-repeat":"repeat","background-position":"center center","background-size":"auto","background-attachment":"scroll","background-type":"","background-media":"","overlay-type":"","overlay-color":"","overlay-opacity":"","overlay-gradient":""}},"footnotes":""},"categories":[29],"tags":[],"class_list":["post-17883","post","type-post","status-publish","format-standard","has-post-thumbnail","hentry","category-portada"],"post_mailing_queue_ids":[],"_links":{"self":[{"href":"https:\/\/serveiseducatius.xtec.cat\/garraf\/wp-json\/wp\/v2\/posts\/17883","targetHints":{"allow":["GET"]}}],"collection":[{"href":"https:\/\/serveiseducatius.xtec.cat\/garraf\/wp-json\/wp\/v2\/posts"}],"about":[{"href":"https:\/\/serveiseducatius.xtec.cat\/garraf\/wp-json\/wp\/v2\/types\/post"}],"author":[{"embeddable":true,"href":"https:\/\/serveiseducatius.xtec.cat\/garraf\/wp-json\/wp\/v2\/users\/10"}],"replies":[{"embeddable":true,"href":"https:\/\/serveiseducatius.xtec.cat\/garraf\/wp-json\/wp\/v2\/comments?post=17883"}],"version-history":[{"count":1,"href":"https:\/\/serveiseducatius.xtec.cat\/garraf\/wp-json\/wp\/v2\/posts\/17883\/revisions"}],"predecessor-version":[{"id":17885,"href":"https:\/\/serveiseducatius.xtec.cat\/garraf\/wp-json\/wp\/v2\/posts\/17883\/revisions\/17885"}],"wp:featuredmedia":[{"embeddable":true,"href":"https:\/\/serveiseducatius.xtec.cat\/garraf\/wp-json\/wp\/v2\/media\/17884"}],"wp:attachment":[{"href":"https:\/\/serveiseducatius.xtec.cat\/garraf\/wp-json\/wp\/v2\/media?parent=17883"}],"wp:term":[{"taxonomy":"category","embeddable":true,"href":"https:\/\/serveiseducatius.xtec.cat\/garraf\/wp-json\/wp\/v2\/categories?post=17883"},{"taxonomy":"post_tag","embeddable":true,"href":"https:\/\/serveiseducatius.xtec.cat\/garraf\/wp-json\/wp\/v2\/tags?post=17883"}],"curies":[{"name":"wp","href":"https:\/\/api.w.org\/{rel}","templated":true}]}}