{"id":17621,"date":"2024-10-01T10:58:32","date_gmt":"2024-10-01T08:58:32","guid":{"rendered":"https:\/\/serveiseducatius.xtec.cat\/garraf\/?p=17621"},"modified":"2024-10-01T10:58:32","modified_gmt":"2024-10-01T08:58:32","slug":"classes-sense-fum-2024-2025","status":"publish","type":"post","link":"https:\/\/serveiseducatius.xtec.cat\/garraf\/general\/classes-sense-fum-2024-2025\/","title":{"rendered":"Classes sense fum 2024-2025"},"content":{"rendered":"<p style=\"font-weight: 400;\"><img loading=\"lazy\" decoding=\"async\" class=\" wp-image-17622 alignright\" src=\"https:\/\/serveiseducatius.xtec.cat\/garraf\/wp-content\/uploads\/usu1185\/2024\/10\/classe-sense-fum.png\" alt=\"\" width=\"472\" height=\"264\" \/>Des del Servei de Salut P\u00fablica de l&#8217;Alt Pened\u00e8s i el Garraf s&#8217;ofereix el <strong>programa Classe sense Fum,<\/strong>\u00a0destinat a l&#8217;alumnat de\u00a0<strong>1r i 2n d\u2019ESO<\/strong>, i que ha demostrat en diversos estudis la seva efectivitat per reduir l\u2019inici de l\u2019\u00fas de tabac i la progressi\u00f3 cap al consum habitual.<\/p>\n<p style=\"font-weight: 400;\">El programa planteja diferents activitats que es poden consultar a la nova versi\u00f3 de la <a href=\"https:\/\/scientiasalut.gencat.cat\/handle\/11351\/1799.2\" data-saferedirecturl=\"https:\/\/www.google.com\/url?q=https:\/\/scientiasalut.gencat.cat\/handle\/11351\/1799.2&amp;source=gmail&amp;ust=1727858532953000&amp;usg=AOvVaw2ZPujv3dWA2QS9aljKqwxj\">Guia Did\u00e0ctica<\/a>:<\/p>\n<ul style=\"font-weight: 400;\">\n<li><a href=\"https:\/\/xtec.gencat.cat\/web\/.content\/alumnat\/benestar\/prevencio-de-addiccions\/substancies\/classe-sense-fum\/classe-sense-fum\/edicions-anteriors\/Classe-Sense-Fum-PPT.pdf\" data-saferedirecturl=\"https:\/\/www.google.com\/url?q=https:\/\/xtec.gencat.cat\/web\/.content\/alumnat\/benestar\/prevencio-de-addiccions\/substancies\/classe-sense-fum\/classe-sense-fum\/edicions-anteriors\/Classe-Sense-Fum-PPT.pdf&amp;source=gmail&amp;ust=1727858532953000&amp;usg=AOvVaw3mpYFTgW4yAdAZ70ApcXnF\">Presentaci\u00f3 del programa<\/a><\/li>\n<li><a href=\"https:\/\/xtec.gencat.cat\/web\/.content\/alumnat\/benestar\/prevencio-de-addiccions\/substancies\/classe-sense-fum\/classe-sense-fum\/edicions-anteriors\/Fitxes-de-Treball-Sessions.pdf\" data-saferedirecturl=\"https:\/\/www.google.com\/url?q=https:\/\/xtec.gencat.cat\/web\/.content\/alumnat\/benestar\/prevencio-de-addiccions\/substancies\/classe-sense-fum\/classe-sense-fum\/edicions-anteriors\/Fitxes-de-Treball-Sessions.pdf&amp;source=gmail&amp;ust=1727858532953000&amp;usg=AOvVaw2ugcfoxHIC_Zqm2DpJ52GN\">Fitxa de treball de la sessi\u00f3 1<\/a><\/li>\n<\/ul>\n<p style=\"font-weight: 400;\">Una de les activitats destacades \u00e9s <strong><a href=\"https:\/\/view.genial.ly\/62e12cb5d045a10018cd7576\/learning-experience-didactic-unit-escapem-del-fum-joc-educatiu\">Escapem del Fum!<\/a>, <\/strong>basada\u00a0en un\u00a0<strong>joc d\u2019escapada virtual\u00a0<\/strong>(escape room). L\u2019objectiu d\u2019aquesta unitat \u00e9s generar actituds cr\u00edtiques envers les estrat\u00e8gies utilitzades per la ind\u00fastria del tabac per captar persones fumadores i l\u2019impacte que comporta en el desenvolupament sostenible del planeta. La proposta, s\u2019ha elaborat a trav\u00e9s de l\u2019eina de Genially, i consisteix a resoldre un cas polic\u00edac amb reptes per a l&#8217;alumnat que\u00a0proporcionaran aprenentatges i reflexions al voltant del consum i producci\u00f3 del tabac.<\/p>\n<ul>\n<li style=\"font-weight: 400;\"><a href=\"https:\/\/salutpublica.gencat.cat\/ca\/ambits\/promocio\/tabac\/notes-actualitat\/classe-sense-fum\">Inscripcions<\/a><\/li>\n<li><a href=\"https:\/\/salutpublica.gencat.cat\/ca\/ambits\/promocio\/tabac\/prevencio-consum-tabac-joves-adolescents\/\">M\u00e9s informaci\u00f3<\/a><\/li>\n<\/ul>\n","protected":false},"excerpt":{"rendered":"<p>Des del Servei de Salut P\u00fablica de l&#8217;Alt Pened\u00e8s i el Garraf s&#8217;ofereix el programa Classe sense Fum,\u00a0destinat a l&#8217;alumnat de\u00a01r i 2n d\u2019ESO, i que ha demostrat en diversos estudis la seva efectivitat per reduir l\u2019inici de l\u2019\u00fas de tabac i la progressi\u00f3 cap al consum habitual. El programa planteja diferents activitats que es [&hellip;]<\/p>\n","protected":false},"author":10,"featured_media":17622,"comment_status":"closed","ping_status":"closed","sticky":true,"template":"","format":"standard","meta":{"_bbp_topic_count":0,"_bbp_reply_count":0,"_bbp_total_topic_count":0,"_bbp_total_reply_count":0,"_bbp_voice_count":0,"_bbp_anonymous_reply_count":0,"_bbp_topic_count_hidden":0,"_bbp_reply_count_hidden":0,"_bbp_forum_subforum_count":0,"site-sidebar-layout":"default","site-content-layout":"","ast-site-content-layout":"","site-content-style":"default","site-sidebar-style":"default","ast-global-header-display":"","ast-banner-title-visibility":"","ast-main-header-display":"","ast-hfb-above-header-display":"","ast-hfb-below-header-display":"","ast-hfb-mobile-header-display":"","site-post-title":"","ast-breadcrumbs-content":"","ast-featured-img":"","footer-sml-layout":"","theme-transparent-header-meta":"","adv-header-id-meta":"","stick-header-meta":"","header-above-stick-meta":"","header-main-stick-meta":"","header-below-stick-meta":"","astra-migrate-meta-layouts":"default","ast-page-background-enabled":"default","ast-page-background-meta":{"desktop":{"background-color":"var(--ast-global-color-4)","background-image":"","background-repeat":"repeat","background-position":"center center","background-size":"auto","background-attachment":"scroll","background-type":"","background-media":"","overlay-type":"","overlay-color":"","overlay-opacity":"","overlay-gradient":""},"tablet":{"background-color":"","background-image":"","background-repeat":"repeat","background-position":"center center","background-size":"auto","background-attachment":"scroll","background-type":"","background-media":"","overlay-type":"","overlay-color":"","overlay-opacity":"","overlay-gradient":""},"mobile":{"background-color":"","background-image":"","background-repeat":"repeat","background-position":"center center","background-size":"auto","background-attachment":"scroll","background-type":"","background-media":"","overlay-type":"","overlay-color":"","overlay-opacity":"","overlay-gradient":""}},"ast-content-background-meta":{"desktop":{"background-color":"var(--ast-global-color-5)","background-image":"","background-repeat":"repeat","background-position":"center center","background-size":"auto","background-attachment":"scroll","background-type":"","background-media":"","overlay-type":"","overlay-color":"","overlay-opacity":"","overlay-gradient":""},"tablet":{"background-color":"var(--ast-global-color-5)","background-image":"","background-repeat":"repeat","background-position":"center center","background-size":"auto","background-attachment":"scroll","background-type":"","background-media":"","overlay-type":"","overlay-color":"","overlay-opacity":"","overlay-gradient":""},"mobile":{"background-color":"var(--ast-global-color-5)","background-image":"","background-repeat":"repeat","background-position":"center center","background-size":"auto","background-attachment":"scroll","background-type":"","background-media":"","overlay-type":"","overlay-color":"","overlay-opacity":"","overlay-gradient":""}},"footnotes":""},"categories":[1,29],"tags":[518],"class_list":["post-17621","post","type-post","status-publish","format-standard","has-post-thumbnail","hentry","category-general","category-portada","tag-salut-escolar-garraf"],"post_mailing_queue_ids":[],"_links":{"self":[{"href":"https:\/\/serveiseducatius.xtec.cat\/garraf\/wp-json\/wp\/v2\/posts\/17621","targetHints":{"allow":["GET"]}}],"collection":[{"href":"https:\/\/serveiseducatius.xtec.cat\/garraf\/wp-json\/wp\/v2\/posts"}],"about":[{"href":"https:\/\/serveiseducatius.xtec.cat\/garraf\/wp-json\/wp\/v2\/types\/post"}],"author":[{"embeddable":true,"href":"https:\/\/serveiseducatius.xtec.cat\/garraf\/wp-json\/wp\/v2\/users\/10"}],"replies":[{"embeddable":true,"href":"https:\/\/serveiseducatius.xtec.cat\/garraf\/wp-json\/wp\/v2\/comments?post=17621"}],"version-history":[{"count":1,"href":"https:\/\/serveiseducatius.xtec.cat\/garraf\/wp-json\/wp\/v2\/posts\/17621\/revisions"}],"predecessor-version":[{"id":17623,"href":"https:\/\/serveiseducatius.xtec.cat\/garraf\/wp-json\/wp\/v2\/posts\/17621\/revisions\/17623"}],"wp:featuredmedia":[{"embeddable":true,"href":"https:\/\/serveiseducatius.xtec.cat\/garraf\/wp-json\/wp\/v2\/media\/17622"}],"wp:attachment":[{"href":"https:\/\/serveiseducatius.xtec.cat\/garraf\/wp-json\/wp\/v2\/media?parent=17621"}],"wp:term":[{"taxonomy":"category","embeddable":true,"href":"https:\/\/serveiseducatius.xtec.cat\/garraf\/wp-json\/wp\/v2\/categories?post=17621"},{"taxonomy":"post_tag","embeddable":true,"href":"https:\/\/serveiseducatius.xtec.cat\/garraf\/wp-json\/wp\/v2\/tags?post=17621"}],"curies":[{"name":"wp","href":"https:\/\/api.w.org\/{rel}","templated":true}]}}