{"id":17408,"date":"2024-06-05T12:13:42","date_gmt":"2024-06-05T10:13:42","guid":{"rendered":"https:\/\/serveiseducatius.xtec.cat\/garraf\/?p=17408"},"modified":"2024-06-05T12:15:31","modified_gmt":"2024-06-05T10:15:31","slug":"juliols-a-lidp-ice-activitats-gratuites-coorganitzades-amb-el-departament-deducacio","status":"publish","type":"post","link":"https:\/\/serveiseducatius.xtec.cat\/garraf\/portada\/juliols-a-lidp-ice-activitats-gratuites-coorganitzades-amb-el-departament-deducacio\/","title":{"rendered":"Juliols a l&#8217;IDP-ICE: Activitats gratu\u00eftes coorganitzades amb el Departament d\u2019Educaci\u00f3"},"content":{"rendered":"<div class=\"DF_utQ _0xkaeQ\">\n<div class=\"aF9o6Q _0yZ6Qg\">\n<div class=\"AdBbhQ hGbcYA\" lang=\"ca-ES\"><\/div>\n<\/div>\n<\/div>\n<div class=\"DF_utQ _0xkaeQ\">\n<div class=\"aF9o6Q _0yZ6Qg\">\n<div class=\"AdBbhQ hGbcYA\" lang=\"ca-ES\">\n<p class=\"cgHgbA pYZEjA Xp24Nw PanoWQ\">Us compartim la informaci\u00f3 de les activitats formatives gratu\u00eftes per a docents d&#8217;Educaci\u00f3 infantil, Educaci\u00f3 b\u00e0sica (Prim\u00e0ria i Secund\u00e0ria), Batxillerat i d&#8217;Educaci\u00f3 al llarg de la vida que organitza l&#8217;IDP-ICE el proper mers de juliol.<\/p>\n<\/div>\n<h4><strong>Aprenentatges competencials<\/strong><\/h4>\n<\/div>\n<\/div>\n<div class=\"DF_utQ _0xkaeQ\">\n<div>\n<div class=\"hWv4NA\">\n<div class=\"bFnJ2A\"><\/div>\n<\/div>\n<\/div>\n<\/div>\n<div class=\"DF_utQ _0xkaeQ\">\n<div class=\"aF9o6Q _0yZ6Qg\">\n<div class=\"AdBbhQ hGbcYA\" lang=\"ca-ES\">\n<ul>\n<li class=\"cgHgbA nxe3IQ Xp24Nw PanoWQ\"><span style=\"color: #000000;\"><a class=\"OYPEnA\" style=\"color: #000000;\" draggable=\"false\" href=\"https:\/\/www.ub.edu\/idp\/web\/ca\/cursos\/ips\/juliol2024\/matessec\" target=\"_blank\" rel=\"noopener nofollow\">Matem\u00e0tiques competencials Educaci\u00f3 Secund\u00e0ria<\/a><\/span><\/li>\n<li class=\"cgHgbA nxe3IQ Xp24Nw PanoWQ\"><span style=\"color: #000000;\"><a class=\"OYPEnA\" style=\"font-family: inherit; font-size: 1em; color: #000000;\" draggable=\"false\" href=\"https:\/\/www.ub.edu\/idp\/web\/ca\/cursos\/ips\/juliol2024\/matesprim\" target=\"_blank\" rel=\"noopener nofollow\">Matem\u00e0tiques competencials a Educaci\u00f3 Prim\u00e0ria<\/a><\/span><\/li>\n<li class=\"cgHgbA nxe3IQ Xp24Nw PanoWQ\"><span style=\"color: #000000;\"><a class=\"OYPEnA\" style=\"font-family: inherit; font-size: 1em; color: #000000;\" draggable=\"false\" href=\"https:\/\/www.ub.edu\/idp\/web\/ca\/cursos\/ips\/juliol2024\/metodologies\" target=\"_blank\" rel=\"noopener nofollow\">Metodologies actives a secund\u00e0ria per assegurar els continguts curriculars<\/a><\/span><\/li>\n<li class=\"cgHgbA nxe3IQ Xp24Nw PanoWQ\"><span style=\"color: #000000;\"><a class=\"OYPEnA\" style=\"font-family: inherit; font-size: 1em; color: #000000;\" draggable=\"false\" href=\"https:\/\/www.ub.edu\/idp\/web\/ca\/cursos\/ips\/juliol2024\/virtual\" target=\"_blank\" rel=\"noopener nofollow\">Did\u00e0ctica de la realitat virtual i augmentada a l\u2019aula de Prim\u00e0ria i Secund\u00e0ria<\/a><\/span><\/li>\n<li class=\"cgHgbA nxe3IQ Xp24Nw PanoWQ\"><span style=\"color: #000000;\"><a class=\"OYPEnA\" style=\"font-family: inherit; font-size: 1em; color: #000000;\" draggable=\"false\" href=\"https:\/\/www.ub.edu\/idp\/web\/ca\/cursos\/ips\/juliol2024\/abj\" target=\"_blank\" rel=\"noopener nofollow\">Introducci\u00f3 a l\u2019Aprenentatge Basat en Joc<\/a><\/span><\/li>\n<\/ul>\n<\/div>\n<\/div>\n<\/div>\n<div class=\"DF_utQ _0xkaeQ\">\n<div class=\"aF9o6Q _0yZ6Qg\">\n<div class=\"AdBbhQ hGbcYA\" lang=\"ca-ES\">\n<h4>Benestar emocional<\/h4>\n<\/div>\n<\/div>\n<\/div>\n<div class=\"DF_utQ _0xkaeQ\">\n<div class=\"aF9o6Q _0yZ6Qg\">\n<div class=\"AdBbhQ hGbcYA\" lang=\"ca-ES\">\n<ul>\n<li class=\"cgHgbA nxe3IQ Xp24Nw PanoWQ\"><span style=\"color: #000000;\"><a class=\"OYPEnA\" style=\"color: #000000;\" draggable=\"false\" href=\"https:\/\/www.ub.edu\/idp\/web\/ca\/cursos\/ips\/juliol2024\/families\" target=\"_blank\" rel=\"noopener nofollow\">Relaci\u00f3 amb les fam\u00edlies. Recursos i estrat\u00e8gies per enfocar les entrevistes<\/a><\/span><\/li>\n<li class=\"cgHgbA nxe3IQ Xp24Nw PanoWQ\"><span style=\"color: #000000;\"><a class=\"OYPEnA\" style=\"color: #000000;\" draggable=\"false\" href=\"https:\/\/www.canva.com\/link?target=https%3A%2F%2Fwww.ub.edu%2Fidp%2Fweb%2Fca%2Fcursos%2Fips%2Fjuliol2024%2Fnoviol&amp;design=DAGFMAR-zlA&amp;accessRole=viewer&amp;linkSource=document\" target=\"_blank\" rel=\"noopener nofollow\">Introducci\u00f3 a la Comunicaci\u00f3 No violenta: comunicaci\u00f3 per a la prevenci\u00f3 i gesti\u00f3 de conflictes<\/a><\/span><\/li>\n<\/ul>\n<h4>Ciutadania democr\u00e0tica i consci\u00e8ncia global<\/h4>\n<ul>\n<li class=\"cgHgbA nxe3IQ Xp24Nw PanoWQ\"><span style=\"color: #000000;\"><a class=\"OYPEnA\" style=\"font-family: inherit; font-size: 1em; color: #000000;\" draggable=\"false\" href=\"https:\/\/www.ub.edu\/idp\/web\/ca\/cursos\/ips\/juliol2024\/transformadora\" target=\"_blank\" rel=\"noopener nofollow\">Transformant el m\u00f3n des de les nostres escoles. Per una educaci\u00f3 transformadora<\/a><\/span><\/li>\n<li class=\"cgHgbA nxe3IQ Xp24Nw PanoWQ\"><span style=\"color: #000000;\"><a class=\"OYPEnA\" style=\"font-family: inherit; font-size: 1em; color: #000000;\" draggable=\"false\" href=\"https:\/\/www.ub.edu\/idp\/web\/ca\/cursos\/ips\/juliol2024\/petjada\" target=\"_blank\" rel=\"noopener nofollow\">La nostra petjada ecol\u00f2gica, proposta did\u00e0ctica per educar la import\u00e0ncia de la sostenibilitat<\/a><\/span><\/li>\n<\/ul>\n<h6><a href=\"https:\/\/www.ub.edu\/idp\/web\/ca\/cursos\/ips\/juliol2024\">M\u00e9s informaci\u00f3<\/a><\/h6>\n<\/div>\n<\/div>\n<\/div>\n","protected":false},"excerpt":{"rendered":"<p>Us compartim la informaci\u00f3 de les activitats formatives gratu\u00eftes per a docents d&#8217;Educaci\u00f3 infantil, Educaci\u00f3 b\u00e0sica (Prim\u00e0ria i Secund\u00e0ria), Batxillerat i d&#8217;Educaci\u00f3 al llarg de la vida que organitza l&#8217;IDP-ICE el proper mers de juliol. Aprenentatges competencials Matem\u00e0tiques competencials Educaci\u00f3 Secund\u00e0ria Matem\u00e0tiques competencials a Educaci\u00f3 Prim\u00e0ria Metodologies actives a secund\u00e0ria per assegurar els continguts curriculars [&hellip;]<\/p>\n","protected":false},"author":10,"featured_media":17410,"comment_status":"closed","ping_status":"closed","sticky":true,"template":"","format":"standard","meta":{"_bbp_topic_count":0,"_bbp_reply_count":0,"_bbp_total_topic_count":0,"_bbp_total_reply_count":0,"_bbp_voice_count":0,"_bbp_anonymous_reply_count":0,"_bbp_topic_count_hidden":0,"_bbp_reply_count_hidden":0,"_bbp_forum_subforum_count":0,"site-sidebar-layout":"default","site-content-layout":"","ast-site-content-layout":"","site-content-style":"default","site-sidebar-style":"default","ast-global-header-display":"","ast-banner-title-visibility":"","ast-main-header-display":"","ast-hfb-above-header-display":"","ast-hfb-below-header-display":"","ast-hfb-mobile-header-display":"","site-post-title":"","ast-breadcrumbs-content":"","ast-featured-img":"","footer-sml-layout":"","theme-transparent-header-meta":"","adv-header-id-meta":"","stick-header-meta":"","header-above-stick-meta":"","header-main-stick-meta":"","header-below-stick-meta":"","astra-migrate-meta-layouts":"default","ast-page-background-enabled":"default","ast-page-background-meta":{"desktop":{"background-color":"var(--ast-global-color-4)","background-image":"","background-repeat":"repeat","background-position":"center center","background-size":"auto","background-attachment":"scroll","background-type":"","background-media":"","overlay-type":"","overlay-color":"","overlay-opacity":"","overlay-gradient":""},"tablet":{"background-color":"","background-image":"","background-repeat":"repeat","background-position":"center center","background-size":"auto","background-attachment":"scroll","background-type":"","background-media":"","overlay-type":"","overlay-color":"","overlay-opacity":"","overlay-gradient":""},"mobile":{"background-color":"","background-image":"","background-repeat":"repeat","background-position":"center center","background-size":"auto","background-attachment":"scroll","background-type":"","background-media":"","overlay-type":"","overlay-color":"","overlay-opacity":"","overlay-gradient":""}},"ast-content-background-meta":{"desktop":{"background-color":"var(--ast-global-color-5)","background-image":"","background-repeat":"repeat","background-position":"center center","background-size":"auto","background-attachment":"scroll","background-type":"","background-media":"","overlay-type":"","overlay-color":"","overlay-opacity":"","overlay-gradient":""},"tablet":{"background-color":"var(--ast-global-color-5)","background-image":"","background-repeat":"repeat","background-position":"center center","background-size":"auto","background-attachment":"scroll","background-type":"","background-media":"","overlay-type":"","overlay-color":"","overlay-opacity":"","overlay-gradient":""},"mobile":{"background-color":"var(--ast-global-color-5)","background-image":"","background-repeat":"repeat","background-position":"center center","background-size":"auto","background-attachment":"scroll","background-type":"","background-media":"","overlay-type":"","overlay-color":"","overlay-opacity":"","overlay-gradient":""}},"footnotes":""},"categories":[29],"tags":[517],"class_list":["post-17408","post","type-post","status-publish","format-standard","has-post-thumbnail","hentry","category-portada","tag-escoles-destiu"],"post_mailing_queue_ids":[],"_links":{"self":[{"href":"https:\/\/serveiseducatius.xtec.cat\/garraf\/wp-json\/wp\/v2\/posts\/17408","targetHints":{"allow":["GET"]}}],"collection":[{"href":"https:\/\/serveiseducatius.xtec.cat\/garraf\/wp-json\/wp\/v2\/posts"}],"about":[{"href":"https:\/\/serveiseducatius.xtec.cat\/garraf\/wp-json\/wp\/v2\/types\/post"}],"author":[{"embeddable":true,"href":"https:\/\/serveiseducatius.xtec.cat\/garraf\/wp-json\/wp\/v2\/users\/10"}],"replies":[{"embeddable":true,"href":"https:\/\/serveiseducatius.xtec.cat\/garraf\/wp-json\/wp\/v2\/comments?post=17408"}],"version-history":[{"count":1,"href":"https:\/\/serveiseducatius.xtec.cat\/garraf\/wp-json\/wp\/v2\/posts\/17408\/revisions"}],"predecessor-version":[{"id":17411,"href":"https:\/\/serveiseducatius.xtec.cat\/garraf\/wp-json\/wp\/v2\/posts\/17408\/revisions\/17411"}],"wp:featuredmedia":[{"embeddable":true,"href":"https:\/\/serveiseducatius.xtec.cat\/garraf\/wp-json\/wp\/v2\/media\/17410"}],"wp:attachment":[{"href":"https:\/\/serveiseducatius.xtec.cat\/garraf\/wp-json\/wp\/v2\/media?parent=17408"}],"wp:term":[{"taxonomy":"category","embeddable":true,"href":"https:\/\/serveiseducatius.xtec.cat\/garraf\/wp-json\/wp\/v2\/categories?post=17408"},{"taxonomy":"post_tag","embeddable":true,"href":"https:\/\/serveiseducatius.xtec.cat\/garraf\/wp-json\/wp\/v2\/tags?post=17408"}],"curies":[{"name":"wp","href":"https:\/\/api.w.org\/{rel}","templated":true}]}}