{"id":17401,"date":"2024-06-03T17:25:04","date_gmt":"2024-06-03T15:25:04","guid":{"rendered":"https:\/\/serveiseducatius.xtec.cat\/garraf\/?p=17401"},"modified":"2024-06-03T17:25:04","modified_gmt":"2024-06-03T15:25:04","slug":"plenari-0-de-la-xarxa-de-competencia-lectora","status":"publish","type":"post","link":"https:\/\/serveiseducatius.xtec.cat\/garraf\/general\/plenari-0-de-la-xarxa-de-competencia-lectora\/","title":{"rendered":"Plenari 0 de la Xarxa de Compet\u00e8ncia Lectora"},"content":{"rendered":"<div class=\"col-span-8\">\n<div>\n<div class=\"border-borderMain\/50 ring-borderMain\/50 divide-borderMain\/50 dark:divide-borderMainDark\/50 dark:ring-borderMainDark\/50 dark:border-borderMainDark\/50 bg-transparent\">\n<div class=\"relative default font-sans text-base text-textMain dark:text-textMainDark selection:bg-super\/50 selection:text-textMain dark:selection:bg-superDuper\/10 dark:selection:text-superDark\">\n<div class=\"min-w-0 break-words [word-break:break-word]\">\n<div dir=\"auto\">\n<div>\n<div class=\"prose dark:prose-invert inline leading-normal break-words min-w-0 [word-break:break-word]\"><\/div>\n<div><a href=\"https:\/\/serveiseducatius.xtec.cat\/garraf\/wp-content\/uploads\/usu1185\/2024\/06\/IMG_20240530_103215.jpg\"><img loading=\"lazy\" decoding=\"async\" class=\"aligncenter wp-image-17403\" src=\"https:\/\/serveiseducatius.xtec.cat\/garraf\/wp-content\/uploads\/usu1185\/2024\/06\/IMG_20240530_103215-150x150.jpg\" alt=\"\" width=\"298\" height=\"298\" \/><\/a><\/div>\n<div><\/div>\n<div><\/div>\n<\/div>\n<\/div>\n<div><\/div>\n<div dir=\"auto\">\n<div>\n<div class=\"prose dark:prose-invert inline leading-normal break-words min-w-0 [word-break:break-word]\"><\/div>\n<div><\/div>\n<div class=\"prose dark:prose-invert inline leading-normal break-words min-w-0 [word-break:break-word]\">\u00a0 \u00a0 El passat 30 de maig es va celebrar el <strong>Plenari 0 de la Xarxa de Comprensi\u00f3 Lectora<\/strong> amb centres educatius de prim\u00e0ria dels Serveis Territorials al Pened\u00e8s a l&#8217;auditori T\u00edvoli del Vendrell. En aquest esdeveniment, es va comptar amb la participaci\u00f3 de la professora Montserrat Vil\u00e0 de la Universitat Aut\u00f2noma de Barcelona (UAB), que va intervenir per compartir els seus coneixements i experi\u00e8ncia en l&#8217;\u00e0mbit de la comprensi\u00f3 lectora<span class=\"whitespace-nowrap\">.<\/span><\/div>\n<div class=\"prose dark:prose-invert inline leading-normal break-words min-w-0 [word-break:break-word]\">\u00a0 \u00a0 La comprensi\u00f3 lectora \u00e9s una compet\u00e8ncia clau per al desenvolupament integral dels alumnes, ja que els permet accedir al coneixement, entendre el m\u00f3n que els envolta i comunicar-se efica\u00e7ment. En aquest sentit, la professora Vil\u00e0 va destacar la import\u00e0ncia de treballar la comprensi\u00f3 lectora de manera transversal en totes les \u00e0rees del curr\u00edculum, utilitzant la lectura com a eina d&#8217;aprenentatge. A m\u00e9s, va emfatitzar la necessitat d&#8217;adaptar les estrat\u00e8gies d&#8217;ensenyament a les noves situacions. Els alumnes han de desenvolupar la capacitat de llegir i comprendre en diversos formats i suports per poder afrontar amb \u00e8xit els reptes de la societat actual<span class=\"whitespace-nowrap\">.<\/span><\/div>\n<div class=\"prose dark:prose-invert inline leading-normal break-words min-w-0 [word-break:break-word]\">\u00a0 \u00a0 El Plenari 0 va ser una oportunitat per als centres educatius de prim\u00e0ria dels Serveis Territorials al Pened\u00e8s de reflexionar sobre les seves pr\u00e0ctiques docents amb relaci\u00f3 a la comprensi\u00f3 lectora i d&#8217;intercanviar idees i experi\u00e8ncies amb altres professionals de l&#8217;educaci\u00f3. La participaci\u00f3 de la professora Montserrat Vil\u00e0 va enriquir el debat i va aportar una perspectiva acad\u00e8mica i investigadora a les discussions.<\/div>\n<div class=\"prose dark:prose-invert inline leading-normal break-words min-w-0 [word-break:break-word]\">\u00a0 \u00a0 En definitiva, va ser un pas important en la consolidaci\u00f3 de la Xarxa de Comprensi\u00f3 Lectora, que t\u00e9 com a objectiu <strong>promoure la millora de la compet\u00e8ncia lectora dels alumnes a trav\u00e9s de la formaci\u00f3 del professorat i l&#8217;intercanvi de bones pr\u00e0ctiques entre els centres educatius<\/strong>.<\/div>\n<\/div>\n<\/div>\n<\/div>\n<\/div>\n<div class=\"mt-sm flex items-center justify-between\">\n<div class=\"-ml-sm flex items-center gap-xs\">\n<div class=\"flex items-center leading-none justify-center gap-xs\"><\/div>\n<div class=\"flex items-center leading-none justify-center gap-xs\">\n<div class=\"text-align-center relative\"><\/div>\n<\/div>\n<\/div>\n<div class=\"flex items-center gap-x-xs\">\n<div class=\"flex items-center leading-none justify-center gap-xs\"><\/div>\n<div class=\"flex items-center leading-none justify-center gap-xs\"><\/div>\n<div class=\"\">\n<div class=\"flex items-center leading-none justify-center gap-xs\"><\/div>\n<\/div>\n<\/div>\n<\/div>\n<\/div>\n<\/div>\n<\/div>\n","protected":false},"excerpt":{"rendered":"<p>\u00a0 \u00a0 El passat 30 de maig es va celebrar el Plenari 0 de la Xarxa de Comprensi\u00f3 Lectora amb centres educatius de prim\u00e0ria dels Serveis Territorials al Pened\u00e8s a l&#8217;auditori T\u00edvoli del Vendrell. En aquest esdeveniment, es va comptar amb la participaci\u00f3 de la professora Montserrat Vil\u00e0 de la Universitat Aut\u00f2noma de Barcelona (UAB), [&hellip;]<\/p>\n","protected":false},"author":46,"featured_media":0,"comment_status":"closed","ping_status":"closed","sticky":true,"template":"","format":"standard","meta":{"_bbp_topic_count":0,"_bbp_reply_count":0,"_bbp_total_topic_count":0,"_bbp_total_reply_count":0,"_bbp_voice_count":0,"_bbp_anonymous_reply_count":0,"_bbp_topic_count_hidden":0,"_bbp_reply_count_hidden":0,"_bbp_forum_subforum_count":0,"site-sidebar-layout":"default","site-content-layout":"","ast-site-content-layout":"","site-content-style":"default","site-sidebar-style":"default","ast-global-header-display":"","ast-banner-title-visibility":"","ast-main-header-display":"","ast-hfb-above-header-display":"","ast-hfb-below-header-display":"","ast-hfb-mobile-header-display":"","site-post-title":"","ast-breadcrumbs-content":"","ast-featured-img":"","footer-sml-layout":"","theme-transparent-header-meta":"","adv-header-id-meta":"","stick-header-meta":"","header-above-stick-meta":"","header-main-stick-meta":"","header-below-stick-meta":"","astra-migrate-meta-layouts":"default","ast-page-background-enabled":"default","ast-page-background-meta":{"desktop":{"background-color":"var(--ast-global-color-4)","background-image":"","background-repeat":"repeat","background-position":"center center","background-size":"auto","background-attachment":"scroll","background-type":"","background-media":"","overlay-type":"","overlay-color":"","overlay-opacity":"","overlay-gradient":""},"tablet":{"background-color":"","background-image":"","background-repeat":"repeat","background-position":"center center","background-size":"auto","background-attachment":"scroll","background-type":"","background-media":"","overlay-type":"","overlay-color":"","overlay-opacity":"","overlay-gradient":""},"mobile":{"background-color":"","background-image":"","background-repeat":"repeat","background-position":"center center","background-size":"auto","background-attachment":"scroll","background-type":"","background-media":"","overlay-type":"","overlay-color":"","overlay-opacity":"","overlay-gradient":""}},"ast-content-background-meta":{"desktop":{"background-color":"var(--ast-global-color-5)","background-image":"","background-repeat":"repeat","background-position":"center center","background-size":"auto","background-attachment":"scroll","background-type":"","background-media":"","overlay-type":"","overlay-color":"","overlay-opacity":"","overlay-gradient":""},"tablet":{"background-color":"var(--ast-global-color-5)","background-image":"","background-repeat":"repeat","background-position":"center center","background-size":"auto","background-attachment":"scroll","background-type":"","background-media":"","overlay-type":"","overlay-color":"","overlay-opacity":"","overlay-gradient":""},"mobile":{"background-color":"var(--ast-global-color-5)","background-image":"","background-repeat":"repeat","background-position":"center center","background-size":"auto","background-attachment":"scroll","background-type":"","background-media":"","overlay-type":"","overlay-color":"","overlay-opacity":"","overlay-gradient":""}},"footnotes":""},"categories":[1,29],"tags":[],"class_list":["post-17401","post","type-post","status-publish","format-standard","hentry","category-general","category-portada"],"post_mailing_queue_ids":[],"_links":{"self":[{"href":"https:\/\/serveiseducatius.xtec.cat\/garraf\/wp-json\/wp\/v2\/posts\/17401","targetHints":{"allow":["GET"]}}],"collection":[{"href":"https:\/\/serveiseducatius.xtec.cat\/garraf\/wp-json\/wp\/v2\/posts"}],"about":[{"href":"https:\/\/serveiseducatius.xtec.cat\/garraf\/wp-json\/wp\/v2\/types\/post"}],"author":[{"embeddable":true,"href":"https:\/\/serveiseducatius.xtec.cat\/garraf\/wp-json\/wp\/v2\/users\/46"}],"replies":[{"embeddable":true,"href":"https:\/\/serveiseducatius.xtec.cat\/garraf\/wp-json\/wp\/v2\/comments?post=17401"}],"version-history":[{"count":3,"href":"https:\/\/serveiseducatius.xtec.cat\/garraf\/wp-json\/wp\/v2\/posts\/17401\/revisions"}],"predecessor-version":[{"id":17405,"href":"https:\/\/serveiseducatius.xtec.cat\/garraf\/wp-json\/wp\/v2\/posts\/17401\/revisions\/17405"}],"wp:attachment":[{"href":"https:\/\/serveiseducatius.xtec.cat\/garraf\/wp-json\/wp\/v2\/media?parent=17401"}],"wp:term":[{"taxonomy":"category","embeddable":true,"href":"https:\/\/serveiseducatius.xtec.cat\/garraf\/wp-json\/wp\/v2\/categories?post=17401"},{"taxonomy":"post_tag","embeddable":true,"href":"https:\/\/serveiseducatius.xtec.cat\/garraf\/wp-json\/wp\/v2\/tags?post=17401"}],"curies":[{"name":"wp","href":"https:\/\/api.w.org\/{rel}","templated":true}]}}