{"id":16629,"date":"2023-10-10T13:06:05","date_gmt":"2023-10-10T11:06:05","guid":{"rendered":"https:\/\/serveiseducatius.xtec.cat\/garraf\/?p=16629"},"modified":"2023-10-10T13:12:36","modified_gmt":"2023-10-10T11:12:36","slug":"com-acompanyar-lart-des-duna-mirada-a-leducacio-infantil-i-primaria-3-a-8","status":"publish","type":"post","link":"https:\/\/serveiseducatius.xtec.cat\/garraf\/general\/com-acompanyar-lart-des-duna-mirada-a-leducacio-infantil-i-primaria-3-a-8\/","title":{"rendered":"Com acompanyar l&#8217;art des d&#8217;una mirada a l&#8217;educaci\u00f3 infantil i prim\u00e0ria (3 a 8)"},"content":{"rendered":"<p><img loading=\"lazy\" decoding=\"async\" class=\"aligncenter wp-image-16631\" src=\"https:\/\/serveiseducatius.xtec.cat\/garraf\/wp-content\/uploads\/usu1185\/2023\/10\/S3-Formacio-plastica-09.jpg\" alt=\"\" width=\"545\" height=\"307\" \/><\/p>\n<p>Des del CRP del Garraf s&#8217;ofereix la formaci\u00f3 <strong><a href=\"https:\/\/aplicacions.gestioeducativa.gencat.cat\/pls\/soloas\/pk_for_mod_ins.p_for_exhaustiu_activitat?p_header=Detall%20d%27activitat^pk_for_mod_ins.p_for_detall_activitat?p_codi=2086051208%26p_curs=2023-2024%26p_es_inscr=S&amp;p_codi=2086051208&amp;p_curs=2023-2024&amp;p_es_inscr=S\"><em>Com acompanyar l&#8217;art des d&#8217;una mirada a l&#8217;educaci\u00f3 infantil i prim\u00e0ria (3 a 8)<\/em><\/a> <\/strong>amb l&#8217;objectiu principal d&#8217;oferir eines, estrat\u00e8gies i recursos als i les docents d&#8217;educaci\u00f3 prim\u00e0ria per fer un acompanyament respectu\u00f3s de l&#8217;alumnat en l&#8217;\u00e0mbit art\u00edstic.<\/p>\n<p><img loading=\"lazy\" decoding=\"async\" class=\" wp-image-16630 alignleft\" src=\"https:\/\/serveiseducatius.xtec.cat\/garraf\/wp-content\/uploads\/usu1185\/2023\/10\/S1-Formacio-plastica-16.jpg\" alt=\"\" width=\"175\" height=\"311\" \/>La Gl\u00f2ria Vives, la formadora que t\u00e9 una llarga experi\u00e8ncia en el treball, l&#8217;estudi i l&#8217;acompanyament art\u00edstic al llarg de la infantesa; ofereix un espai creatiu compartit on puguem reflexionar sobre qu\u00e8 fem i qu\u00e8 podem fer per treballar les arts pl\u00e0stiques com el color, la pintura o el volum.<\/p>\n<p>L&#8217;activitat es realitzar\u00e0 els dilluns seg\u00fcents a la tarda:<\/p>\n<ul>\n<li>Octubre: 23<\/li>\n<li>Novembre: 6 i 20<\/li>\n<li>Desembre: 4 i 18<\/li>\n<li>Gener: 22<\/li>\n<\/ul>\n<p>Les persones interessades us podeu inscriure a trav\u00e9s d&#8217;aquest <a href=\"https:\/\/aplicacions.gestioeducativa.gencat.cat\/pls\/soloas\/pk_for_mod_ins.p_for_detall_activitat?p_codi=2086051208&amp;p_curs=2023-2024&amp;p_es_inscr=S\"><strong>enlla\u00e7<\/strong><\/a>.<\/p>\n<p>&nbsp;<\/p>\n","protected":false},"excerpt":{"rendered":"<p>Des del CRP del Garraf s&#8217;ofereix la formaci\u00f3 Com acompanyar l&#8217;art des d&#8217;una mirada a l&#8217;educaci\u00f3 infantil i prim\u00e0ria (3 a 8) amb l&#8217;objectiu principal d&#8217;oferir eines, estrat\u00e8gies i recursos als i les docents d&#8217;educaci\u00f3 prim\u00e0ria per fer un acompanyament respectu\u00f3s de l&#8217;alumnat en l&#8217;\u00e0mbit art\u00edstic. La Gl\u00f2ria Vives, la formadora que t\u00e9 una llarga [&hellip;]<\/p>\n","protected":false},"author":10,"featured_media":0,"comment_status":"closed","ping_status":"closed","sticky":true,"template":"","format":"standard","meta":{"_bbp_topic_count":0,"_bbp_reply_count":0,"_bbp_total_topic_count":0,"_bbp_total_reply_count":0,"_bbp_voice_count":0,"_bbp_anonymous_reply_count":0,"_bbp_topic_count_hidden":0,"_bbp_reply_count_hidden":0,"_bbp_forum_subforum_count":0,"site-sidebar-layout":"default","site-content-layout":"","ast-site-content-layout":"","site-content-style":"default","site-sidebar-style":"default","ast-global-header-display":"","ast-banner-title-visibility":"","ast-main-header-display":"","ast-hfb-above-header-display":"","ast-hfb-below-header-display":"","ast-hfb-mobile-header-display":"","site-post-title":"","ast-breadcrumbs-content":"","ast-featured-img":"","footer-sml-layout":"","theme-transparent-header-meta":"","adv-header-id-meta":"","stick-header-meta":"","header-above-stick-meta":"","header-main-stick-meta":"","header-below-stick-meta":"","astra-migrate-meta-layouts":"default","ast-page-background-enabled":"default","ast-page-background-meta":{"desktop":{"background-color":"var(--ast-global-color-4)","background-image":"","background-repeat":"repeat","background-position":"center center","background-size":"auto","background-attachment":"scroll","background-type":"","background-media":"","overlay-type":"","overlay-color":"","overlay-opacity":"","overlay-gradient":""},"tablet":{"background-color":"","background-image":"","background-repeat":"repeat","background-position":"center center","background-size":"auto","background-attachment":"scroll","background-type":"","background-media":"","overlay-type":"","overlay-color":"","overlay-opacity":"","overlay-gradient":""},"mobile":{"background-color":"","background-image":"","background-repeat":"repeat","background-position":"center center","background-size":"auto","background-attachment":"scroll","background-type":"","background-media":"","overlay-type":"","overlay-color":"","overlay-opacity":"","overlay-gradient":""}},"ast-content-background-meta":{"desktop":{"background-color":"var(--ast-global-color-5)","background-image":"","background-repeat":"repeat","background-position":"center center","background-size":"auto","background-attachment":"scroll","background-type":"","background-media":"","overlay-type":"","overlay-color":"","overlay-opacity":"","overlay-gradient":""},"tablet":{"background-color":"var(--ast-global-color-5)","background-image":"","background-repeat":"repeat","background-position":"center center","background-size":"auto","background-attachment":"scroll","background-type":"","background-media":"","overlay-type":"","overlay-color":"","overlay-opacity":"","overlay-gradient":""},"mobile":{"background-color":"var(--ast-global-color-5)","background-image":"","background-repeat":"repeat","background-position":"center center","background-size":"auto","background-attachment":"scroll","background-type":"","background-media":"","overlay-type":"","overlay-color":"","overlay-opacity":"","overlay-gradient":""}},"footnotes":""},"categories":[456,1,29],"tags":[],"class_list":["post-16629","post","type-post","status-publish","format-standard","hentry","category-formacio","category-general","category-portada"],"post_mailing_queue_ids":[],"_links":{"self":[{"href":"https:\/\/serveiseducatius.xtec.cat\/garraf\/wp-json\/wp\/v2\/posts\/16629","targetHints":{"allow":["GET"]}}],"collection":[{"href":"https:\/\/serveiseducatius.xtec.cat\/garraf\/wp-json\/wp\/v2\/posts"}],"about":[{"href":"https:\/\/serveiseducatius.xtec.cat\/garraf\/wp-json\/wp\/v2\/types\/post"}],"author":[{"embeddable":true,"href":"https:\/\/serveiseducatius.xtec.cat\/garraf\/wp-json\/wp\/v2\/users\/10"}],"replies":[{"embeddable":true,"href":"https:\/\/serveiseducatius.xtec.cat\/garraf\/wp-json\/wp\/v2\/comments?post=16629"}],"version-history":[{"count":1,"href":"https:\/\/serveiseducatius.xtec.cat\/garraf\/wp-json\/wp\/v2\/posts\/16629\/revisions"}],"predecessor-version":[{"id":16632,"href":"https:\/\/serveiseducatius.xtec.cat\/garraf\/wp-json\/wp\/v2\/posts\/16629\/revisions\/16632"}],"wp:attachment":[{"href":"https:\/\/serveiseducatius.xtec.cat\/garraf\/wp-json\/wp\/v2\/media?parent=16629"}],"wp:term":[{"taxonomy":"category","embeddable":true,"href":"https:\/\/serveiseducatius.xtec.cat\/garraf\/wp-json\/wp\/v2\/categories?post=16629"},{"taxonomy":"post_tag","embeddable":true,"href":"https:\/\/serveiseducatius.xtec.cat\/garraf\/wp-json\/wp\/v2\/tags?post=16629"}],"curies":[{"name":"wp","href":"https:\/\/api.w.org\/{rel}","templated":true}]}}