{"id":16423,"date":"2023-05-08T10:40:48","date_gmt":"2023-05-08T08:40:48","guid":{"rendered":"https:\/\/serveiseducatius.xtec.cat\/garraf\/?p=16423"},"modified":"2023-05-16T12:21:15","modified_gmt":"2023-05-16T10:21:15","slug":"inscripcions-obertes-al-futbol-7-adaptat-per-a-persones-amb-discapacitat-fisica-cerebral","status":"publish","type":"post","link":"https:\/\/serveiseducatius.xtec.cat\/garraf\/general\/inscripcions-obertes-al-futbol-7-adaptat-per-a-persones-amb-discapacitat-fisica-cerebral\/","title":{"rendered":"Inscripcions obertes al Futbol 7 adaptat per a persones amb discapacitat f\u00edsica cerebral"},"content":{"rendered":"<p><img loading=\"lazy\" decoding=\"async\" class=\"wp-image-16434 alignleft\" src=\"https:\/\/serveiseducatius.xtec.cat\/garraf\/wp-content\/uploads\/usu1185\/2023\/05\/futbol-adaptat_page-0001.jpg\" alt=\"\" width=\"556\" height=\"393\" \/><\/p>\n<p>El Base Vilanova t\u00e9 un nou equip de Futbol 7 per a persones amb discapacitat f\u00edsica cerebral en el que hi col\u00b7laboren l&#8217;Ajuntament de la ciutat i la <a href=\"https:\/\/fecpc.cat\/futbol\/\">Federaci\u00f3 Catalana de Paral\u00edtics Cerebrals<\/a> (FECPC).<\/p>\n<p>El t\u00e8cnic Andreu\u00a0<span class=\"hiddenSpellError\">Llorens<\/span>\u00a0\u00e9s qui es far\u00e0 c\u00e0rrec de l\u2019equip. L\u2019entrenador de la\u00a0<span class=\"hiddenSpellError\">FECPC<\/span> I\u00f1aki Requena, juntament amb Isabel Pujadas, fisioterapeuta de l\u2019EAP (Equip d\u2019Assessorament i Orientaci\u00f3 Psicopedag\u00f2gica) i \u00c0ngels Sol\u00e0, directora t\u00e8cnica de la <span class=\"hiddenSpellError\">FECPC<\/span>, van donar-li les pautes d\u2019entrenament i d\u2019orientaci\u00f3.<\/p>\n<p>Les persones interessades en formar part de l&#8217;equip es poden posar en contacte amb el <a href=\"http:\/\/cfvilanova.cat\/inscripcions-fb-temporada-2022-2023\/\">Club de Futbol Vilanova<\/a>.<\/p>\n<p><img loading=\"lazy\" decoding=\"async\" class=\"wp-image-16435 alignnone\" src=\"https:\/\/serveiseducatius.xtec.cat\/garraf\/wp-content\/uploads\/usu1185\/2023\/05\/futbol-adaptat_page-0002.jpg\" alt=\"\" width=\"549\" height=\"388\" srcset=\"https:\/\/serveiseducatius.xtec.cat\/garraf\/wp-content\/uploads\/usu1185\/2023\/05\/futbol-adaptat_page-0002.jpg 1316w, https:\/\/serveiseducatius.xtec.cat\/garraf\/wp-content\/uploads\/usu1185\/2023\/05\/futbol-adaptat_page-0002-300x212.jpg 300w, https:\/\/serveiseducatius.xtec.cat\/garraf\/wp-content\/uploads\/usu1185\/2023\/05\/futbol-adaptat_page-0002-1024x724.jpg 1024w, https:\/\/serveiseducatius.xtec.cat\/garraf\/wp-content\/uploads\/usu1185\/2023\/05\/futbol-adaptat_page-0002-768x543.jpg 768w\" sizes=\"auto, (max-width: 549px) 100vw, 549px\" \/><\/p>\n","protected":false},"excerpt":{"rendered":"<p>El Base Vilanova t\u00e9 un nou equip de Futbol 7 per a persones amb discapacitat f\u00edsica cerebral en el que hi col\u00b7laboren l&#8217;Ajuntament de la ciutat i la Federaci\u00f3 Catalana de Paral\u00edtics Cerebrals (FECPC). El t\u00e8cnic Andreu\u00a0Llorens\u00a0\u00e9s qui es far\u00e0 c\u00e0rrec de l\u2019equip. L\u2019entrenador de la\u00a0FECPC I\u00f1aki Requena, juntament amb Isabel Pujadas, fisioterapeuta de l\u2019EAP [&hellip;]<\/p>\n","protected":false},"author":10,"featured_media":16028,"comment_status":"closed","ping_status":"closed","sticky":true,"template":"","format":"standard","meta":{"_bbp_topic_count":0,"_bbp_reply_count":0,"_bbp_total_topic_count":0,"_bbp_total_reply_count":0,"_bbp_voice_count":0,"_bbp_anonymous_reply_count":0,"_bbp_topic_count_hidden":0,"_bbp_reply_count_hidden":0,"_bbp_forum_subforum_count":0,"site-sidebar-layout":"default","site-content-layout":"","ast-site-content-layout":"","site-content-style":"default","site-sidebar-style":"default","ast-global-header-display":"","ast-banner-title-visibility":"","ast-main-header-display":"","ast-hfb-above-header-display":"","ast-hfb-below-header-display":"","ast-hfb-mobile-header-display":"","site-post-title":"","ast-breadcrumbs-content":"","ast-featured-img":"","footer-sml-layout":"","theme-transparent-header-meta":"","adv-header-id-meta":"","stick-header-meta":"","header-above-stick-meta":"","header-main-stick-meta":"","header-below-stick-meta":"","astra-migrate-meta-layouts":"default","ast-page-background-enabled":"default","ast-page-background-meta":{"desktop":{"background-color":"var(--ast-global-color-4)","background-image":"","background-repeat":"repeat","background-position":"center center","background-size":"auto","background-attachment":"scroll","background-type":"","background-media":"","overlay-type":"","overlay-color":"","overlay-opacity":"","overlay-gradient":""},"tablet":{"background-color":"","background-image":"","background-repeat":"repeat","background-position":"center center","background-size":"auto","background-attachment":"scroll","background-type":"","background-media":"","overlay-type":"","overlay-color":"","overlay-opacity":"","overlay-gradient":""},"mobile":{"background-color":"","background-image":"","background-repeat":"repeat","background-position":"center center","background-size":"auto","background-attachment":"scroll","background-type":"","background-media":"","overlay-type":"","overlay-color":"","overlay-opacity":"","overlay-gradient":""}},"ast-content-background-meta":{"desktop":{"background-color":"var(--ast-global-color-5)","background-image":"","background-repeat":"repeat","background-position":"center center","background-size":"auto","background-attachment":"scroll","background-type":"","background-media":"","overlay-type":"","overlay-color":"","overlay-opacity":"","overlay-gradient":""},"tablet":{"background-color":"var(--ast-global-color-5)","background-image":"","background-repeat":"repeat","background-position":"center center","background-size":"auto","background-attachment":"scroll","background-type":"","background-media":"","overlay-type":"","overlay-color":"","overlay-opacity":"","overlay-gradient":""},"mobile":{"background-color":"var(--ast-global-color-5)","background-image":"","background-repeat":"repeat","background-position":"center center","background-size":"auto","background-attachment":"scroll","background-type":"","background-media":"","overlay-type":"","overlay-color":"","overlay-opacity":"","overlay-gradient":""}},"footnotes":""},"categories":[1,29],"tags":[],"class_list":["post-16423","post","type-post","status-publish","format-standard","has-post-thumbnail","hentry","category-general","category-portada"],"post_mailing_queue_ids":[],"_links":{"self":[{"href":"https:\/\/serveiseducatius.xtec.cat\/garraf\/wp-json\/wp\/v2\/posts\/16423","targetHints":{"allow":["GET"]}}],"collection":[{"href":"https:\/\/serveiseducatius.xtec.cat\/garraf\/wp-json\/wp\/v2\/posts"}],"about":[{"href":"https:\/\/serveiseducatius.xtec.cat\/garraf\/wp-json\/wp\/v2\/types\/post"}],"author":[{"embeddable":true,"href":"https:\/\/serveiseducatius.xtec.cat\/garraf\/wp-json\/wp\/v2\/users\/10"}],"replies":[{"embeddable":true,"href":"https:\/\/serveiseducatius.xtec.cat\/garraf\/wp-json\/wp\/v2\/comments?post=16423"}],"version-history":[{"count":3,"href":"https:\/\/serveiseducatius.xtec.cat\/garraf\/wp-json\/wp\/v2\/posts\/16423\/revisions"}],"predecessor-version":[{"id":16443,"href":"https:\/\/serveiseducatius.xtec.cat\/garraf\/wp-json\/wp\/v2\/posts\/16423\/revisions\/16443"}],"wp:featuredmedia":[{"embeddable":true,"href":"https:\/\/serveiseducatius.xtec.cat\/garraf\/wp-json\/wp\/v2\/media\/16028"}],"wp:attachment":[{"href":"https:\/\/serveiseducatius.xtec.cat\/garraf\/wp-json\/wp\/v2\/media?parent=16423"}],"wp:term":[{"taxonomy":"category","embeddable":true,"href":"https:\/\/serveiseducatius.xtec.cat\/garraf\/wp-json\/wp\/v2\/categories?post=16423"},{"taxonomy":"post_tag","embeddable":true,"href":"https:\/\/serveiseducatius.xtec.cat\/garraf\/wp-json\/wp\/v2\/tags?post=16423"}],"curies":[{"name":"wp","href":"https:\/\/api.w.org\/{rel}","templated":true}]}}