{"id":16128,"date":"2023-03-03T09:06:47","date_gmt":"2023-03-03T08:06:47","guid":{"rendered":"https:\/\/serveiseducatius.xtec.cat\/garraf\/?p=16128"},"modified":"2023-03-03T09:07:01","modified_gmt":"2023-03-03T08:07:01","slug":"xerrada-lobra-i-el-calat-de-gianni-rodari","status":"publish","type":"post","link":"https:\/\/serveiseducatius.xtec.cat\/garraf\/general\/xerrada-lobra-i-el-calat-de-gianni-rodari\/","title":{"rendered":"Xerrada &#8220;L&#8217;obra i el calat de Gianni Rodari&#8221;"},"content":{"rendered":"<p><img loading=\"lazy\" decoding=\"async\" class=\"wp-image-16129 alignleft\" src=\"https:\/\/serveiseducatius.xtec.cat\/garraf\/wp-content\/uploads\/usu1185\/2023\/03\/xerrada-Teresa-Duran_marc-3_page-0001.jpg\" alt=\"\" width=\"352\" height=\"370\" srcset=\"https:\/\/serveiseducatius.xtec.cat\/garraf\/wp-content\/uploads\/usu1185\/2023\/03\/xerrada-Teresa-Duran_marc-3_page-0001.jpg 1705w, https:\/\/serveiseducatius.xtec.cat\/garraf\/wp-content\/uploads\/usu1185\/2023\/03\/xerrada-Teresa-Duran_marc-3_page-0001-285x300.jpg 285w, https:\/\/serveiseducatius.xtec.cat\/garraf\/wp-content\/uploads\/usu1185\/2023\/03\/xerrada-Teresa-Duran_marc-3_page-0001-974x1024.jpg 974w, https:\/\/serveiseducatius.xtec.cat\/garraf\/wp-content\/uploads\/usu1185\/2023\/03\/xerrada-Teresa-Duran_marc-3_page-0001-768x808.jpg 768w, https:\/\/serveiseducatius.xtec.cat\/garraf\/wp-content\/uploads\/usu1185\/2023\/03\/xerrada-Teresa-Duran_marc-3_page-0001-1461x1536.jpg 1461w\" sizes=\"auto, (max-width: 352px) 100vw, 352px\" \/>El proper 16 de mar\u00e7 de 17&#8217;30 a 19h, a Can Mata (Saifores), tindr\u00e0 lloc la xerrada &#8220;L&#8217;obra i el calat de Gianni Rodari&#8221; c\u00e0rrec de Teresa Duran i organitzada pel Seminari de Biblioteca escolar Marta Matas que forma part de la Fundaci\u00f3 Marta Mata Garriga.<\/p>\n<p>Esperem que sigui del vostre inter\u00e9s.<\/p>\n<p>Per m\u00e9s informaci\u00f3 i <a href=\"https:\/\/docs.google.com\/forms\/d\/1HQVQfRjvuNoj3a1W4M7pxFp7B3AKPNeC-PoZaTMpaQI\/viewform?edit_requested=true\">inscripcions<\/a>, descarregueu-vos la <a href=\"https:\/\/drive.google.com\/file\/d\/1kh6DHQ7m-_tjoWu9nbYOB3TPqOz2dXhT\/view?usp=share_link\">infografia<\/a>.<\/p>\n","protected":false},"excerpt":{"rendered":"<p>El proper 16 de mar\u00e7 de 17&#8217;30 a 19h, a Can Mata (Saifores), tindr\u00e0 lloc la xerrada &#8220;L&#8217;obra i el calat de Gianni Rodari&#8221; c\u00e0rrec de Teresa Duran i organitzada pel Seminari de Biblioteca escolar Marta Matas que forma part de la Fundaci\u00f3 Marta Mata Garriga. Esperem que sigui del vostre inter\u00e9s. Per m\u00e9s informaci\u00f3 [&hellip;]<\/p>\n","protected":false},"author":10,"featured_media":16129,"comment_status":"closed","ping_status":"closed","sticky":true,"template":"","format":"standard","meta":{"_bbp_topic_count":0,"_bbp_reply_count":0,"_bbp_total_topic_count":0,"_bbp_total_reply_count":0,"_bbp_voice_count":0,"_bbp_anonymous_reply_count":0,"_bbp_topic_count_hidden":0,"_bbp_reply_count_hidden":0,"_bbp_forum_subforum_count":0,"site-sidebar-layout":"default","site-content-layout":"","ast-site-content-layout":"","site-content-style":"default","site-sidebar-style":"default","ast-global-header-display":"","ast-banner-title-visibility":"","ast-main-header-display":"","ast-hfb-above-header-display":"","ast-hfb-below-header-display":"","ast-hfb-mobile-header-display":"","site-post-title":"","ast-breadcrumbs-content":"","ast-featured-img":"","footer-sml-layout":"","theme-transparent-header-meta":"","adv-header-id-meta":"","stick-header-meta":"","header-above-stick-meta":"","header-main-stick-meta":"","header-below-stick-meta":"","astra-migrate-meta-layouts":"default","ast-page-background-enabled":"default","ast-page-background-meta":{"desktop":{"background-color":"var(--ast-global-color-4)","background-image":"","background-repeat":"repeat","background-position":"center center","background-size":"auto","background-attachment":"scroll","background-type":"","background-media":"","overlay-type":"","overlay-color":"","overlay-opacity":"","overlay-gradient":""},"tablet":{"background-color":"","background-image":"","background-repeat":"repeat","background-position":"center center","background-size":"auto","background-attachment":"scroll","background-type":"","background-media":"","overlay-type":"","overlay-color":"","overlay-opacity":"","overlay-gradient":""},"mobile":{"background-color":"","background-image":"","background-repeat":"repeat","background-position":"center center","background-size":"auto","background-attachment":"scroll","background-type":"","background-media":"","overlay-type":"","overlay-color":"","overlay-opacity":"","overlay-gradient":""}},"ast-content-background-meta":{"desktop":{"background-color":"var(--ast-global-color-5)","background-image":"","background-repeat":"repeat","background-position":"center center","background-size":"auto","background-attachment":"scroll","background-type":"","background-media":"","overlay-type":"","overlay-color":"","overlay-opacity":"","overlay-gradient":""},"tablet":{"background-color":"var(--ast-global-color-5)","background-image":"","background-repeat":"repeat","background-position":"center center","background-size":"auto","background-attachment":"scroll","background-type":"","background-media":"","overlay-type":"","overlay-color":"","overlay-opacity":"","overlay-gradient":""},"mobile":{"background-color":"var(--ast-global-color-5)","background-image":"","background-repeat":"repeat","background-position":"center center","background-size":"auto","background-attachment":"scroll","background-type":"","background-media":"","overlay-type":"","overlay-color":"","overlay-opacity":"","overlay-gradient":""}},"footnotes":""},"categories":[1,29],"tags":[],"class_list":["post-16128","post","type-post","status-publish","format-standard","has-post-thumbnail","hentry","category-general","category-portada"],"post_mailing_queue_ids":[],"_links":{"self":[{"href":"https:\/\/serveiseducatius.xtec.cat\/garraf\/wp-json\/wp\/v2\/posts\/16128","targetHints":{"allow":["GET"]}}],"collection":[{"href":"https:\/\/serveiseducatius.xtec.cat\/garraf\/wp-json\/wp\/v2\/posts"}],"about":[{"href":"https:\/\/serveiseducatius.xtec.cat\/garraf\/wp-json\/wp\/v2\/types\/post"}],"author":[{"embeddable":true,"href":"https:\/\/serveiseducatius.xtec.cat\/garraf\/wp-json\/wp\/v2\/users\/10"}],"replies":[{"embeddable":true,"href":"https:\/\/serveiseducatius.xtec.cat\/garraf\/wp-json\/wp\/v2\/comments?post=16128"}],"version-history":[{"count":3,"href":"https:\/\/serveiseducatius.xtec.cat\/garraf\/wp-json\/wp\/v2\/posts\/16128\/revisions"}],"predecessor-version":[{"id":16133,"href":"https:\/\/serveiseducatius.xtec.cat\/garraf\/wp-json\/wp\/v2\/posts\/16128\/revisions\/16133"}],"wp:featuredmedia":[{"embeddable":true,"href":"https:\/\/serveiseducatius.xtec.cat\/garraf\/wp-json\/wp\/v2\/media\/16129"}],"wp:attachment":[{"href":"https:\/\/serveiseducatius.xtec.cat\/garraf\/wp-json\/wp\/v2\/media?parent=16128"}],"wp:term":[{"taxonomy":"category","embeddable":true,"href":"https:\/\/serveiseducatius.xtec.cat\/garraf\/wp-json\/wp\/v2\/categories?post=16128"},{"taxonomy":"post_tag","embeddable":true,"href":"https:\/\/serveiseducatius.xtec.cat\/garraf\/wp-json\/wp\/v2\/tags?post=16128"}],"curies":[{"name":"wp","href":"https:\/\/api.w.org\/{rel}","templated":true}]}}