{"id":15908,"date":"2025-09-22T08:45:35","date_gmt":"2025-09-22T06:45:35","guid":{"rendered":"https:\/\/serveiseducatius.xtec.cat\/garraf\/?p=15908"},"modified":"2025-09-22T16:07:33","modified_gmt":"2025-09-22T14:07:33","slug":"segona-edicio-del-curs-deducacio-per-a-la-mobilitat-segura-formacio-per-al-professorat-2022-2023","status":"publish","type":"post","link":"https:\/\/serveiseducatius.xtec.cat\/garraf\/general\/segona-edicio-del-curs-deducacio-per-a-la-mobilitat-segura-formacio-per-al-professorat-2022-2023\/","title":{"rendered":"Curs d\u2019educaci\u00f3 per a la mobilitat segura, formaci\u00f3 per al professorat 2024-2025"},"content":{"rendered":"<p><a href=\"https:\/\/edums.gencat.cat\/ca\/activitats\/noticies\/detalls\/noticia\/20240912-curs-mobilitat-segura-2024-2025-primera-edicio\"><img loading=\"lazy\" decoding=\"async\" class=\"alignleft wp-image-15909\" src=\"https:\/\/serveiseducatius.xtec.cat\/garraf\/wp-content\/uploads\/usu1185\/2023\/01\/mobilitat.jpg\" alt=\"\" width=\"573\" height=\"421\" srcset=\"https:\/\/serveiseducatius.xtec.cat\/garraf\/wp-content\/uploads\/usu1185\/2023\/01\/mobilitat.jpg 749w, https:\/\/serveiseducatius.xtec.cat\/garraf\/wp-content\/uploads\/usu1185\/2023\/01\/mobilitat-300x221.jpg 300w\" sizes=\"auto, (max-width: 573px) 100vw, 573px\" \/><\/a>S\u2019inicia el 1r torn del curs d\u2019educaci\u00f3 per a la mobilitat segura adre\u00e7at al professorat de prim\u00e0ria i secund\u00e0ria.<\/p>\n<p>La formaci\u00f3 \u00e9s totalment virtual i t\u00e9 una durada de 30 hores formatives que cada persona pot adaptar al seu horari. L&#8217;objectiu principal \u00e9s integrar a l&#8217;aula el model did\u00e0ctic de prevenci\u00f3 d&#8217;accidents i que els i les participants puguin con\u00e8ixer i utilitzar diferents recursos pedag\u00f2gics per posar en pr\u00e0ctica activitats formatives relacionades amb la mobilitat segura.<\/p>\n<p>Les dates de realitzaci\u00f3 s\u00f3n del 13 d&#8217;octubre al 29 de gener de 2026.<\/p>\n<p><strong>Per\u00edode d\u2019<a href=\"https:\/\/edums.gencat.cat\/ca\/activitats\/noticies\/detalls\/noticia\/Formacio-en-educacio-per-a-la-mobilitat-segura-per-al-professorat-Primera-edicio-2025-2026\">inscripci\u00f3<\/a> de l&#8217;1 al 28 de setembre.<\/strong><\/p>\n<p>&nbsp;<\/p>\n","protected":false},"excerpt":{"rendered":"<p>S\u2019inicia el 1r torn del curs d\u2019educaci\u00f3 per a la mobilitat segura adre\u00e7at al professorat de prim\u00e0ria i secund\u00e0ria. La formaci\u00f3 \u00e9s totalment virtual i t\u00e9 una durada de 30 hores formatives que cada persona pot adaptar al seu horari. L&#8217;objectiu principal \u00e9s integrar a l&#8217;aula el model did\u00e0ctic de prevenci\u00f3 d&#8217;accidents i que els [&hellip;]<\/p>\n","protected":false},"author":10,"featured_media":15909,"comment_status":"closed","ping_status":"closed","sticky":true,"template":"","format":"standard","meta":{"_bbp_topic_count":0,"_bbp_reply_count":0,"_bbp_total_topic_count":0,"_bbp_total_reply_count":0,"_bbp_voice_count":0,"_bbp_anonymous_reply_count":0,"_bbp_topic_count_hidden":0,"_bbp_reply_count_hidden":0,"_bbp_forum_subforum_count":0,"site-sidebar-layout":"default","site-content-layout":"","ast-site-content-layout":"","site-content-style":"default","site-sidebar-style":"default","ast-global-header-display":"","ast-banner-title-visibility":"","ast-main-header-display":"","ast-hfb-above-header-display":"","ast-hfb-below-header-display":"","ast-hfb-mobile-header-display":"","site-post-title":"","ast-breadcrumbs-content":"","ast-featured-img":"","footer-sml-layout":"","theme-transparent-header-meta":"","adv-header-id-meta":"","stick-header-meta":"","header-above-stick-meta":"","header-main-stick-meta":"","header-below-stick-meta":"","astra-migrate-meta-layouts":"default","ast-page-background-enabled":"default","ast-page-background-meta":{"desktop":{"background-color":"var(--ast-global-color-4)","background-image":"","background-repeat":"repeat","background-position":"center center","background-size":"auto","background-attachment":"scroll","background-type":"","background-media":"","overlay-type":"","overlay-color":"","overlay-opacity":"","overlay-gradient":""},"tablet":{"background-color":"","background-image":"","background-repeat":"repeat","background-position":"center center","background-size":"auto","background-attachment":"scroll","background-type":"","background-media":"","overlay-type":"","overlay-color":"","overlay-opacity":"","overlay-gradient":""},"mobile":{"background-color":"","background-image":"","background-repeat":"repeat","background-position":"center center","background-size":"auto","background-attachment":"scroll","background-type":"","background-media":"","overlay-type":"","overlay-color":"","overlay-opacity":"","overlay-gradient":""}},"ast-content-background-meta":{"desktop":{"background-color":"var(--ast-global-color-5)","background-image":"","background-repeat":"repeat","background-position":"center center","background-size":"auto","background-attachment":"scroll","background-type":"","background-media":"","overlay-type":"","overlay-color":"","overlay-opacity":"","overlay-gradient":""},"tablet":{"background-color":"var(--ast-global-color-5)","background-image":"","background-repeat":"repeat","background-position":"center center","background-size":"auto","background-attachment":"scroll","background-type":"","background-media":"","overlay-type":"","overlay-color":"","overlay-opacity":"","overlay-gradient":""},"mobile":{"background-color":"var(--ast-global-color-5)","background-image":"","background-repeat":"repeat","background-position":"center center","background-size":"auto","background-attachment":"scroll","background-type":"","background-media":"","overlay-type":"","overlay-color":"","overlay-opacity":"","overlay-gradient":""}},"footnotes":""},"categories":[456,1,29],"tags":[],"class_list":["post-15908","post","type-post","status-publish","format-standard","has-post-thumbnail","hentry","category-formacio","category-general","category-portada"],"post_mailing_queue_ids":[],"_links":{"self":[{"href":"https:\/\/serveiseducatius.xtec.cat\/garraf\/wp-json\/wp\/v2\/posts\/15908","targetHints":{"allow":["GET"]}}],"collection":[{"href":"https:\/\/serveiseducatius.xtec.cat\/garraf\/wp-json\/wp\/v2\/posts"}],"about":[{"href":"https:\/\/serveiseducatius.xtec.cat\/garraf\/wp-json\/wp\/v2\/types\/post"}],"author":[{"embeddable":true,"href":"https:\/\/serveiseducatius.xtec.cat\/garraf\/wp-json\/wp\/v2\/users\/10"}],"replies":[{"embeddable":true,"href":"https:\/\/serveiseducatius.xtec.cat\/garraf\/wp-json\/wp\/v2\/comments?post=15908"}],"version-history":[{"count":6,"href":"https:\/\/serveiseducatius.xtec.cat\/garraf\/wp-json\/wp\/v2\/posts\/15908\/revisions"}],"predecessor-version":[{"id":18213,"href":"https:\/\/serveiseducatius.xtec.cat\/garraf\/wp-json\/wp\/v2\/posts\/15908\/revisions\/18213"}],"wp:featuredmedia":[{"embeddable":true,"href":"https:\/\/serveiseducatius.xtec.cat\/garraf\/wp-json\/wp\/v2\/media\/15909"}],"wp:attachment":[{"href":"https:\/\/serveiseducatius.xtec.cat\/garraf\/wp-json\/wp\/v2\/media?parent=15908"}],"wp:term":[{"taxonomy":"category","embeddable":true,"href":"https:\/\/serveiseducatius.xtec.cat\/garraf\/wp-json\/wp\/v2\/categories?post=15908"},{"taxonomy":"post_tag","embeddable":true,"href":"https:\/\/serveiseducatius.xtec.cat\/garraf\/wp-json\/wp\/v2\/tags?post=15908"}],"curies":[{"name":"wp","href":"https:\/\/api.w.org\/{rel}","templated":true}]}}